{"id":303542,"date":"2025-08-07T20:28:16","date_gmt":"2025-08-07T20:28:16","guid":{"rendered":"https:\/\/www.europesays.com\/fr\/303542\/"},"modified":"2025-08-07T20:28:16","modified_gmt":"2025-08-07T20:28:16","slug":"lalsace-en-24h-chrono-a-21-h-au-parc-de-la-bergerie-entre-barbecues-interculturels-promeneurs-et-moutons","status":"publish","type":"post","link":"https:\/\/www.europesays.com\/fr\/303542\/","title":{"rendered":"L&rsquo;Alsace en 24h chrono. \u00c0 21 h au parc de la Bergerie, entre barbecues interculturels, promeneurs et\u2026 moutons"},"content":{"rendered":"<p>\u00ab Ces arbres fruitiers nous rappellent que la Bergerie, comme son nom l\u2019indique bien, \u00e9tait un parc \u00e0 moutons \u00bb, sourit Isabelle avec sa petite Gina \u2013 pr\u00e9cieux Yorkshire \u2013 dans les bras. Cette habitu\u00e9e de ces 7 hectares de pelouse arbor\u00e9e s\u00e9parant la Cit\u00e9 nucl\u00e9aire du Vieux-Cronenbourg rebrousse chemin apr\u00e8s avoir c\u00e9d\u00e9 \u00e0 son petit rituel quotidien : balade du chien et causerie avec d\u2019autres riverains.<\/p>\n<p>Les souvenirs m\u00eame les plus lointains (appuy\u00e9s par quelques archives) refont alors surface. Quand l\u2019ancien terrain militaire baptis\u00e9 \u201cExerzierplatz\u201d \u2013 terrain de jeu apr\u00e8s-guerre des bandes rivales de Schiltigheim et Cronenbourg \u2013 voit arriver dans les ann\u00e9es 60, 400 moutons. Exit la guerre\u2026 des boutons.<\/p>\n<p>Un parc inaugur\u00e9 en 1995<\/p>\n<p>Le berger Michel de Mertzwiller et son chien Mirza veillent au grain depuis leur roulotte. Le troupeau migrera ensuite vers la Wantzenau et la&#8230;<\/p>\n","protected":false},"excerpt":{"rendered":"\u00ab Ces arbres fruitiers nous rappellent que la Bergerie, comme son nom l\u2019indique bien, \u00e9tait un parc \u00e0&hellip;\n","protected":false},"author":2,"featured_media":303543,"comment_status":"","ping_status":"","sticky":false,"template":"","format":"standard","meta":{"footnotes":""},"categories":[2820],"tags":[1111,11,2389,2649,1777,674,107,1011,27,5325,2798,775,1908,12,25,104,640,133],"class_list":{"0":"post-303542","1":"post","2":"type-post","3":"status-publish","4":"format-standard","5":"has-post-thumbnail","7":"category-strasbourg","8":"tag-actu","9":"tag-actualites","10":"tag-alsace","11":"tag-bas-rhin","12":"tag-eu","13":"tag-europe","14":"tag-fil-info","15":"tag-fr","16":"tag-france","17":"tag-galerie-media","18":"tag-galerie-photo","19":"tag-grand-est","20":"tag-logement","21":"tag-news","22":"tag-republique-francaise","23":"tag-societe","24":"tag-strasbourg","25":"tag-video"},"share_on_mastodon":{"url":"https:\/\/pubeurope.com\/@fr\/114989374100704230","error":""},"_links":{"self":[{"href":"https:\/\/www.europesays.com\/fr\/wp-json\/wp\/v2\/posts\/303542","targetHints":{"allow":["GET"]}}],"collection":[{"href":"https:\/\/www.europesays.com\/fr\/wp-json\/wp\/v2\/posts"}],"about":[{"href":"https:\/\/www.europesays.com\/fr\/wp-json\/wp\/v2\/types\/post"}],"author":[{"embeddable":true,"href":"https:\/\/www.europesays.com\/fr\/wp-json\/wp\/v2\/users\/2"}],"replies":[{"embeddable":true,"href":"https:\/\/www.europesays.com\/fr\/wp-json\/wp\/v2\/comments?post=303542"}],"version-history":[{"count":0,"href":"https:\/\/www.europesays.com\/fr\/wp-json\/wp\/v2\/posts\/303542\/revisions"}],"wp:featuredmedia":[{"embeddable":true,"href":"https:\/\/www.europesays.com\/fr\/wp-json\/wp\/v2\/media\/303543"}],"wp:attachment":[{"href":"https:\/\/www.europesays.com\/fr\/wp-json\/wp\/v2\/media?parent=303542"}],"wp:term":[{"taxonomy":"category","embeddable":true,"href":"https:\/\/www.europesays.com\/fr\/wp-json\/wp\/v2\/categories?post=303542"},{"taxonomy":"post_tag","embeddable":true,"href":"https:\/\/www.europesays.com\/fr\/wp-json\/wp\/v2\/tags?post=303542"}],"curies":[{"name":"wp","href":"https:\/\/api.w.org\/{rel}","templated":true}]}}