{"id":303546,"date":"2025-08-07T20:30:11","date_gmt":"2025-08-07T20:30:11","guid":{"rendered":"https:\/\/www.europesays.com\/fr\/303546\/"},"modified":"2025-08-07T20:30:11","modified_gmt":"2025-08-07T20:30:11","slug":"cest-quoi-la-castellada-cette-fete-qui-celebre-lhistoire-de-nice-pendant-dix-jours-sur-la-colline-du-chateau","status":"publish","type":"post","link":"https:\/\/www.europesays.com\/fr\/303546\/","title":{"rendered":"C\u2019est quoi la Castellada, cette f\u00eate qui c\u00e9l\u00e8bre l\u2019histoire de Nice pendant dix jours sur la colline du Ch\u00e2teau?"},"content":{"rendered":"<p>La Castellada est entr\u00e9e dans la danse estivale. Jusqu\u2019au 19 ao\u00fbt, la traditionnelle d\u00e9ambulation nocturne \u00e0 travers l\u2019histoire de Nice reprend sur la colline du Ch\u00e2teau.<\/p>\n<p>Tous les soirs, durant deux heures et demie, la Ville de Nice propose une visite-spectacle nocturne sur l\u2019un des plus beaux sites ni\u00e7ois (1).<\/p>\n<p>C\u2019est la Compagnie Miranda qui investit ce lieu embl\u00e9matique pour faire revivre le pass\u00e9 local sous forme de sc\u00e8nes th\u00e9\u00e2trales.<\/p>\n<p>Musiciens, chanteurs et com\u00e9diens, costum\u00e9s, chapeaut\u00e9s, perruqu\u00e9s, retracent les grands \u00e9pisodes de la cit\u00e9 et mettent en lumi\u00e8re des figures qui ont marqu\u00e9 son destin: Catherine Segurane durant le si\u00e8ge de Nice de 1543, Louis XIV, responsable de la destruction du Ch\u00e2teau, l\u2019h\u00e9ro\u00efque Giuseppe Garibaldi\u2026<\/p>\n<p>Onze sayn\u00e8tes, accompagn\u00e9es d\u2019effets sonores et lumineux, plongent les spectateurs dans une odyss\u00e9e sous les \u00e9toiles, m\u00ealant \u00e9motions, rires et partage de connaissances. Et en plus, la vue est unique\u2026<\/p>\n<p>Accessible \u00e0 tous<\/p>\n<p>Pour cette le\u00e7on d\u2019histoire vivante, on peut monter sur la colline \u00e0 pied par l\u2019escalier conduisant \u00e0 la tour Bellanda, en voiture par la mont\u00e9e Montfort et stationnement le long de l\u2019all\u00e9e Professeur Beno\u00eet. Les personnes \u00e0 mobilit\u00e9 r\u00e9duite peuvent aller en voiture jusqu\u2019au plateau sup\u00e9rieur.<\/p>\n<p>Attention cependant: le site comporte des d\u00e9nivel\u00e9s naturels qui pourraient rendre certaines parties difficilement accessibles.<\/p>\n<p>1. La Castellada, tous les soirs jusqu\u2019au 19 ao\u00fbt, de 21h \u00e0 23h30. Accueil du public \u00e0 20h sur le plateau sportif, devant le snack.<\/p>\n<p>Tarifs: 9 \u00e0 12 euros (33 euros pour une famille de deux adultes et deux enfants, 7 euros par enfant suppl\u00e9mentaire.<\/p>\n<p>Billetterie: <a href=\"http:\/\/Centredupatrimoinevdn.tickeasy.com\/fr-FR\/produits\" target=\"_blank\" rel=\"noopener\">Centredupatrimoinevdn.tickeasy.com\/fr-FR\/produits<\/a><\/p>\n","protected":false},"excerpt":{"rendered":"La Castellada est entr\u00e9e dans la danse estivale. Jusqu\u2019au 19 ao\u00fbt, la traditionnelle d\u00e9ambulation nocturne \u00e0 travers l\u2019histoire&hellip;\n","protected":false},"author":2,"featured_media":303547,"comment_status":"","ping_status":"","sticky":false,"template":"","format":"standard","meta":{"footnotes":""},"categories":[2819],"tags":[1111,11,1777,674,1011,27,1393,12,2401,882,25],"class_list":{"0":"post-303546","1":"post","2":"type-post","3":"status-publish","4":"format-standard","5":"has-post-thumbnail","7":"category-nice","8":"tag-actu","9":"tag-actualites","10":"tag-eu","11":"tag-europe","12":"tag-fr","13":"tag-france","14":"tag-loisirs","15":"tag-news","16":"tag-nice","17":"tag-provence-alpes-cote-dazur","18":"tag-republique-francaise"},"share_on_mastodon":{"url":"https:\/\/pubeurope.com\/@fr\/114989381923795978","error":""},"_links":{"self":[{"href":"https:\/\/www.europesays.com\/fr\/wp-json\/wp\/v2\/posts\/303546","targetHints":{"allow":["GET"]}}],"collection":[{"href":"https:\/\/www.europesays.com\/fr\/wp-json\/wp\/v2\/posts"}],"about":[{"href":"https:\/\/www.europesays.com\/fr\/wp-json\/wp\/v2\/types\/post"}],"author":[{"embeddable":true,"href":"https:\/\/www.europesays.com\/fr\/wp-json\/wp\/v2\/users\/2"}],"replies":[{"embeddable":true,"href":"https:\/\/www.europesays.com\/fr\/wp-json\/wp\/v2\/comments?post=303546"}],"version-history":[{"count":0,"href":"https:\/\/www.europesays.com\/fr\/wp-json\/wp\/v2\/posts\/303546\/revisions"}],"wp:featuredmedia":[{"embeddable":true,"href":"https:\/\/www.europesays.com\/fr\/wp-json\/wp\/v2\/media\/303547"}],"wp:attachment":[{"href":"https:\/\/www.europesays.com\/fr\/wp-json\/wp\/v2\/media?parent=303546"}],"wp:term":[{"taxonomy":"category","embeddable":true,"href":"https:\/\/www.europesays.com\/fr\/wp-json\/wp\/v2\/categories?post=303546"},{"taxonomy":"post_tag","embeddable":true,"href":"https:\/\/www.europesays.com\/fr\/wp-json\/wp\/v2\/tags?post=303546"}],"curies":[{"name":"wp","href":"https:\/\/api.w.org\/{rel}","templated":true}]}}