{"id":303556,"date":"2025-08-07T20:35:11","date_gmt":"2025-08-07T20:35:11","guid":{"rendered":"https:\/\/www.europesays.com\/fr\/303556\/"},"modified":"2025-08-07T20:35:11","modified_gmt":"2025-08-07T20:35:11","slug":"plus-de-40-c-attendus-a-bordeaux-une-nouvelle-vague-de-chaleur-frappe-le-sud-ouest","status":"publish","type":"post","link":"https:\/\/www.europesays.com\/fr\/303556\/","title":{"rendered":"Plus de 40 \u00b0C attendus \u00e0 Bordeaux, une nouvelle vague de chaleur frappe le Sud-Ouest"},"content":{"rendered":"<p><strong>canicule &#8211; L\u2019\u00e9pisode caniculaire qui a d\u00e9marr\u00e9 ce jeudi devrait se poursuivre dimanche et lundi sur une large moiti\u00e9 Sud, avec de possibles temp\u00e9ratures \u00e0 plus de 40 \u00b0C \u00e0 Bordeaux, annonce M\u00e9t\u00e9o-France<\/strong><\/p>\n<p>Le mercure a sacr\u00e9ment grimp\u00e9 ce jeudi dans le <a href=\"https:\/\/www.20minutes.fr\/dossier\/sud-ouest?at_medium=RSS%20feed&amp;at_campaign=ynews&amp;utm_source=yahoo&amp;utm_medium=rss&amp;utm_campaign=news_feed&amp;utm_content=in_article_link\" rel=\"nofollow noopener\" target=\"_blank\" data-ylk=\"slk:sud-ouest;elm:context_link;itc:0;sec:content-canvas\" class=\"link \">sud-ouest<\/a> de la France. Et ce n\u2019est qu\u2019un avant-go\u00fbt de ce qui attend habitants et touristes. Pour la journ\u00e9e de vendredi, onze d\u00e9partements, dont six dans le Sud-Ouest (Hautes-Pyr\u00e9n\u00e9es, Haute-Garonne, Tarn, Tarn-et-Garonne, Lot et Aveyron), ont \u00e9t\u00e9 plac\u00e9s en <a href=\"https:\/\/www.20minutes.fr\/societe\/4167083-20250807-alerte-canicule-etend-six-departements-supplementaires-portant-onze-nombre-departements-touches?at_medium=RSS%20feed&amp;at_campaign=ynews&amp;utm_source=yahoo&amp;utm_medium=rss&amp;utm_campaign=news_feed&amp;utm_content=in_article_link\" rel=\"nofollow noopener\" target=\"_blank\" data-ylk=\"slk:vigilance orange;elm:context_link;itc:0;sec:content-canvas\" class=\"link \">vigilance orange<\/a> pour canicule. Et quelque 24 autres de la moiti\u00e9 Sud, sont plac\u00e9s pour leur part en vigilance jaune.<\/p>\n<p>Vendredi, <a href=\"https:\/\/meteofrance.com\/actualites-et-dossiers\/actualites\/retour-du-soleil-et-de-la-chaleur-par-le-sud-cette-semaine?at_medium=RSS%20feed&amp;at_campaign=ynews&amp;utm_source=yahoo&amp;utm_medium=rss&amp;utm_campaign=news_feed&amp;utm_content=in_article_link\" rel=\"nofollow noopener\" target=\"_blank\" data-ylk=\"slk:on devrait enregistrer des pointes \u00e0 39 \u00b0C;elm:context_link;itc:0;sec:content-canvas\" class=\"link \">on devrait enregistrer des pointes \u00e0 39 \u00b0C<\/a> du Sud-Ouest au Centre-Est, tr\u00e8s localement un peu plus, selon <a href=\"https:\/\/www.20minutes.fr\/dossier\/meteo_france?at_medium=RSS%20feed&amp;at_campaign=ynews&amp;utm_source=yahoo&amp;utm_medium=rss&amp;utm_campaign=news_feed&amp;utm_content=in_article_link\" rel=\"nofollow noopener\" target=\"_blank\" data-ylk=\"slk:M\u00e9t\u00e9o-France;elm:context_link;itc:0;sec:content-canvas\" class=\"link \">M\u00e9t\u00e9o-France<\/a>. Samedi, \u00ab apr\u00e8s une nuit assez chaude avec des valeurs minimales voisines de 20 \u00b0C sur une large moiti\u00e9 Sud, les temp\u00e9ratures maximales pourraient rester stationnaires, voire en l\u00e9g\u00e8re baisse sur la fa\u00e7ade Atlantique et dans le Sud-Ouest. \u00bb Des valeurs souvent comprises entre 36 et 39 \u00b0C sont attendues \u00e0 l\u2019est de la <a href=\"https:\/\/www.20minutes.fr\/dossier\/nouvelle-aquitaine?at_medium=RSS%20feed&amp;at_campaign=ynews&amp;utm_source=yahoo&amp;utm_medium=rss&amp;utm_campaign=news_feed&amp;utm_content=in_article_link\" rel=\"nofollow noopener\" target=\"_blank\" data-ylk=\"slk:Nouvelle-Aquitaine;elm:context_link;itc:0;sec:content-canvas\" class=\"link \">Nouvelle-Aquitaine<\/a>.<\/p>\n<p>\u00ab L\u2019\u00e9pisode caniculaire devrait se poursuivre dimanche et lundi sur une large moiti\u00e9 Sud, avec de possibles temp\u00e9ratures \u00e0 plus de 40 \u00b0C \u00e0 Bordeaux, avant une baisse des temp\u00e9ratures mardi \u00bb, indique \u00e0 l\u2019AFP Laurent Perron, directeur interr\u00e9gional de l\u2019institut m\u00e9t\u00e9orologique pour le Sud-Ouest.<\/p>\n<p>Renforcement de la surveillance des personnes fragiles et du risque incendie<\/p>\n<p>Face \u00e0 cette situation, la ville de Bordeaux se mobilise \u00ab pour accompagner au mieux les personnes fragiles et les plus vuln\u00e9rables, notamment les seniors et les personnes vivant \u00e0 la rue \u00bb. Pour les personnes sans-abri, l\u2019acc\u00e8s aux d(&#8230;)<\/p>\n<p><a href=\"https:\/\/www.20minutes.fr\/planete\/4167079-20250807-meteo-plus-40-attendus-bordeaux-nouvelle-vague-chaleur-frappe-sud-ouest?at_medium=RSS%20feed&amp;at_campaign=ynews&amp;utm_source=yahoo&amp;utm_medium=rss&amp;utm_campaign=news_feed&amp;utm_content=read_more_link\" rel=\"nofollow noopener\" target=\"_blank\" data-ylk=\"slk:Lire la suite sur 20minutes;elm:context_link;itc:0;sec:content-canvas\" class=\"link \">Lire la suite sur 20minutes<\/a><\/p>\n<p>\u00c0 lire aussi :<br \/><a href=\"https:\/\/www.20minutes.fr\/societe\/4167083-20250807-alerte-canicule-etend-six-departements-supplementaires-portant-onze-nombre-departements-touches?at_medium=RSS%20feed&amp;at_campaign=ynews&amp;utm_source=yahoo&amp;utm_medium=rss&amp;utm_campaign=news_feed&amp;utm_content=related_content_link\" rel=\"nofollow noopener\" target=\"_blank\" data-ylk=\"slk:L\u2019alerte canicule s\u2019\u00e9tend, 11 d\u00e9partements d\u00e9sormais plac\u00e9s en vigilance orange vendredi;elm:context_link;itc:0;sec:content-canvas\" class=\"link \">L\u2019alerte canicule s\u2019\u00e9tend, 11 d\u00e9partements d\u00e9sormais plac\u00e9s en vigilance orange vendredi<\/a><br \/><a href=\"https:\/\/www.20minutes.fr\/societe\/4166997-20250807-incendie-aude-perte-intensite-nouvelle-direction-point-feu-ravageur-troisieme-jour?at_medium=RSS%20feed&amp;at_campaign=ynews&amp;utm_source=yahoo&amp;utm_medium=rss&amp;utm_campaign=news_feed&amp;utm_content=related_content_link\" rel=\"nofollow noopener\" target=\"_blank\" data-ylk=\"slk:Incendie dans l\u2019Aude : Perte d\u2019intensit\u00e9, nouvelle direction\u2026 Le point sur le feu ravageur au troisi\u00e8me jour;elm:context_link;itc:0;sec:content-canvas\" class=\"link \">Incendie dans l\u2019Aude : Perte d\u2019intensit\u00e9, nouvelle direction\u2026 Le point sur le feu ravageur au troisi\u00e8me jour<\/a><\/p>\n","protected":false},"excerpt":{"rendered":"canicule &#8211; L\u2019\u00e9pisode caniculaire qui a d\u00e9marr\u00e9 ce jeudi devrait se poursuivre dimanche et lundi sur une large&hellip;\n","protected":false},"author":2,"featured_media":303557,"comment_status":"","ping_status":"","sticky":false,"template":"","format":"standard","meta":{"footnotes":""},"categories":[2817],"tags":[1111,11,1997,1777,674,1011,27,2357,12,2219,25,7053,2224,32421,27202],"class_list":{"0":"post-303556","1":"post","2":"type-post","3":"status-publish","4":"format-standard","5":"has-post-thumbnail","7":"category-bordeaux","8":"tag-actu","9":"tag-actualites","10":"tag-bordeaux","11":"tag-eu","12":"tag-europe","13":"tag-fr","14":"tag-france","15":"tag-meteo-france","16":"tag-news","17":"tag-nouvelle-aquitaine","18":"tag-republique-francaise","19":"tag-sud","20":"tag-sud-ouest","21":"tag-temperatures-maximales","22":"tag-vigilance-orange"},"share_on_mastodon":{"url":"https:\/\/pubeurope.com\/@fr\/114989401621593869","error":""},"_links":{"self":[{"href":"https:\/\/www.europesays.com\/fr\/wp-json\/wp\/v2\/posts\/303556","targetHints":{"allow":["GET"]}}],"collection":[{"href":"https:\/\/www.europesays.com\/fr\/wp-json\/wp\/v2\/posts"}],"about":[{"href":"https:\/\/www.europesays.com\/fr\/wp-json\/wp\/v2\/types\/post"}],"author":[{"embeddable":true,"href":"https:\/\/www.europesays.com\/fr\/wp-json\/wp\/v2\/users\/2"}],"replies":[{"embeddable":true,"href":"https:\/\/www.europesays.com\/fr\/wp-json\/wp\/v2\/comments?post=303556"}],"version-history":[{"count":0,"href":"https:\/\/www.europesays.com\/fr\/wp-json\/wp\/v2\/posts\/303556\/revisions"}],"wp:featuredmedia":[{"embeddable":true,"href":"https:\/\/www.europesays.com\/fr\/wp-json\/wp\/v2\/media\/303557"}],"wp:attachment":[{"href":"https:\/\/www.europesays.com\/fr\/wp-json\/wp\/v2\/media?parent=303556"}],"wp:term":[{"taxonomy":"category","embeddable":true,"href":"https:\/\/www.europesays.com\/fr\/wp-json\/wp\/v2\/categories?post=303556"},{"taxonomy":"post_tag","embeddable":true,"href":"https:\/\/www.europesays.com\/fr\/wp-json\/wp\/v2\/tags?post=303556"}],"curies":[{"name":"wp","href":"https:\/\/api.w.org\/{rel}","templated":true}]}}