{"id":303562,"date":"2025-08-07T20:38:24","date_gmt":"2025-08-07T20:38:24","guid":{"rendered":"https:\/\/www.europesays.com\/fr\/303562\/"},"modified":"2025-08-07T20:38:24","modified_gmt":"2025-08-07T20:38:24","slug":"braderie-de-lille-2025-le-dispositif-des-transports-en-commun-ilevia","status":"publish","type":"post","link":"https:\/\/www.europesays.com\/fr\/303562\/","title":{"rendered":"Braderie de Lille 2025 : le dispositif des transports en commun Il\u00e9via"},"content":{"rendered":"<p style=\"text-align: justify;\">A l\u2019occasion de<strong> l\u2019\u00e9dition 2025<\/strong> de la <strong>c\u00e9l\u00e8bre<\/strong> <strong>Braderie de Lille,<\/strong> <strong>il\u00e9via renforce son offre <\/strong>pour permettre aux <strong>participants de profiter au mieux de l\u2019\u00e9v\u00e9nement<\/strong> le <strong>week-end des 05, 06 et 07 septembre 2025.<\/strong><\/p>\n<p class=\"has-text-align-center\">Plan des Transports en Commun Il\u00e9via<\/p>\n<p><a href=\"https:\/\/www.zoomsurlille.fr\/wp-content\/uploads\/2025\/08\/braderie_lille_2025_plan_ilevia_01.webp\" target=\"_blank\" rel=\"noreferrer noopener\"><img loading=\"lazy\" decoding=\"async\" width=\"1024\" height=\"744\" src=\"https:\/\/www.europesays.com\/fr\/wp-content\/uploads\/2025\/08\/braderie_lille_2025_plan_ilevia_01-1024x744.webp.webp\" alt=\"\" class=\"wp-image-86406\"  \/><\/a><\/p>\n<p class=\"has-text-align-center\">(cliquez sur l\u2019image pour l\u2019agrandir)<\/p>\n<p class=\"has-text-align-center\">M\u00e9tro<\/p>\n<p><a href=\"https:\/\/www.zoomsurlille.fr\/wp-content\/uploads\/2009\/08\/metro_rames.jpg\" target=\"_blank\" rel=\"noopener\"><img loading=\"lazy\" decoding=\"async\" width=\"400\" height=\"300\" src=\"https:\/\/www.europesays.com\/fr\/wp-content\/uploads\/2025\/08\/metro_rames-400x300.jpg\" alt=\"\" class=\"wp-image-574\" title=\"Copyright : Archive Zoom Sur Lille \/ M\u00e9tro\"  \/><\/a><\/p>\n<p style=\"text-align: justify;\"><strong>D\u00e8s le vendredi 05 septembre 2025,<\/strong> les <strong>deux lignes de m\u00e9tro <\/strong>circuleront <strong>une heure de plus,<\/strong> avec <strong>un dernier d\u00e9part \u00e0 1h30 <\/strong>de la <strong>Gare Lille Flandres<\/strong>, au lieu de 00h30<\/p>\n<p style=\"text-align: justify;\"><strong>A partir de 5h<\/strong> le <strong>samedi 06 septembre 2025<\/strong> <strong>jusqu\u2019au dimanche 07 septembre 2025 fin de service,<\/strong> le <strong>m\u00e9tro circulera non-stop<\/strong> (y compris la nuit du samedi au dimanche).<\/p>\n<p style=\"text-align: justify;\"><img decoding=\"async\" loading=\"lazy\" class=\"alignnone size-full wp-image-13185\" src=\"https:\/\/www.europesays.com\/fr\/wp-content\/uploads\/2025\/04\/1744100656_185_arrow.png\" alt=\"Puce\" width=\"9\" height=\"9\"\/> <strong>Fr\u00e9quence Ligne 1 = un m\u00e9tro<\/strong> toutes les<strong> 1min30 \u00e0 2min<\/strong> le <strong>samedi <\/strong>et <strong>toutes les 1min40 \u00e0 2 min<\/strong> le <strong>dimanche.<\/strong><\/p>\n<p style=\"text-align: justify;\"><img decoding=\"async\" loading=\"lazy\" class=\"alignnone size-full wp-image-13185\" src=\"https:\/\/www.europesays.com\/fr\/wp-content\/uploads\/2025\/04\/1744100656_185_arrow.png\" alt=\"Puce\" width=\"9\" height=\"9\"\/> <strong>Fr\u00e9quence Ligne 2 = <strong>un m\u00e9tro<\/strong> <\/strong>toutes les<strong><strong> 1min50 \u00e0 3min<\/strong> <\/strong>le<strong> samedi <\/strong>et <strong>toutes les 2min20 \u00e0 3min30 <\/strong>le <strong>dimanche.<\/strong><\/p>\n<p class=\"has-text-align-center\">Tramway<\/p>\n<p><a href=\"https:\/\/www.zoomsurlille.fr\/wp-content\/uploads\/2019\/05\/tramway_ilevia_2019.jpg\" target=\"_blank\" rel=\"noopener noreferrer\"><img decoding=\"async\" loading=\"lazy\" width=\"400\" height=\"267\" src=\"https:\/\/www.europesays.com\/fr\/wp-content\/uploads\/2025\/08\/tramway_ilevia_2019-400x267.jpg\" alt=\"\" class=\"wp-image-35417\" title=\"Copyright : Archive Zoom Sur Lille \/ Tramway\"  \/><\/a><\/p>\n<p style=\"text-align: justify;\">La <strong>fr\u00e9quence <\/strong>et<strong> l\u2019amplitude <\/strong>du <strong>tramway <\/strong>seront \u00e9galement <strong>prolong\u00e9es<\/strong> le <strong>vendredi 05 septembre 2025, <\/strong>avec <strong>un dernier d\u00e9part <\/strong>de la <strong>Gare Lille Flandres vers Roubaix<\/strong> \u00e0 <strong>1h20<\/strong> et <strong>vers Tourcoing<\/strong> \u00e0 <strong>1h30.<\/strong><\/p>\n<p style=\"text-align: justify;\"><strong>Du samedi 06 septembre au dimanche 07 septembre 2025, <\/strong>le <strong>tramway circulera non-stop<\/strong> (y compris la nuit) avec <strong>un tram toutes les 4 \u00e0 6 minutes<\/strong> sur le <strong>tronc commun<\/strong> (Gare Lille Flandres \u2013 Crois\u00e9 Laroche) et <strong>toutes les 8 \u00e0 12 minutes<\/strong> sur les <strong>branches Roubaix<\/strong> et <strong>Tourcoing.<\/strong><\/p>\n<p class=\"has-text-align-center\">Bus<\/p>\n<p><a href=\"https:\/\/www.zoomsurlille.fr\/wp-content\/uploads\/2019\/01\/bus_ilevia.jpg\" target=\"_blank\" rel=\"noopener noreferrer\"><img decoding=\"async\" loading=\"lazy\" width=\"400\" height=\"267\" src=\"https:\/\/www.europesays.com\/fr\/wp-content\/uploads\/2025\/08\/bus_ilevia-400x267.jpg\" alt=\"\" class=\"wp-image-31627\" title=\"Copyright : DR - Il\u00e9via \/ Bus\"  \/><\/a><\/p>\n<p style=\"text-align: justify;\"><strong>Des d\u00e9viations<\/strong> sont <strong>\u00e0 pr\u00e9voir <\/strong>sur le <strong>r\u00e9seau bus,<\/strong> puisque du <strong>vendredi 05 septembre au dimanche 07 septembre 2025, aucun bus ne circulera dans le p\u00e9rim\u00e8tre de la braderie.<\/strong><\/p>\n<p style=\"text-align: justify;\">Par ailleurs, les <strong>lignes 10, 14, 15, 50, L2, L7, L90, L91, L92 <\/strong>et <strong>L99<\/strong> circuleront <strong>plus tard pendant la nuit <\/strong>du <strong>samedi 06<\/strong> au<strong> dimanche 07 septembre 2025.<\/strong><\/p>\n<p>Les <strong>lignes L1<\/strong> et <strong>L5 circuleront toute la nuit.<\/strong><\/p>\n<p style=\"text-align: justify;\">Enfin, le <strong>dimanche 07 septembre 2025, <\/strong>les <strong>lignes L1, L5, 14, 50, L90, L91<\/strong> et <strong>L99 verront leurs fr\u00e9quences renforc\u00e9es en journ\u00e9e.<\/strong><\/p>\n<p class=\"has-text-align-center\">V\u2019Lille<\/p>\n<p><img decoding=\"async\" loading=\"lazy\" width=\"600\" height=\"446\" src=\"https:\/\/www.europesays.com\/fr\/wp-content\/uploads\/2025\/08\/retro2011_vlille02.jpg\" alt=\"\" class=\"wp-image-2178\" style=\"width:452px;height:336px\"  \/><\/p>\n<p style=\"text-align: justify;\">Les <strong>36 stations<\/strong> <strong>V\u2019Lille<\/strong> situ\u00e9es dans le <strong>p\u00e9rim\u00e8tre de la braderie<\/strong> seront <strong>ferm\u00e9es de mani\u00e8re \u00e9chelonn\u00e9e <\/strong>\u00e0 partir du<strong> jeudi 04 septembre matin, jusqu\u2019au vendredi 05<\/strong> en<strong> fin d\u2019apr\u00e8s-midi.\u00a0<\/strong>La <strong>r\u00e9ouverture de ces stations<\/strong> interviendra <strong>progressivement \u00e0 partir du dimanche 07 septembre<\/strong> en <strong>fin de journ\u00e9e.<\/strong> Toutes les <strong>autres stations du r\u00e9seau V\u2019Lille<\/strong> resteront <strong>accessibles.<\/strong><\/p>\n<p class=\"has-text-align-center\"><strong>Plan des stations V\u2019Lille ferm\u00e9es<\/strong><\/p>\n<p><a href=\"https:\/\/www.europesays.com\/fr\/wp-content\/uploads\/2025\/08\/braderie_lille_2022_ilevia_02.jpg\" target=\"_blank\" rel=\"noopener\"><img decoding=\"async\" loading=\"lazy\" width=\"617\" height=\"845\" src=\"https:\/\/www.europesays.com\/fr\/wp-content\/uploads\/2025\/08\/braderie_lille_2022_ilevia_02.jpg\" alt=\"\" class=\"wp-image-65112\" style=\"width:463px;height:634px\"  \/><\/a><\/p>\n<p class=\"has-text-align-center\">(cliquez sur l\u2019image pour l\u2019agrandir)<\/p>\n<p class=\"has-text-align-center\"><strong>Parc-Relais<\/strong><\/p>\n<p><a href=\"https:\/\/www.europesays.com\/fr\/wp-content\/uploads\/2025\/08\/logo_parking_relais02.jpg\"><img decoding=\"async\" loading=\"lazy\" width=\"125\" height=\"125\" src=\"https:\/\/www.europesays.com\/fr\/wp-content\/uploads\/2025\/08\/logo_parking_relais02.jpg\" alt=\"Copyright : Transpole \/ Parking Relais\" class=\"wp-image-9947\" title=\"Copyright : DR - Parc Relais\"\/><\/a><\/p>\n<p style=\"text-align: justify;\"><strong>R\u00e9serv\u00e9s aux clients du r\u00e9seau Il\u00e9via, <\/strong>les <strong>parcs-relais de la m\u00e9tropole lilloise<\/strong> permettent de <strong>stationner<\/strong> et de <strong>rejoindre le p\u00e9rim\u00e8tre de la braderie<\/strong> en <strong>transports en commun. <\/strong>Ils sont <strong>ouverts en continu <\/strong>du <strong>samedi 06 septembre matin <\/strong>au <strong>dimanche 7 septembre soir.<\/strong><\/p>\n<p><a href=\"https:\/\/www.zoomsurlille.fr\/wp-content\/uploads\/2025\/08\/braderie_lille_2025_parking_relais.png\" target=\"_blank\" rel=\"noreferrer noopener\"><img decoding=\"async\" loading=\"lazy\" width=\"995\" height=\"1024\" src=\"https:\/\/www.europesays.com\/fr\/wp-content\/uploads\/2025\/08\/braderie_lille_2025_parking_relais-995x1024.png\" alt=\"\" class=\"wp-image-86405\" style=\"aspect-ratio:0.9716796875;object-fit:cover;width:500px\"  \/><\/a><\/p>\n<p style=\"text-align: center;\">(cliquez sur l\u2019image pour l\u2019agrandir)<\/p>\n<p><strong>Les P+R, proches des stations de m\u00e9tro :<\/strong><br \/><strong>Ligne 1 :<\/strong><br \/>\u2013 station 4 Cantons \u2013 Stade Pierre Mauroy \u00e0 Villeneuve d\u2019Ascq (2040 places)<br \/>\u2013 station C.H.U Eurasant\u00e9 \u00e0 Lille (250 places)<\/p>\n<p><strong>Ligne 2 :<\/strong><br \/>\u2013 station St Philibert \u00e0 Lomme (330 places)<br \/>\u2013 station Porte d\u2019Arras \u00e0 Lille (100 places)<br \/>\u2013 station Les Pr\u00e9s Edgard Pisani \u00e0 Villeneuve d\u2019Ascq (500 places) <br \/>\u2013 station Pont de Neuville \u00e0 Tourcoing (40 places)<\/p>\n<p><strong>Ligne 1<\/strong> et <strong>Ligne 2 :<\/strong> station Porte des Postes \u00e0 Lille (90 places)<\/p>\n<p><strong>Les P+R, proches du Tramway :<\/strong><br \/><strong>Ligne T :<\/strong><br \/>\u2013 station Cerisaie \u00e0 Marcq-en-Bar\u0153ul (62 places)<\/p>\n<p><strong>Les P+R proches des gares<\/strong><br \/>Ils sont ouverts<strong> 1\/2h avant et apr\u00e8s les premiers\/derniers trains.<\/strong><br \/><img decoding=\"async\" loading=\"lazy\" width=\"9\" height=\"9\" src=\"https:\/\/www.europesays.com\/fr\/wp-content\/uploads\/2025\/04\/1744100656_185_arrow.png\" alt=\"Puce\"\/> Gares d\u2019Armenti\u00e8res (850 places)<br \/><img decoding=\"async\" loading=\"lazy\" width=\"9\" height=\"9\" src=\"https:\/\/www.europesays.com\/fr\/wp-content\/uploads\/2025\/04\/1744100656_185_arrow.png\" alt=\"Puce\"\/> Don Sainghin Gare (475 places)<br \/><img decoding=\"async\" loading=\"lazy\" width=\"9\" height=\"9\" src=\"https:\/\/www.europesays.com\/fr\/wp-content\/uploads\/2025\/04\/1744100656_185_arrow.png\" alt=\"Puce\"\/> Seclin Gare (370 places)<br \/><img decoding=\"async\" loading=\"lazy\" width=\"9\" height=\"9\" src=\"https:\/\/www.europesays.com\/fr\/wp-content\/uploads\/2025\/04\/1744100656_185_arrow.png\" alt=\"Puce\"\/> La Bass\u00e9e Gare (160 places) <br \/><img decoding=\"async\" loading=\"lazy\" width=\"9\" height=\"9\" src=\"https:\/\/www.europesays.com\/fr\/wp-content\/uploads\/2025\/04\/1744100656_185_arrow.png\" alt=\"Puce\"\/> Tourcoing Gare (222 places)<\/p>\n<p class=\"has-text-align-center\">Tarifs<\/p>\n<p><a href=\"https:\/\/www.zoomsurlille.fr\/wp-content\/uploads\/2013\/05\/pass_pass_carte.jpg\" target=\"_blank\" rel=\"noopener\"><img decoding=\"async\" loading=\"lazy\" width=\"400\" height=\"253\" src=\"https:\/\/www.europesays.com\/fr\/wp-content\/uploads\/2025\/08\/pass_pass_carte-400x253.jpg\" alt=\"Copyright : Transpole \/ Carte Pass Pass\" class=\"wp-image-11190\" title=\"Copyright : DR - Transpole \/ Carte Pass Pass\"  \/><\/a><\/p>\n<p style=\"text-align: justify;\"><strong><img decoding=\"async\" loading=\"lazy\" src=\"https:\/\/www.europesays.com\/fr\/wp-content\/uploads\/2025\/04\/1744100656_185_arrow.png\" alt=\"Puce\" width=\"9\" height=\"9\"\/> Pass 1 Jour :<\/strong> <strong>5,50\u20ac*<\/strong> \u2013 Libre circulation sur l\u2019ensemble du r\u00e9seau bus, m\u00e9tro, tram et TER (uniquement dans la M\u00e9tropole Lilloise) valable pour une dur\u00e9e de 24h \u00e0 compter de la 1\u00e8re validation.<br \/><img decoding=\"async\" loading=\"lazy\" src=\"https:\/\/www.europesays.com\/fr\/wp-content\/uploads\/2025\/04\/1744100656_185_arrow.png\" alt=\"Puce\" width=\"9\" height=\"9\"\/> <strong>Trajet unitaire : 1,80\u20ac*<\/strong> \u2013 Le trajet unitaire est valable une heure \u00e0 compter de la premi\u00e8re validation. Il permet de voyager \u00e0 volont\u00e9 sur toutes les lignes du r\u00e9seau Il\u00e9via, bus, m\u00e9tro, tramway et TER (uniquement dans la M\u00e9tropole Lilloise) pendant la dur\u00e9e de validit\u00e9. Correspondances, interruptions et retours compris. Il n\u2019est pas cessible apr\u00e8s validation.<br \/><img decoding=\"async\" loading=\"lazy\" src=\"https:\/\/www.europesays.com\/fr\/wp-content\/uploads\/2025\/04\/1744100656_185_arrow.png\" alt=\"Puce\" width=\"9\" height=\"9\"\/> <strong>Trajet unitaire x 10 :<\/strong> <strong>15,80\u20ac*<\/strong> \u2013 Permet de r\u00e9duire le co\u00fbt de votre trajet unitaire. Le trajet unitaire est valable une heure \u00e0 compter de la premi\u00e8re validation. Il permet de voyager \u00e0 volont\u00e9 sur toutes les lignes du r\u00e9seau Il\u00e9via, bus, m\u00e9tro, tramway et TER (uniquement dans la M\u00e9tropole Lilloise) pendant la dur\u00e9e de validit\u00e9. Correspondances, interruptions et retours compris. Il n\u2019est pas cessible apr\u00e8s validation.<br \/><img decoding=\"async\" loading=\"lazy\" src=\"https:\/\/www.europesays.com\/fr\/wp-content\/uploads\/2025\/04\/1744100656_185_arrow.png\" alt=\"Puce\" width=\"9\" height=\"9\"\/> <strong>Trajet ZAP : 1,20\u20ac*<\/strong> \u2013 Le trajet ZAP est valable dans le m\u00e9tro et dans le tramway, avec possibilit\u00e9 de correspondance pour un trajet limit\u00e9 \u00e0 3 stations (station de d\u00e9part non incluse).<\/p>\n<p>* Hors co\u00fbt du support (0,20\u20ac). Pour emprunter le TER le titre doit \u00eatre charg\u00e9 uniquement sur une carte Pass Pass.<\/p>\n<p class=\"has-text-align-center\">Exp\u00e9rimentation de safe places dans 3 stations de m\u00e9tro<\/p>\n<p style=\"text-align: justify;\">Dans le<strong> cadre de la lutte contre le harc\u00e8lement sexiste<\/strong> et <strong>sexuel<\/strong> dans les <strong>transports en commun,<\/strong> <strong>il\u00e9via <\/strong>met en place, <strong>trois Safe Places<\/strong> (lieux s\u00fbrs) en partenariat avec <strong>UMAY*,<\/strong> au sein de ses <strong>stations<\/strong> <strong>Gare Lille Flandres, R\u00e9publique Beaux-Arts<\/strong> et <strong>Rihour.<\/strong> <strong>Situ\u00e9es avant les portillons de contr\u00f4le d\u2019acc\u00e8s,<\/strong> ces <strong>zones refuges<\/strong> sont <strong>destin\u00e9es aux personnes se sentant en ins\u00e9curit\u00e9<\/strong> ou<strong> victimes de harc\u00e8lement sexiste<\/strong> et <strong>sexuel.<\/strong> Elles y trouveront <strong>un espace d\u2019\u00e9coute<\/strong> et de<strong> prise en charge,<\/strong> aupr\u00e8s de <strong>collaborateurs il\u00e9via sp\u00e9cifiquement form\u00e9s. Une quarantaine de collaborateurs d\u2019il\u00e9via<\/strong> ont ainsi re\u00e7u <strong>une formation d\u00e9di\u00e9e \u00e0 l\u2019accueil<\/strong> et au<strong> soutien des victimes.<\/strong><\/p>\n<p style=\"text-align: justify;\">Cette <strong>exp\u00e9rimentation<\/strong> se tiendra pendant <strong>toute la dur\u00e9e de l\u2019\u00e9v\u00e8nement,<\/strong> et vient <strong>compl\u00e9ter le dispositif \u00ab Angela \u00bb<\/strong> d\u00e9j\u00e0 <strong>d\u00e9ploy\u00e9 <\/strong>dans les <strong>agences commerciales<\/strong> et les <strong>commerces en station. <\/strong>Avec cette initiative, <strong>il\u00e9via <\/strong>r\u00e9affirme sa<strong> volont\u00e9 de faire de son r\u00e9seau un espace public s\u00fbr,<\/strong> <strong>bienveillant <\/strong>et <strong>accessible \u00e0 toutes<\/strong> et <strong>tous.<\/strong><\/p>\n<p style=\"text-align: justify;\"><strong>UMAY <\/strong>est une application qui permet aux victimes ou t\u00e9moins de harc\u00e8lement sexiste et sexuel dans l\u2019espace public de signaler un fait en temps r\u00e9el, d\u2019obtenir du soutien et d\u2019\u00eatre guid\u00e9s vers des lieux s\u00fbrs.<\/p>\n<p><img decoding=\"async\" loading=\"lazy\" width=\"1024\" height=\"729\" src=\"https:\/\/www.europesays.com\/fr\/wp-content\/uploads\/2025\/08\/braderie_lille_2025_umay-1024x729.webp.webp\" alt=\"\" class=\"wp-image-86407\" style=\"aspect-ratio:1.4046639231824416;width:400px\"  \/><\/p>\n<p><img decoding=\"async\" loading=\"lazy\" width=\"9\" height=\"9\" class=\"alignnone size-full wp-image-13185\" src=\"https:\/\/www.europesays.com\/fr\/wp-content\/uploads\/2025\/04\/arrow.png\" alt=\"Puce\"\/> <a href=\"https:\/\/www.ilevia.fr\/fr\/\" target=\"_blank\" rel=\"noopener noreferrer\">Site internet de Il\u00e9via<\/a><\/p>\n<p><img decoding=\"async\" loading=\"lazy\" width=\"9\" height=\"9\" src=\"https:\/\/www.europesays.com\/fr\/wp-content\/uploads\/2025\/04\/arrow.png\" alt=\"\"\/> <a href=\"https:\/\/www.zoomsurlille.fr\/tag\/braderie-de-lille-2025\" target=\"_blank\" rel=\"noreferrer noopener\">Retrouvez tous nos articles sur la Braderie de Lille 2025<\/a><\/p>\n<p class=\"has-text-align-right\"> Source : Il\u00e9via \/ Photos et images : DR \u2013 \u00a9 Il\u00e9via \/ \u00a9 Zoom sur Lille<\/p>\n","protected":false},"excerpt":{"rendered":"A l\u2019occasion de l\u2019\u00e9dition 2025 de la c\u00e9l\u00e8bre Braderie de Lille, il\u00e9via renforce son offre pour permettre aux&hellip;\n","protected":false},"author":2,"featured_media":303563,"comment_status":"","ping_status":"","sticky":false,"template":"","format":"standard","meta":{"footnotes":""},"categories":[2815],"tags":[1111,11,17804,40565,7048,1777,674,1011,27,811,1307,4047,12,25,4109,2803,2216],"class_list":{"0":"post-303562","1":"post","2":"type-post","3":"status-publish","4":"format-standard","5":"has-post-thumbnail","7":"category-lille","8":"tag-actu","9":"tag-actualites","10":"tag-braderie","11":"tag-braderie-de-lille-2025","12":"tag-bus","13":"tag-eu","14":"tag-europe","15":"tag-fr","16":"tag-france","17":"tag-hauts-de-france","18":"tag-lille","19":"tag-metro","20":"tag-news","21":"tag-republique-francaise","22":"tag-tramway","23":"tag-transport","24":"tag-transports-en-commun"},"share_on_mastodon":{"url":"https:\/\/pubeurope.com\/@fr\/114989414142961786","error":""},"_links":{"self":[{"href":"https:\/\/www.europesays.com\/fr\/wp-json\/wp\/v2\/posts\/303562","targetHints":{"allow":["GET"]}}],"collection":[{"href":"https:\/\/www.europesays.com\/fr\/wp-json\/wp\/v2\/posts"}],"about":[{"href":"https:\/\/www.europesays.com\/fr\/wp-json\/wp\/v2\/types\/post"}],"author":[{"embeddable":true,"href":"https:\/\/www.europesays.com\/fr\/wp-json\/wp\/v2\/users\/2"}],"replies":[{"embeddable":true,"href":"https:\/\/www.europesays.com\/fr\/wp-json\/wp\/v2\/comments?post=303562"}],"version-history":[{"count":0,"href":"https:\/\/www.europesays.com\/fr\/wp-json\/wp\/v2\/posts\/303562\/revisions"}],"wp:featuredmedia":[{"embeddable":true,"href":"https:\/\/www.europesays.com\/fr\/wp-json\/wp\/v2\/media\/303563"}],"wp:attachment":[{"href":"https:\/\/www.europesays.com\/fr\/wp-json\/wp\/v2\/media?parent=303562"}],"wp:term":[{"taxonomy":"category","embeddable":true,"href":"https:\/\/www.europesays.com\/fr\/wp-json\/wp\/v2\/categories?post=303562"},{"taxonomy":"post_tag","embeddable":true,"href":"https:\/\/www.europesays.com\/fr\/wp-json\/wp\/v2\/tags?post=303562"}],"curies":[{"name":"wp","href":"https:\/\/api.w.org\/{rel}","templated":true}]}}