{"id":303575,"date":"2025-08-07T20:47:12","date_gmt":"2025-08-07T20:47:12","guid":{"rendered":"https:\/\/www.europesays.com\/fr\/303575\/"},"modified":"2025-08-07T20:47:12","modified_gmt":"2025-08-07T20:47:12","slug":"tensions-paris-alger-macron-durcit-le-ton","status":"publish","type":"post","link":"https:\/\/www.europesays.com\/fr\/303575\/","title":{"rendered":"Tensions Paris-Alger : Macron durcit le ton"},"content":{"rendered":"<p><strong>Nouvelle escalade entre Paris et Alger. Face \u00e0 l\u2019inflexibilit\u00e9 des autorit\u00e9s alg\u00e9riennes sur la question migratoire et la d\u00e9tention de deux ressortissants fran\u00e7ais, le pr\u00e9sident Emmanuel Macron a appel\u00e9 son gouvernement \u00e0 faire preuve de plus de fermet\u00e9 \u00e0 l\u2019\u00e9gard de l\u2019Alg\u00e9rie.<\/strong><\/p>\n<p>Chawki Benzahra, militant politique alg\u00e9rien bas\u00e9 \u00e0 Lyon, d\u00e9crypte cette prise de position du pr\u00e9sident fran\u00e7ais, notamment sur les questions migratoires et les accords bilat\u00e9raux, dans un contexte marqu\u00e9 par la d\u00e9t\u00e9rioration des relations entre les deux pays.<br \/>\u00a0<\/p>\n","protected":false},"excerpt":{"rendered":"Nouvelle escalade entre Paris et Alger. Face \u00e0 l\u2019inflexibilit\u00e9 des autorit\u00e9s alg\u00e9riennes sur la question migratoire et la&hellip;\n","protected":false},"author":2,"featured_media":303576,"comment_status":"","ping_status":"","sticky":false,"template":"","format":"standard","meta":{"footnotes":""},"categories":[1888],"tags":[1111,1928,11,1927,1777,674,1011,27,44358,12,1926,626,1925,25],"class_list":{"0":"post-303575","1":"post","2":"type-post","3":"status-publish","4":"format-standard","5":"has-post-thumbnail","7":"category-paris","8":"tag-actu","9":"tag-actu-paris","10":"tag-actualites","11":"tag-actualites-paris","12":"tag-eu","13":"tag-europe","14":"tag-fr","15":"tag-france","16":"tag-france-algerie","17":"tag-news","18":"tag-news-paris","19":"tag-paris","20":"tag-paris-news","21":"tag-republique-francaise"},"share_on_mastodon":{"url":"https:\/\/pubeurope.com\/@fr\/114989448805066958","error":""},"_links":{"self":[{"href":"https:\/\/www.europesays.com\/fr\/wp-json\/wp\/v2\/posts\/303575","targetHints":{"allow":["GET"]}}],"collection":[{"href":"https:\/\/www.europesays.com\/fr\/wp-json\/wp\/v2\/posts"}],"about":[{"href":"https:\/\/www.europesays.com\/fr\/wp-json\/wp\/v2\/types\/post"}],"author":[{"embeddable":true,"href":"https:\/\/www.europesays.com\/fr\/wp-json\/wp\/v2\/users\/2"}],"replies":[{"embeddable":true,"href":"https:\/\/www.europesays.com\/fr\/wp-json\/wp\/v2\/comments?post=303575"}],"version-history":[{"count":0,"href":"https:\/\/www.europesays.com\/fr\/wp-json\/wp\/v2\/posts\/303575\/revisions"}],"wp:featuredmedia":[{"embeddable":true,"href":"https:\/\/www.europesays.com\/fr\/wp-json\/wp\/v2\/media\/303576"}],"wp:attachment":[{"href":"https:\/\/www.europesays.com\/fr\/wp-json\/wp\/v2\/media?parent=303575"}],"wp:term":[{"taxonomy":"category","embeddable":true,"href":"https:\/\/www.europesays.com\/fr\/wp-json\/wp\/v2\/categories?post=303575"},{"taxonomy":"post_tag","embeddable":true,"href":"https:\/\/www.europesays.com\/fr\/wp-json\/wp\/v2\/tags?post=303575"}],"curies":[{"name":"wp","href":"https:\/\/api.w.org\/{rel}","templated":true}]}}