{"id":303581,"date":"2025-08-07T20:50:10","date_gmt":"2025-08-07T20:50:10","guid":{"rendered":"https:\/\/www.europesays.com\/fr\/303581\/"},"modified":"2025-08-07T20:50:10","modified_gmt":"2025-08-07T20:50:10","slug":"jen-peux-plus-denterrer-mes-amis-le-mince-espoir-des-moscovites-dun-cessez-le-feu-sous-peu","status":"publish","type":"post","link":"https:\/\/www.europesays.com\/fr\/303581\/","title":{"rendered":"\u00ab\u00a0J\u2019en peux plus d\u2019enterrer mes amis\u00a0\u00bb\u00a0: le mince espoir des Moscovites d\u2019un cessez-le-feu sous peu"},"content":{"rendered":"<p>Tout comme le soleil qui parvient \u00e0 se frayer un chemin dans la grisaille moscovite, l\u2019espoir dans la capitale russe subsiste m\u00eame dans le brouillard. Bien que <a href=\"https:\/\/www.letelegramme.fr\/monde\/ukraine-une-conversation-utile-et-constructive-selon-le-kremlin-entre-lemissaire-de-trump-et-poutine-6867824.php\" rel=\"nofollow noopener\" target=\"_blank\">la visite, \u00e0 Moscou, de Steve Witkoff,<\/a> \u00e9missaire de la Maison Blanche, n\u2019ait apport\u00e9 aucune avanc\u00e9e concr\u00e8te, Roman, bio-informaticien de 25 ans, qui se pr\u00e9pare \u00e0 partir travailler au Royaume-Uni, a \u00ab\u00a0envie de croire dans le meilleur\u00a0\u00bb.<\/p>\n<p>\u00ab\u00a0J\u2019esp\u00e8re un cessez-le-feu\u00a0\u00bb<\/p>\n<p>\u00ab\u00a0J\u2019esp\u00e8re vraiment qu\u2019on aboutira bient\u00f4t \u00e0 un cessez-le-feu, confie le jeune homme, pourtant loin d\u2019\u00eatre na\u00eff. Mais je suis aussi prudent face aux d\u00e9clarations de Donald Trump. Apr\u00e8s tout, il a promis initialement de r\u00e9gler ce conflit en 24\u200aheures.\u00a0\u00bb<\/p>\n<p>La nouvelle id\u00e9e du pr\u00e9sident am\u00e9ricain est de donner d\u2019abord 50 <a href=\"https:\/\/www.letelegramme.fr\/monde\/trump-donne-10-ou-12-jours-a-poutine-pour-arreter-la-guerre-en-ukraine-6863059.php\" rel=\"nofollow noopener\" target=\"_blank\">&#8211; ensuite r\u00e9duits \u00e0 dix &#8211;<\/a> jours pour asseoir Vladimir Poutine \u00e0 la table des n\u00e9gociations. Faute de quoi, Washington a menac\u00e9 Moscou et ses partenaires commerciaux de nouvelles sanctions, ainsi que de droits de douane pouvant atteindre 100\u00a0%.<\/p>\n<p>Une menace qui divise. \u00ab\u00a0Les seuls qui seront affect\u00e9s, ce sont les Russes lambdas qui n\u2019ont jamais voulu cette guerre\u00a0\u00bb, regrette Roman, conscient que les sanctions frappent d\u2019abord la population. Depuis f\u00e9vrier 2022, plus de 18\u00a0000 mesures de r\u00e9torsion ont \u00e9t\u00e9 impos\u00e9es \u00e0 la Russie &#8211; un record historique -, sans pour autant \u00e9branler le pouvoir central.<\/p>\n<p>Vassily, un homme \u00e2g\u00e9 qui pr\u00e9f\u00e8re utiliser un pseudonyme pour sa s\u00e9curit\u00e9, ne cache pas son amertume. \u00ab\u00a0Ce n\u2019est que le 325e paquet de sanctions\u00a0\u00bb, ironise-t-il. \u00ab\u00a0Rien ne va changer. La seule issue possible \u00e0 ce conflit est la fin.\u00a0\u00bb Il marque une pause, regarde derri\u00e8re lui, puis murmure\u00a0: \u00ab\u200a\u2026de quelqu\u2019un.\u00a0\u00bb<\/p>\n<p>Aucune perc\u00e9e<\/p>\n<p>Malgr\u00e9 la venue remarqu\u00e9e de l\u2019\u00e9missaire am\u00e9ricain, la situation reste bloqu\u00e9e. \u00ab\u00a0Aucune perc\u00e9e\u00a0\u00bb, r\u00e9sume le m\u00e9dia d\u2019opposition russe Radio Svoboda. Un repr\u00e9sentant de la Maison-Blanche, cit\u00e9 par l\u2019agence Reuters, a \u00e9galement affirm\u00e9 que \u00ab\u00a0les sanctions secondaires devraient toujours entrer en vigueur vendredi 8 ao\u00fbt, comme pr\u00e9vu\u00a0\u00bb, malgr\u00e9 une rencontre jug\u00e9e \u00ab\u00a0constructive\u00a0\u00bb.<\/p>\n<p>De leur c\u00f4t\u00e9, les autorit\u00e9s russes restent silencieuses, se contentant de publier un communiqu\u00e9 laconique \u00e9voquant \u00ab\u00a0un \u00e9change de vues approfondi\u00a0\u00bb. Dans les rues de Moscou, la propagande d\u2019\u00c9tat continue de battre son plein\u00a0: des affiches patriotiques aux slogans bellicistes ornent les stations de m\u00e9tro, tandis que les cha\u00eenes de t\u00e9l\u00e9vision mart\u00e8lent un discours triomphaliste.<\/p>\n<p>N\u00e9anmoins, l\u2019espoir meurt en dernier. Anastasia, originaire de Kaliningrad, venue \u00e0 Moscou pour des d\u00e9marches administratives, veut croire en le meilleur. Elle confie son \u00e9puisement face \u00e0 la situation actuelle\u00a0: \u00ab\u00a0Je n\u2019en peux plus d\u2019enterrer mes amis partis combattre en Ukraine.\u00a0\u00bb Son mari, elle l\u2019a envoy\u00e9 en \u00c9gypte, pour le prot\u00e9ger de la mobilisation. \u00ab\u00a0Ils prennent tout le monde\u00a0\u00bb, dit-elle, le regard vide.<\/p>\n<p>Depuis le d\u00e9but du conflit, plus de 500\u00a0000 hommes auraient \u00e9t\u00e9 mobilis\u00e9s, selon les estimations occidentales, dont une grande partie sans r\u00e9elle formation. Les r\u00e9seaux sociaux russes bruissent de vid\u00e9os d\u2019\u00e9pouses et de m\u00e8res r\u00e9clamant le retour de leurs proches.<\/p>\n<p>\u00c0 quelques heures de l\u2019\u00e9ch\u00e9ance fix\u00e9e par les \u00c9tats-Unis, la paix semble encore lointaine. Mais dans l\u2019air lourd de Moscou, subsiste une attente, fragile, comme suspendue. Peut-\u00eatre, simplement, une envie collective que cela s\u2019arr\u00eate.<\/p>\n","protected":false},"excerpt":{"rendered":"Tout comme le soleil qui parvient \u00e0 se frayer un chemin dans la grisaille moscovite, l\u2019espoir dans la&hellip;\n","protected":false},"author":2,"featured_media":303582,"comment_status":"","ping_status":"","sticky":false,"template":"","format":"standard","meta":{"footnotes":""},"categories":[1591],"tags":[11,75,73,1887,2069,74,12,316,1885,1886,132],"class_list":{"0":"post-303581","1":"post","2":"type-post","3":"status-publish","4":"format-standard","5":"has-post-thumbnail","7":"category-russie","8":"tag-actualites","9":"tag-donald-trump","10":"tag-etats-unis","11":"tag-federation-de-russie","12":"tag-guerre-ukraine-russie","13":"tag-monde","14":"tag-news","15":"tag-politique","16":"tag-russia","17":"tag-russian-federation","18":"tag-russie"},"share_on_mastodon":{"url":"https:\/\/pubeurope.com\/@fr\/114989460915275364","error":""},"_links":{"self":[{"href":"https:\/\/www.europesays.com\/fr\/wp-json\/wp\/v2\/posts\/303581","targetHints":{"allow":["GET"]}}],"collection":[{"href":"https:\/\/www.europesays.com\/fr\/wp-json\/wp\/v2\/posts"}],"about":[{"href":"https:\/\/www.europesays.com\/fr\/wp-json\/wp\/v2\/types\/post"}],"author":[{"embeddable":true,"href":"https:\/\/www.europesays.com\/fr\/wp-json\/wp\/v2\/users\/2"}],"replies":[{"embeddable":true,"href":"https:\/\/www.europesays.com\/fr\/wp-json\/wp\/v2\/comments?post=303581"}],"version-history":[{"count":0,"href":"https:\/\/www.europesays.com\/fr\/wp-json\/wp\/v2\/posts\/303581\/revisions"}],"wp:featuredmedia":[{"embeddable":true,"href":"https:\/\/www.europesays.com\/fr\/wp-json\/wp\/v2\/media\/303582"}],"wp:attachment":[{"href":"https:\/\/www.europesays.com\/fr\/wp-json\/wp\/v2\/media?parent=303581"}],"wp:term":[{"taxonomy":"category","embeddable":true,"href":"https:\/\/www.europesays.com\/fr\/wp-json\/wp\/v2\/categories?post=303581"},{"taxonomy":"post_tag","embeddable":true,"href":"https:\/\/www.europesays.com\/fr\/wp-json\/wp\/v2\/tags?post=303581"}],"curies":[{"name":"wp","href":"https:\/\/api.w.org\/{rel}","templated":true}]}}