{"id":303586,"date":"2025-08-07T20:53:10","date_gmt":"2025-08-07T20:53:10","guid":{"rendered":"https:\/\/www.europesays.com\/fr\/303586\/"},"modified":"2025-08-07T20:53:10","modified_gmt":"2025-08-07T20:53:10","slug":"reconnaissance-de-letat-palestinien-israel-menace-de-suspendre-sa-cooperation-securitaire-avec-le-royaume-uni-media","status":"publish","type":"post","link":"https:\/\/www.europesays.com\/fr\/303586\/","title":{"rendered":"Reconnaissance De L&rsquo;\u00c9tat Palestinien : Isra\u00ebl Menace De Suspendre Sa Coop\u00e9ration S\u00e9curitaire Avec Le Royaume-Uni (m\u00e9dia)"},"content":{"rendered":"<p class=\"\" data-is=\"component-paragraph\">Des sources diplomatiques anonymes ont r\u00e9v\u00e9l\u00e9<a data-is=\"component-link\" href=\"https:\/\/www.thetimes.com\/uk\/defence\/article\/israel-intelligence-palestine-state-recognise-5mn8jwp78\" title=\"https:\/\/www.thetimes.com\/uk\/defence\/article\/israel-intelligence-palestine-state-recognise-5mn8jwp78\" target=\"\" class=\"link\" rel=\"nofollow noopener\"> au Times<\/a> qu\u2019Isra\u00ebl envisage de cesser sa coop\u00e9ration s\u00e9curitaire avec le Royaume-Uni si ce dernier reconna\u00eet un \u00c9tat palestinien en septembre. Le Premier ministre britannique, Keir Starmer, a conditionn\u00e9 cette reconnaissance \u00e0 l\u2019absence d\u2019un cessez-le-feu dans la guerre contre le Hamas \u00e0 Gaza. \u00ab Londres doit \u00eatre prudente, car Bibi [Netanyahou] et ses ministres ont des cartes \u00e0 jouer. Isra\u00ebl valorise son partenariat avec le Royaume-Uni, mais les r\u00e9centes d\u00e9cisions le mettent sous pression \u00bb, a averti une source diplomatique.<\/p>\n<p class=\"\" data-is=\"component-paragraph\">Cette menace intervient alors que le Mossad a partag\u00e9 des renseignements cruciaux avec les services britanniques pour d\u00e9jouer un complot terroriste li\u00e9 \u00e0 l\u2019Iran contre l\u2019ambassade isra\u00e9lienne \u00e0 Londres cette ann\u00e9e. Le Royaume-Uni b\u00e9n\u00e9ficie \u00e9galement de l\u2019\u00e9quipement militaire isra\u00e9lien, utilis\u00e9 dans ses op\u00e9rations en Irak et en Afghanistan. \u00ab Cette d\u00e9marche contre-productive ne renforcera pas les relations mutuellement b\u00e9n\u00e9fiques avec ceux qui soutiennent cet agenda de mauvaise foi \u00bb, a d\u00e9clar\u00e9 un responsable de l\u2019ambassade isra\u00e9lienne au Times.<\/p>\n<p class=\"\" data-is=\"component-paragraph\">Les experts soulignent que la suspension de cette coop\u00e9ration aurait de graves cons\u00e9quences pour les deux pays, notamment en mati\u00e8re de lutte contre le terrorisme et de s\u00e9curit\u00e9 r\u00e9gionale. Netanyahou a qualifi\u00e9 la reconnaissance potentielle d\u2019un \u00c9tat palestinien de \u00ab r\u00e9compense au terrorisme du Hamas \u00bb. Ce diff\u00e9rend marque un nouveau point de tension diplomatique, alors que Londres et Paris, suivis par le Canada, s\u2019orientent vers une reconnaissance symbolique \u00e0 l\u2019ONU.<\/p>\n","protected":false},"excerpt":{"rendered":"Des sources diplomatiques anonymes ont r\u00e9v\u00e9l\u00e9 au Times qu\u2019Isra\u00ebl envisage de cesser sa coop\u00e9ration s\u00e9curitaire avec le Royaume-Uni&hellip;\n","protected":false},"author":2,"featured_media":303587,"comment_status":"","ping_status":"","sticky":false,"template":"","format":"standard","meta":{"footnotes":""},"categories":[1588],"tags":[11,1777,674,12,473,1853,1851,1850,1852],"class_list":{"0":"post-303586","1":"post","2":"type-post","3":"status-publish","4":"format-standard","5":"has-post-thumbnail","7":"category-royaume-uni","8":"tag-actualites","9":"tag-eu","10":"tag-europe","11":"tag-news","12":"tag-royaume-uni","13":"tag-royaume-uni-de-grande-bretagne-et-dirlande-du-nord","14":"tag-uk","15":"tag-united-kingdom","16":"tag-united-kingdom-of-great-britain-and-northern-ireland"},"share_on_mastodon":{"url":"https:\/\/pubeurope.com\/@fr\/114989472774210758","error":""},"_links":{"self":[{"href":"https:\/\/www.europesays.com\/fr\/wp-json\/wp\/v2\/posts\/303586","targetHints":{"allow":["GET"]}}],"collection":[{"href":"https:\/\/www.europesays.com\/fr\/wp-json\/wp\/v2\/posts"}],"about":[{"href":"https:\/\/www.europesays.com\/fr\/wp-json\/wp\/v2\/types\/post"}],"author":[{"embeddable":true,"href":"https:\/\/www.europesays.com\/fr\/wp-json\/wp\/v2\/users\/2"}],"replies":[{"embeddable":true,"href":"https:\/\/www.europesays.com\/fr\/wp-json\/wp\/v2\/comments?post=303586"}],"version-history":[{"count":0,"href":"https:\/\/www.europesays.com\/fr\/wp-json\/wp\/v2\/posts\/303586\/revisions"}],"wp:featuredmedia":[{"embeddable":true,"href":"https:\/\/www.europesays.com\/fr\/wp-json\/wp\/v2\/media\/303587"}],"wp:attachment":[{"href":"https:\/\/www.europesays.com\/fr\/wp-json\/wp\/v2\/media?parent=303586"}],"wp:term":[{"taxonomy":"category","embeddable":true,"href":"https:\/\/www.europesays.com\/fr\/wp-json\/wp\/v2\/categories?post=303586"},{"taxonomy":"post_tag","embeddable":true,"href":"https:\/\/www.europesays.com\/fr\/wp-json\/wp\/v2\/tags?post=303586"}],"curies":[{"name":"wp","href":"https:\/\/api.w.org\/{rel}","templated":true}]}}