{"id":303588,"date":"2025-08-07T20:54:40","date_gmt":"2025-08-07T20:54:40","guid":{"rendered":"https:\/\/www.europesays.com\/fr\/303588\/"},"modified":"2025-08-07T20:54:40","modified_gmt":"2025-08-07T20:54:40","slug":"ce-que-revele-le-nom-des-coalitions-politiques-en-allemagne-et-ailleurs","status":"publish","type":"post","link":"https:\/\/www.europesays.com\/fr\/303588\/","title":{"rendered":"Ce que r\u00e9v\u00e8le le nom des coalitions politiques, en Allemagne et ailleurs"},"content":{"rendered":"<p><strong>Friedrich Merz devient ce 6 mai chancelier de l\u2019Allemagne \u00e0 la t\u00eate d\u2019une coalition r\u00e9unissant son parti de droite, la CDU, et le SPD (social-d\u00e9mocrate). C\u2019est l\u2019occasion de s\u2019int\u00e9resser aux d\u00e9nominations des coalitions politiques, un sujet bien moins anecdotique qu\u2019il y para\u00eet. En effet, lorsqu\u2019une coalition est cr\u00e9\u00e9e, la question du nom que lui donneront ses parties prenantes est cruciale. Faut-il assumer l\u2019h\u00e9t\u00e9rog\u00e9n\u00e9it\u00e9 des forces qui la composent ou, au contraire, mettre en avant ce qui les rassemble\u00a0? Est-il pr\u00e9f\u00e9rable d\u2019opter pour un nom faisant r\u00e9f\u00e9rence aux couleurs associ\u00e9es aux partis, ou bien \u00e0 leur positionnement politique\u00a0? Dans divers pays d\u2019Europe, des r\u00e9ponses diff\u00e9rentes sont apport\u00e9es \u00e0 ces interrogations.<\/strong><\/p>\n<p>[Cet article est cit\u00e9 <a href=\"https:\/\/www.rfi.fr\/fr\/podcasts\/accents-d-europe\/20250311-le-colonialisme-au-c%C5%93ur-du-contentieux-entre-l-espagne-et-le-mexique\" rel=\"nofollow noopener\" target=\"_blank\">dans l\u2019\u00e9mission \u00ab Accents d\u2019Europe \u00bb<\/a>, sur RFI, dont The Conversation France est partenaire]<\/p>\n<p>D\u00e9but f\u00e9vrier\u00a02025, apr\u00e8s plusieurs mois de n\u00e9gociations, la <a href=\"https:\/\/www.lesoir.be\/652370\/article\/2025-01-31\/larizona-en-place-de-wever-au-16-le-gouvernement-belge-qui-demenage\" rel=\"nofollow noopener\" target=\"_blank\">Belgique s\u2019est dot\u00e9e d\u2019un gouvernement dit \u00ab\u00a0Arizona\u00a0\u00bb<\/a>. Cette d\u00e9nomination est une r\u00e9f\u00e9rence au drapeau de cet \u00c9tat du sud des \u00c9tats-Unis, \u00e0 base de bleu, d\u2019orange, de jaune et de rouge\u00a0: ces couleurs sont respectivement, en Belgique, celles des lib\u00e9raux wallons du Mouvement r\u00e9formateur\u00a0; des chr\u00e9tiens-d\u00e9mocrates du CD&amp;V et du parti centriste Les Engag\u00e9s\u00a0; des nationalistes flamands de la N-VA\u00a0; et des socialistes flamands de Vooruit. L\u2019Arizona succ\u00e8de \u00e0 la \u00ab\u00a0Vivaldi\u00a0\u00bb \u2013 bleu-vert-rouge-orange, ainsi nomm\u00e9e par allusion aux Quatre Saisons, le vert \u00e9tant, on s\u2019en doute, associ\u00e9 aux partis \u00e9cologistes.<\/p>\n<p>De son c\u00f4t\u00e9, apr\u00e8s les l\u00e9gislatives du 23\u00a0f\u00e9vrier 2025 cons\u00e9cutives \u00e0 l\u2019explosion en novembre\u00a02024 de la coalition \u00ab\u00a0feu tricolore\u00a0\u00bb (rouge-vert-jaune, soit SPD\/Verts\/FDP), l\u2019Allemagne est entr\u00e9e dans une <a href=\"https:\/\/fr.euronews.com\/my-europe\/2025\/04\/09\/allemagne-la-cducsu-et-le-spd-saccordent-pour-une-coalition\" rel=\"nofollow noopener\" target=\"_blank\">phase de n\u00e9gociations qui a abouti \u00e0 la mise en place d\u2019une \u00ab\u00a0coalition noire-rouge\u00a0\u00bb (CDU\/SPD)<\/a>, qu\u2019on aurait jadis appel\u00e9e \u00ab\u00a0grande coalition\u00a0\u00bb. Avant le scrutin, on envisageait d\u2019autres options comme une \u00ab\u00a0coalition Kenya\u00a0\u00bb (noir-rouge-vert, soit CDU\/SPD\/Verts), faute de pouvoir aller vers une \u00ab\u00a0Jama\u00efque\u00a0\u00bb (noir-vert-jaune) ou une \u00ab\u00a0allemande\u00a0\u00bb (noir-rouge-jaune).<\/p>\n<p>Dans le m\u00eame temps, en Autriche, cinq\u00a0mois apr\u00e8s les derni\u00e8res l\u00e9gislatives, <a href=\"https:\/\/www.7sur7.be\/monde\/feu-vert-pour-un-gouvernement-de-coalition-en-autriche%7Ea1ee7b5f\/\" rel=\"nofollow noopener\" target=\"_blank\">on s\u2019achemine<\/a> vers une coalition \u00ab\u00a0turquoise-rouge-rose\u00a0\u00bb (conservateurs de l\u2019\u00d6VP, sociaux-d\u00e9mocrates du SP\u00d6, lib\u00e9raux de NEOS), et non pas, comme \u00e9voqu\u00e9 encore r\u00e9cemment, vers les options \u00ab\u00a0bleu-turquoise\u00a0\u00bb (extr\u00eame droite du FP\u00d6 alli\u00e9e \u00e0 l\u2019\u00d6VP) ou \u00ab\u00a0turquoise-rouge\u00a0\u00bb (\u00d6VP\/SP\u00d6). Tout cela tandis que la coalition \u00ab\u00a0turquoise-vert\u00a0\u00bb (\u00d6VP\/Verts) en place g\u00e8re les affaires courantes.<\/p>\n<p><a href=\"https:\/\/www.ouest-france.fr\/leditiondusoir\/2021-09-08\/jamaicaine-kenyane-feu-tricolore-ces-droles-de-noms-de-coalitions-gouvernementales-en-allemagne-ea3067a8-61f7-4830-ba60-4d33c126e60c\" rel=\"nofollow noopener\" target=\"_blank\">De quoi y perdre son nuancier<\/a>\u00a0! Mais d\u2019o\u00f9 sortent ces jeux de couleurs, et que nous r\u00e9v\u00e8le leur absence en France\u00a0?<\/p>\n<p>La couleur comme marqueur politique traditionnel<\/p>\n<p><a href=\"https:\/\/journals.openedition.org\/mots\/21664\" rel=\"nofollow noopener\" target=\"_blank\">L\u2019usage d\u2019une couleur comme marqueur politique<\/a> est assez fr\u00e9quent, mais implique que le paysage politique soit per\u00e7u comme stable et organis\u00e9 autour de blocs bien identifi\u00e9s. <a href=\"https:\/\/shs.cairn.info\/revue-romantisme-2012-3-page-75\" rel=\"nofollow noopener\" target=\"_blank\">Il s\u2019inscrit souvent dans la longue dur\u00e9e<\/a>.<\/p>\n<p>Comme l\u2019a <a href=\"https:\/\/www.jstor.org\/stable\/40989378\" rel=\"nofollow noopener\" target=\"_blank\">amplement montr\u00e9 l\u2019historien Maurice Agulhon<\/a>, c\u2019\u00e9tait le cas au XIXe\u00a0si\u00e8cle et sous la IIIe\u00a0R\u00e9publique, o\u00f9 la politique locale \u00e9tait souvent structur\u00e9e entre les \u00ab\u00a0Blancs\u00a0\u00bb (royalistes) et les \u00ab\u00a0Bleus\u00a0\u00bb (r\u00e9publicains), auxquels se sont vite ajout\u00e9s les \u00ab\u00a0Rouges\u00a0\u00bb (socialistes), qui ont souvent supplant\u00e9 les \u00ab\u00a0Bleus\u00a0\u00bb comme ennemis arch\u00e9typaux des \u00ab\u00a0Blancs\u00a0\u00bb.<\/p>\n<p>Ce type d\u2019opposition se retrouve dans de nombreux pays marqu\u00e9s par le bipartisme ou le tripartisme, avec des nuances importantes dans le choix de couleurs. En Europe, en particulier, pour d\u00e9signer le christianisme politique, le blanc a souvent laiss\u00e9 la place au noir, couleur de la soutane (m\u00eame si la d\u00e9mocratie chr\u00e9tienne italienne fut longtemps appel\u00e9e elle aussi \u00ab\u00a0la baleine blanche\u00a0\u00bb). Les \u00ab\u00a0Noirs\u00a0\u00bb sont les d\u00e9mocrates-chr\u00e9tiens, notamment ceux des pays o\u00f9 le catholicisme est la confession majoritaire.<\/p>\n<p>La puissance d\u2019identification de la couleur n\u2019est pas circonscrite au pass\u00e9\u00a0: que l\u2019on pense aux <a href=\"https:\/\/journals.openedition.org\/mots\/21672\" rel=\"nofollow noopener\" target=\"_blank\">Verts<\/a> un peu partout en Europe et dans le monde aujourd\u2019hui, ou encore \u00e0 la <a href=\"https:\/\/journals.openedition.org\/mots\/21714\" rel=\"nofollow noopener\" target=\"_blank\">\u00ab\u00a0r\u00e9volution orange\u00a0\u00bb<\/a> ukrainienne de 2004.<\/p>\n<p>Ces codes couleur reposent sur des repr\u00e9sentations partag\u00e9es qui doivent \u00eatre facilement identifiables pour fonctionner, et qui forment un syst\u00e8me\u00a0: les pays o\u00f9 le noir est la couleur de la d\u00e9mocratie chr\u00e9tienne sont ceux qui associent le brun \u00e0 l\u2019extr\u00eame droite\u00a0; en <a href=\"https:\/\/books.openedition.org\/larhra\/8225\" rel=\"nofollow noopener\" target=\"_blank\">Italie, la d\u00e9mocratie chr\u00e9tienne \u00e9tait \u00ab\u00a0blanche\u00a0\u00bb<\/a> parce que le noir y est d\u2019abord la couleur des milices mussoliniennes et, par extension, de toute la mouvance fasciste. Ce type de code est favoris\u00e9 lorsque les syst\u00e8mes politiques nationaux durent dans le temps et que les fronti\u00e8res entre familles id\u00e9ologiques sont bien identifi\u00e9es, notamment parce que celles-ci sont associ\u00e9es \u00e0 des blocs socioculturels voire socio-confessionnels.<\/p>\n<\/p>\n<p>La fragmentation croissante du paysage politique de nombreux pays s\u2019accompagne souvent d\u2019un rebranding qui affecte aussi les couleurs\u00a0: ainsi, le noir chr\u00e9tien-d\u00e9mocrate c\u00e8de souvent la place \u00e0 l\u2019orange (en Flandre, mais aussi en France avec le Modem, plus sporadiquement en Allemagne pour la CDU) ou au turquoise (en Autriche, ou plus r\u00e9cemment en Wallonie). On a alors vite fait de s\u2019y perdre \u2013\u00a0et cela, d\u2019autant plus que les d\u00e9nominations des coalitions ne vont pas toujours de soi (tout le monde ne se figure pas spontan\u00e9ment le drapeau de l\u2019Arizona ou celui du Kenya).<\/p>\n<p>L\u2019art de nommer une coalition<\/p>\n<p>Reconna\u00eetre qu\u2019une coalition en est une ne va pas de soi. Nommer la coalition, c\u2019est aussi la circonscrire et reconna\u00eetre l\u2019opposition. En France, le gouvernement minoritaire de Fran\u00e7ois Bayrou est une coalition qui inclut les composantes historiques du macronisme (dont la principale n\u2019a jamais reconnu l\u2019usage pourtant quasi g\u00e9n\u00e9ralis\u00e9 du <a href=\"https:\/\/www.ouest-france.fr\/leditiondusoir\/2017-06-13\/pourquoi-macron-est-il-souvent-jaune-d7776a31-40d7-4e1f-bf7d-86770bbc7ffa\" rel=\"nofollow noopener\" target=\"_blank\">jaune<\/a> pour la repr\u00e9senter, de <a href=\"https:\/\/journals.openedition.org\/mots\/25201\" rel=\"nofollow noopener\" target=\"_blank\">m\u00eame qu\u2019elle peine \u00e0 se qualifier programmatiquement<\/a>) et les r\u00e9publicains.<\/p>\n<p>En Belgique, une configuration analogue entre \u00ab\u00a0Bleus\u00a0\u00bb, \u00ab\u00a0Jaunes\u00a0\u00bb et d\u00e9mocrates chr\u00e9tiens fut appel\u00e9e \u00ab\u00a0su\u00e9doise\u00a0\u00bb (drapeau bleu et jaune incluant une croix). Un esprit taquin rappellerait que, chez les francophones, elle fut aussi appel\u00e9e \u00ab\u00a0Coalition kamikaze\u00a0\u00bb du fait de son caract\u00e8re fortement minoritaire au sein de l\u2019\u00e9lectorat wallon. Mais, en France, le terme retenu est \u00ab\u00a0Bloc central\u00a0\u00bb, en partie sans doute pour maintenir l\u2019id\u00e9e que le Parti socialiste, parfois inclus dans cette d\u00e9signation ambigu\u00eb, y serait le bienvenu.<\/p>\n<p>Cette opacit\u00e9 des d\u00e9signations de coalition a des pr\u00e9c\u00e9dents, comme le \u00ab\u00a0Bloc national\u00a0\u00bb de 1919, voire la \u00ab\u00a0Troisi\u00e8me Force\u00a0\u00bb du milieu de la IVe\u00a0R\u00e9publique, dont la rh\u00e9torique n\u2019est pas sans rappeler celle du \u00ab\u00a0Bloc central\u00a0\u00bb contre \u00ab\u00a0les extr\u00eames\u00a0\u00bb.<\/p>\n<p>De fa\u00e7on g\u00e9n\u00e9rale, les coalitions de centre droit refusent les \u00e9tiquettes qui impliqueraient d\u2019exclure qui que ce soit d\u2019autre que \u00ab\u00a0les extr\u00eames\u00a0\u00bb. L\u2019exemple le plus embl\u00e9matique de cette inclusion est sans doute l\u2019\u00ab\u00a0Union pour la France\u00a0\u00bb, qui d\u00e9signait la coalition RPR-UDF dans les ann\u00e9es\u00a01990. Ce refus de la lat\u00e9ralit\u00e9 et du clivage se retrouve <a href=\"https:\/\/journals.openedition.org\/mots\/25099\" rel=\"nofollow noopener\" target=\"_blank\">dans les noms des partis<\/a>\u00a0: \u00ab\u00a0Rassemblement du peuple fran\u00e7ais\u00a0\u00bb (RPF), \u00ab\u00a0Union pour la d\u00e9mocratie fran\u00e7aise\u00a0\u00bb (UDF), \u00ab\u00a0Union pour un mouvement populaire\u00a0\u00bb (UMP).<\/p>\n<p>\u00c0 gauche, la rh\u00e9torique de coalition se veut une rh\u00e9torique de lutte et d\u2019unit\u00e9 dans le combat \u00e9lectoral. Cette dimension clivante est <a href=\"https:\/\/www.persee.fr\/doc\/mots_0243-6450_1981_num_2_1_1020\" rel=\"nofollow noopener\" target=\"_blank\">port\u00e9e parfois par le nom, parfois par son qualificatif<\/a>\u00a0: c\u2019est le \u00ab\u00a0Front populaire\u00a0\u00bb (1936), le \u00ab\u00a0Front r\u00e9publicain\u00a0\u00bb (1956)\u00a0; parfois, le nom est plus neutre (\u00ab\u00a0F\u00e9d\u00e9ration\u00a0\u00bb, \u00ab\u00a0Bloc\u00a0\u00bb, \u00ab\u00a0Cartel\u00a0\u00bb) mais il porte alors un compl\u00e9ment univoque\u00a0: \u00ab\u00a0des gauches\u00a0\u00bb ou \u00ab\u00a0de la gauche\u00a0\u00bb, selon que l\u2019on souhaite souligner la diversit\u00e9 ou au contraire la coh\u00e9sion de l\u2019ensemble. \u00c0 droite, on pr\u00e9f\u00e8re le \u00ab\u00a0Bloc\u00a0\u00bb, l\u2019\u00ab\u00a0Union\u00a0\u00bb, le \u00ab\u00a0Rassemblement\u00a0\u00bb.<\/p>\n<p>Le \u00ab\u00a0Front\u00a0\u00bb, \u00e0 droite, ne fut que rarement le nom d\u2019une coalition, et, uniquement \u00e0 l\u2019extr\u00eame droite, contre le Front populaire\u00a0; l\u00e0 encore, le nom des coalitions fait \u00e9cho \u00e0 celui des partis, et le passage du \u00ab\u00a0Front national\u00a0\u00bb au \u00ab\u00a0Rassemblement national\u00a0\u00bb correspondait aussi \u00e0 une inscription dans l\u2019histoire des droites fran\u00e7aises, une histoire qui n\u2019est pas d\u00e9pourvue d\u2019ambigu\u00eft\u00e9s en raison de son refus de nommer les clivages.<\/p>\n<p>Lorsque la coalition s\u2019assume comme telle, elle fait face \u00e0 une seconde alternative\u00a0: souligner sa coh\u00e9sion ou souligner sa diversit\u00e9. L\u2019\u00ab\u00a0Union de la gauche\u00a0\u00bb n\u2019est pas le \u00ab\u00a0Cartel des gauches\u00a0\u00bb\u2026<\/p>\n<p>            <a href=\"https:\/\/images.theconversation.com\/files\/652493\/original\/file-20250302-32-fbdrma.jpg?ixlib=rb-4.1.0&amp;q=45&amp;auto=format&amp;w=1000&amp;fit=clip\" rel=\"nofollow noopener\" target=\"_blank\"><img decoding=\"async\" alt=\"\" class=\"lazyload\" src=\"https:\/\/www.europesays.com\/fr\/wp-content\/uploads\/2025\/08\/file-20250302-32-fbdrma.jpg\"  \/><\/a><\/p>\n<p>              Le Cartel des gauches (1924-1926) rassemblait en France des partis qui s\u2019opposaient sur de nombreux points.<\/p>\n<p>On trouve le m\u00eame enjeu dans les pays o\u00f9 chaque parti a sa couleur attitr\u00e9e\u00a0: la \u00ab\u00a0violette\u00a0\u00bb (bleue et rouge) de la Belgique des ann\u00e9es\u00a01990 donnait \u00e0 voir sa coh\u00e9sion de fa\u00e7on autrement plus claire que le \u00ab\u00a0feu tricolore\u00a0\u00bb allemand.<\/p>\n<p>Se doter d\u2019une \u00e9tiquette programmatique est une strat\u00e9gie fr\u00e9quente pour qui entend souligner son aspiration \u00e0 gouverner\u00a0: les premi\u00e8res coalitions \u00ab\u00a0rouge-jaune\u00a0\u00bb en Allemagne se disaient \u00ab\u00a0coalitions sociales-lib\u00e9rales\u00a0\u00bb\u00a0; la coalition des partis de centre droit en Suisse est la \u00ab\u00a0coalition bourgeoise\u00a0\u00bb ou le \u00ab\u00a0bloc bourgeois\u00a0\u00bb. Ces d\u00e9nominations programmatiques ont un avantage important\u00a0: celui de pouvoir \u00eatre employ\u00e9es, en contexte \u00e9lectoral, comme le r\u00e9sum\u00e9 de la plateforme d\u2019une coalition pr\u00e9existante. L\u2019accumulation de couleurs, en revanche, est plut\u00f4t typique des accords de coalition pass\u00e9s apr\u00e8s le vote, au vu du r\u00e9sultat.<\/p>\n<p>Fruits ou drapeaux\u00a0?<\/p>\n<p>Si l\u2019on multiplie les couleurs, plusieurs options sont possibles. Il semble que la m\u00e9taphore du fruit rencontre peu de succ\u00e8s\u00a0: ainsi le terme \u00ab\u00a0coalition kiwi\u00a0\u00bb pour une alliance entre les chr\u00e9tiens-d\u00e9mocrates et les Verts a \u00e9t\u00e9 propos\u00e9 dans les pays germanophones, mais ne s\u2019est pas plus impos\u00e9 que la \u00ab\u00a0papaye\u00a0\u00bb noire et orange (coalition en place en Bavi\u00e8re).<\/p>\n<p>Une exception notable est la r\u00e9cente \u00ab\u00a0coalition des m\u00fbres\u00a0\u00bb, une coalition tripartite r\u00e9gionale en Allemagne orientale, qui couvre une grande amplitude id\u00e9ologique, de la d\u00e9mocratie chr\u00e9tienne (noir) au souverainisme de gauche (violet) en passant par la social-d\u00e9mocratie (rouge). Les m\u00fbres passent par ces trois couleurs. De fa\u00e7on g\u00e9n\u00e9rale, il est difficile de pr\u00e9dire le succ\u00e8s d\u2019une \u00e9tiquette\u00a0; sans doute les images de fruit ou de drapeau sont-elles favoris\u00e9es dans les contextes de coalitions tri- ou quadripartites, l\u00e0 o\u00f9 la simple juxtaposition l\u2019emporte quand il n\u2019y a que deux partis dans l\u2019alliance.<\/p>\n<p>            <img decoding=\"async\" alt=\"\" class=\"lazyload\" src=\"https:\/\/www.europesays.com\/fr\/wp-content\/uploads\/2025\/08\/file-20250302-38-fglm4x.jpg\"  \/><\/p>\n<p>              Le 11\u00a0d\u00e9cembre 2024 \u00e0 Erfurt, Steffen\u00a0Sch\u00fctz et Katja\u00a0Wolf, copr\u00e9sidents de la section de Thuringe du parti de gauche Alliance<br \/>\nSahra Wagenknecht (BSW), posent avec des bouteilles de \u00ab\u00a0bi\u00e8re de m\u00fbre\u00a0\u00bb, allusion \u00e0 la \u00ab\u00a0coalition des m\u00fbres\u00a0\u00bb que leur parti, dont la couleur est le violet, vient de cr\u00e9er dans ce Land avec le SPD (rouge) et la CDU (noir), dont on voit ici \u00e0 droite le pr\u00e9sident en Thuringe, Mario\u00a0Voigt.<br \/>\n              Jens Schlueter\/AFP<\/p>\n<p>Le jeu des drapeaux pr\u00e9sente un int\u00e9r\u00eat mn\u00e9motechnique et fonctionnel\u00a0: Arizona, Kenya, Jama\u00efque\u2026 Le choix du drapeau permet \u00e9galement d\u2019envoyer un message\u00a0: lorsque la \u00ab\u00a0grande coalition\u00a0\u00bb ne suffit plus, on peut utiliser la <a href=\"https:\/\/www.deutschlandfunk.de\/schwarz-rot-gold-gelb-100.html\" rel=\"nofollow noopener\" target=\"_blank\">\u00ab\u00a0Coalition allemande\u00a0\u00bb<\/a>, noire rouge et jaune, celle des trois partis historiques, dont le nom invoque l\u2019unit\u00e9 nationale. Un pr\u00e9c\u00e9dent existe\u00a0: sous la R\u00e9publique de Weimar, la m\u00eame coalition \u00e9tait dite \u00ab\u00a0prussienne\u00a0\u00bb pour se pr\u00e9valoir de sa stabilit\u00e9 dans la province en question.<\/p>\n<p>            <a href=\"https:\/\/images.theconversation.com\/files\/652491\/original\/file-20250302-32-dpkjox.png?ixlib=rb-4.1.0&amp;q=45&amp;auto=format&amp;w=1000&amp;fit=clip\" rel=\"nofollow noopener\" target=\"_blank\"><img decoding=\"async\" alt=\"\" class=\"lazyload\" src=\"https:\/\/www.europesays.com\/fr\/wp-content\/uploads\/2025\/08\/file-20250302-32-dpkjox.png\"  \/><\/a><\/p>\n<p>              Logo de l\u2019Olivier (Italie), coalition qui a exist\u00e9 de 1995 \u00e0 2007.<\/p>\n<p>L\u2019\u00ab\u00a0Olivier\u00a0\u00bb rouge et vert, apparu dans plusieurs pays (l\u2019Italie, la Belgique ou encore la Gr\u00e8ce) dans les ann\u00e9es\u00a02000 et 2010, joue m\u00eame sur plusieurs tableaux\u00a0: il invoque une exp\u00e9rience italienne aux contours un peu diff\u00e9rents d\u2019une simple juxtaposition entre sociale-d\u00e9mocratie et \u00e9cologie politique, puisqu\u2019il exprime l\u2019id\u00e9e d\u2019une coalition du centre (bleu), de partis de gauche et de centre gauche (rouge) et du parti \u00e9cologiste (vert). Il h\u00e9rite \u00e9galement de la m\u00e9taphore initiale, celle de la plante qui pousse et qui donne des fruits utiles, et celle de l\u2019arbre de paix. En Italie comme en Gr\u00e8ce et en Belgique, la coalition h\u00e9rite <a href=\"https:\/\/shs.cairn.info\/revue-la-pensee-de-midi-2004-3-page-99\" rel=\"nofollow noopener\" target=\"_blank\">du prestige et de la noblesse<\/a> associ\u00e9s \u00e0 la plante en question.<\/p>\n<p>Enfin, on peut jouer\u00a0: la \u00ab\u00a0Vivaldi\u00a0\u00bb belge, tout en assumant son caract\u00e8re h\u00e9t\u00e9roclite, se voulait ludique et convoquait surtout l\u2019univers musical, celui o\u00f9 des instruments aux sonorit\u00e9s diff\u00e9rentes savent composer un ensemble harmonieux. Et n\u2019est-ce pas finalement ce qu\u2019on attend d\u2019un gouvernement fonctionnel\u00a0?<\/p>\n<p>La m\u00e9taphore est bien s\u00fbr un puissant vecteur de coh\u00e9sion, qu\u2019il s\u2019agisse des termes \u00ab\u00a0front\u00a0\u00bb ou \u00ab\u00a0bloc\u00a0\u00bb, ou de l\u2019\u00e9tiquette sp\u00e9cifique choisie\u00a0: l\u2019arbre mill\u00e9naire pour \u00ab\u00a0l\u2019Olivier\u00a0\u00bb, le concert harmonieux pour \u00ab\u00a0la Vivaldi\u00a0\u00bb. La coalition rouge-vert peut \u00e9galement s\u2019appeler, ici ou l\u00e0, \u00ab\u00a0coquelicot\u00a0\u00bb pour \u00e9voquer le printemps et la nature en f\u00eate. En Belgique encore, la droite flamande parle de \u00ab\u00a0dragon rouge\u00a0\u00bb pour d\u00e9noncer une coalition des gauches.<\/p>\n<p>La d\u00e9mocratie chr\u00e9tienne autrichienne, pass\u00e9e r\u00e9cemment au turquoise, a m\u00eame renou\u00e9 avec le noir le temps d\u2019une promesse de coalition sous la houlette des sociaux-d\u00e9mocrates (rouges) aux derni\u00e8res \u00e9lections locales \u00e0 Vienne : il s&rsquo;agissait de promettre la pacification politique et sociale gr\u00e2ce \u00e0 une \u00ab\u00a0:coalition de l&rsquo;extincteur\u00a0:\u00bb, car l\u00e0-bas aussi l&rsquo;appareil est rouge avec des touches de noir.<\/p>\n<p>L\u2019analyse de la d\u00e9signation des coalitions ouvre une fen\u00eatre sur la puissance suggestive et argumentative des d\u00e9signations individuelles\u00a0: nommer, c\u2019est toujours qualifier. <\/p>\n<p>La qualification peut \u00eatre assum\u00e9e ou non, consciente ou non\u00a0; elle peut \u00eatre m\u00e9taphorique\u00a0; elle peut \u00eatre opaque ou se vouloir transparente\u00a0; elle s\u2019inscrit dans une histoire, parfois m\u00eame dans une tradition. Surtout, elle est toujours biais\u00e9e. M\u00eame le jeu des drapeaux, dans son apparente na\u00efvet\u00e9, est lourd d\u2019implications politiques, ne serait-ce que parce qu\u2019il implique de reconna\u00eetre la fronti\u00e8re entre l\u2019int\u00e9rieur et l\u2019ext\u00e9rieur de la coalition et pose ainsi la question du partage entre majorit\u00e9 et opposition.<\/p>\n<p>Nommer la coalition, c\u2019est aussi prendre position sur la tension qui peut exister entre coh\u00e9rence programmatique et compromis, avec en creux un double imp\u00e9ratif d\u00e9mocratique\u00a0: la fid\u00e9lit\u00e9 aux engagements et l\u2019acceptation de l\u2019existence d\u2019un clivage. Peut-\u00eatre la politique fran\u00e7aise gagnerait-elle \u00e0 discuter plus souvent, si ce n\u2019est des go\u00fbts, du moins des couleurs.<\/p>\n","protected":false},"excerpt":{"rendered":"Friedrich Merz devient ce 6 mai chancelier de l\u2019Allemagne \u00e0 la t\u00eate d\u2019une coalition r\u00e9unissant son parti de&hellip;\n","protected":false},"author":2,"featured_media":303589,"comment_status":"","ping_status":"","sticky":false,"template":"","format":"standard","meta":{"footnotes":""},"categories":[1587],"tags":[11,672,1804,1805,1803,1777,674,1801,12,1802],"class_list":{"0":"post-303588","1":"post","2":"type-post","3":"status-publish","4":"format-standard","5":"has-post-thumbnail","7":"category-allemagne","8":"tag-actualites","9":"tag-allemagne","10":"tag-bundesrepublik-deutschland","11":"tag-de","12":"tag-deutschland","13":"tag-eu","14":"tag-europe","15":"tag-germany","16":"tag-news","17":"tag-republique-federale-dallemagne"},"share_on_mastodon":{"url":"https:\/\/pubeurope.com\/@fr\/114989476580548554","error":""},"_links":{"self":[{"href":"https:\/\/www.europesays.com\/fr\/wp-json\/wp\/v2\/posts\/303588","targetHints":{"allow":["GET"]}}],"collection":[{"href":"https:\/\/www.europesays.com\/fr\/wp-json\/wp\/v2\/posts"}],"about":[{"href":"https:\/\/www.europesays.com\/fr\/wp-json\/wp\/v2\/types\/post"}],"author":[{"embeddable":true,"href":"https:\/\/www.europesays.com\/fr\/wp-json\/wp\/v2\/users\/2"}],"replies":[{"embeddable":true,"href":"https:\/\/www.europesays.com\/fr\/wp-json\/wp\/v2\/comments?post=303588"}],"version-history":[{"count":0,"href":"https:\/\/www.europesays.com\/fr\/wp-json\/wp\/v2\/posts\/303588\/revisions"}],"wp:featuredmedia":[{"embeddable":true,"href":"https:\/\/www.europesays.com\/fr\/wp-json\/wp\/v2\/media\/303589"}],"wp:attachment":[{"href":"https:\/\/www.europesays.com\/fr\/wp-json\/wp\/v2\/media?parent=303588"}],"wp:term":[{"taxonomy":"category","embeddable":true,"href":"https:\/\/www.europesays.com\/fr\/wp-json\/wp\/v2\/categories?post=303588"},{"taxonomy":"post_tag","embeddable":true,"href":"https:\/\/www.europesays.com\/fr\/wp-json\/wp\/v2\/tags?post=303588"}],"curies":[{"name":"wp","href":"https:\/\/api.w.org\/{rel}","templated":true}]}}