{"id":303596,"date":"2025-08-07T20:58:19","date_gmt":"2025-08-07T20:58:19","guid":{"rendered":"https:\/\/www.europesays.com\/fr\/303596\/"},"modified":"2025-08-07T20:58:19","modified_gmt":"2025-08-07T20:58:19","slug":"les-discours-ambitieux-de-luis-enrique-et-al-khelaifi","status":"publish","type":"post","link":"https:\/\/www.europesays.com\/fr\/303596\/","title":{"rendered":"Les discours ambitieux de Luis Enrique et Al-Khela\u00effi"},"content":{"rendered":"<p><img width=\"700\" height=\"350\" src=\"https:\/\/www.europesays.com\/fr\/wp-content\/uploads\/2025\/08\/Luis-Enrique-Al-Khelaifi-Campos.jpg\" class=\"attachment-jannah-image-post size-jannah-image-post wp-post-image\" alt=\"Luis enrique al khelaifi campos\" is_main_img=\"1\" decoding=\"async\" fetchpriority=\"high\"  \/><\/p>\n<p>Ce mercredi, les Parisiens ont retrouv\u00e9 le chemin du Campus<br \/>\nPSG pour pr\u00e9parer la saison 2025-2026. Apr\u00e8s un exercice<br \/>\nhistorique, Luis Enrique et Nasser Al-Khela\u00effi ont tenu un discours<br \/>\nambitieux devant les joueurs pour la saison \u00e0 venir.<\/p>\n<p>Le <strong>PSG<\/strong> entame sa <strong><a href=\"https:\/\/canal-supporters.com\/les-images-de-la-reprise-du-psg\/\" title=\"\" target=\"_blank\" rel=\"noopener\">pr\u00e9paration<\/a><\/strong> pour la saison 2025-2026. Apr\u00e8s<br \/>\nun exercice historique marqu\u00e9 par un quadrupl\u00e9 dont la premi\u00e8re<br \/>\n<strong>Ligue des champions<\/strong> de l\u2019histoire du club, les<br \/>\nRouge &amp; Bleu ont d\u00e9sormais un statut \u00e0 d\u00e9fendre. Et pour le premier<br \/>\nentra\u00eenement du groupe ce jeudi, <strong><a href=\"https:\/\/canal-supporters.com\/psg-le-message-de-remerciement-de-nasser-al-khelaifi\/\" title=\"\" target=\"_blank\" rel=\"noopener\">Nasser al-Khela\u00effi<\/a><\/strong> a tenu un discours devant<br \/>\nses joueurs \u00e0 six jours du match de <strong>Supercoupe<br \/>\nd\u2019Europe<\/strong> face \u00e0 <strong>Tottenham<\/strong> (13 ao\u00fbt).<\/p>\n<p>\u00ab\u00a0On<br \/>\nsera plus fort cette ann\u00e9e\u00a0\u00bb<\/p>\n<p>Dans des propos rapport\u00e9s par <strong><a href=\"https:\/\/www.leparisien.fr\/sports\/football\/ligue-1\/il-faut-marquer-lhistoire-sur-la-duree-le-message-de-nasser-al-khelaifi-a-ses-joueurs-pour-la-reprise-07-08-2025-W4255CSRUZCPJCMK6VTFSFSGWQ.php\" target=\"_blank\" rel=\"noopener\" title=\"\">Le<br \/>\nParisien<\/a><\/strong>, le pr\u00e9sident parisien a tenu un<br \/>\ndiscours fort et ambitieux devant le groupe. \u00ab\u00a0Ce n\u2019est<br \/>\nqu\u2019un d\u00e9but. il faut \u00e9crire l\u2019histoire sur la dur\u00e9e. On sera<br \/>\nattendu. Toutes les \u00e9quipes vont vouloir nous battre parce qu\u2019on<br \/>\nest champion d\u2019Europe. Il faudra avoir pour objectif de tout<br \/>\ngagner. Le collectif est au-dessus de tout. Je vous demande de<br \/>\nrester solidaires, collectif avec un jeu port\u00e9 vers<br \/>\nl\u2019offensive\u00a0\u00bb, a d\u00e9clar\u00e9 NAK en insistant sur la notion<br \/>\nde groupe. Un discours semblable \u00e0 celui de <strong>Luis<br \/>\nEnrique<\/strong>, qui continue de maintenir des objectifs \u00e9lev\u00e9s<br \/>\napr\u00e8s cette saison de tous les records, dans des propos rapport\u00e9s<br \/>\npar <strong><a href=\"https:\/\/rmcsport.bfmtv.com\/football\/ligue-1\/psg-on-sera-plus-forts-cette-annee-ce-qu-ont-dit-luis-enrique-et-al-khelaifi-aux-joueurs-parisiens_AV-202508070391.html\" target=\"_blank\" rel=\"noopener\" title=\"\">RMC Sport<\/a><\/strong><br \/>\n: \u00ab\u00a0On sera plus forts cette ann\u00e9e. Et \u00e7a commence la<br \/>\nsemaine prochaine.\u00a0\u00bb Rendez-vous donc le 13 ao\u00fbt avec un<br \/>\ntroph\u00e9e en jeu face \u00e0 <strong>Tottenham<\/strong>.<\/p>\n<\/p>\n<p>Youtube :<br \/>\n<strong><a href=\"https:\/\/www.youtube.com\/@CanalSupportersParis\" target=\"_blank\" rel=\"noopener\" title=\"\">Canal Supporters<br \/>\nParis<\/a><\/strong><\/p>\n","protected":false},"excerpt":{"rendered":"Ce mercredi, les Parisiens ont retrouv\u00e9 le chemin du Campus PSG pour pr\u00e9parer la saison 2025-2026. Apr\u00e8s un&hellip;\n","protected":false},"author":2,"featured_media":303597,"comment_status":"","ping_status":"","sticky":false,"template":"","format":"standard","meta":{"footnotes":""},"categories":[2],"tags":[11,26478,81,787,5208,1011,27,44359,921,2781,11486,12,91,26479,93,25,23077,96],"class_list":{"0":"post-303596","1":"post","2":"type-post","3":"status-publish","4":"format-standard","5":"has-post-thumbnail","7":"category-actualites","8":"tag-actualites","9":"tag-al-khelaifi-psg","10":"tag-canal-supporters","11":"tag-cs","12":"tag-entraineur-psg","13":"tag-fr","14":"tag-france","15":"tag-groupe-psg","16":"tag-luis-enrique","17":"tag-luis-enrique-psg","18":"tag-nasser-al-khelaifi","19":"tag-news","20":"tag-paris-saint-germain","21":"tag-president-psg","22":"tag-psg","23":"tag-republique-francaise","24":"tag-saison-2025-2026","25":"tag-une"},"share_on_mastodon":{"url":"https:\/\/pubeurope.com\/@fr\/114989492271171553","error":""},"_links":{"self":[{"href":"https:\/\/www.europesays.com\/fr\/wp-json\/wp\/v2\/posts\/303596","targetHints":{"allow":["GET"]}}],"collection":[{"href":"https:\/\/www.europesays.com\/fr\/wp-json\/wp\/v2\/posts"}],"about":[{"href":"https:\/\/www.europesays.com\/fr\/wp-json\/wp\/v2\/types\/post"}],"author":[{"embeddable":true,"href":"https:\/\/www.europesays.com\/fr\/wp-json\/wp\/v2\/users\/2"}],"replies":[{"embeddable":true,"href":"https:\/\/www.europesays.com\/fr\/wp-json\/wp\/v2\/comments?post=303596"}],"version-history":[{"count":0,"href":"https:\/\/www.europesays.com\/fr\/wp-json\/wp\/v2\/posts\/303596\/revisions"}],"wp:featuredmedia":[{"embeddable":true,"href":"https:\/\/www.europesays.com\/fr\/wp-json\/wp\/v2\/media\/303597"}],"wp:attachment":[{"href":"https:\/\/www.europesays.com\/fr\/wp-json\/wp\/v2\/media?parent=303596"}],"wp:term":[{"taxonomy":"category","embeddable":true,"href":"https:\/\/www.europesays.com\/fr\/wp-json\/wp\/v2\/categories?post=303596"},{"taxonomy":"post_tag","embeddable":true,"href":"https:\/\/www.europesays.com\/fr\/wp-json\/wp\/v2\/tags?post=303596"}],"curies":[{"name":"wp","href":"https:\/\/api.w.org\/{rel}","templated":true}]}}