{"id":303603,"date":"2025-08-07T21:05:12","date_gmt":"2025-08-07T21:05:12","guid":{"rendered":"https:\/\/www.europesays.com\/fr\/303603\/"},"modified":"2025-08-07T21:05:12","modified_gmt":"2025-08-07T21:05:12","slug":"les-pilotes-ducati-se-rodent-au-balaton-park-pour-le-gp-de-hongrie","status":"publish","type":"post","link":"https:\/\/www.europesays.com\/fr\/303603\/","title":{"rendered":"Les pilotes Ducati se rodent au Balaton Park pour le GP de Hongrie"},"content":{"rendered":"<p>Les vacances des pilotes MotoGP ne sont pas de tout repos. Surtout pas pour Johann Zarco, , ni pour Jack Miller qui a assist\u00e9 au doubl\u00e9 &#8211; et au salto\u00a0! &#8211; de notre compatriote aux premi\u00e8res loges\u00a0: l&rsquo;australien pilotait la Yamaha n\u00b021 arriv\u00e9e 34 secondes derri\u00e8re la Honda n\u00b030 victorieuse.<\/p>\n<p>Les pilotes Ducati aussi ont du interrompre leurs cong\u00e9s afin de se rendre \u00e0 une petite centaine de kilom\u00e8tres de Budapest, capitale de la Hongrie qui effectue son retour au calendrier MotoGP, quelques 23 ans apr\u00e8s le second GP disput\u00e9 au Hungaroring et 15 ans apr\u00e8s la tentative avort\u00e9e du Balaton Ring&#8230;<\/p>\n<p>\u00ab\u00a0Un nouveau circuit qui n\u2019a de circuit que le nom\u2026 sans aucun plaisir et int\u00e9r\u00eat !\u00a0\u00bb, , champion du monde Supersport 2017 sur Yamaha R6 d&rsquo;usine, et actuel 6\u00e8me du m\u00eame World Supersport au guidon cette fois d&rsquo;une toute nouvelle R9 align\u00e9e par le GMT94&#8230; et aux car\u00e9nages rectifi\u00e9s par Lucas en premi\u00e8re manche hongroise puis par l&rsquo;un de ses concurrents en seconde. Comme dirait le Chevalier de Groland\u00a0: \u00ab\u00a0Pas de cul, My ass&#8230;\u00a0\u00bb<\/p>\n<p align=\"Center\"><img decoding=\"async\" src=\"https:\/\/www.europesays.com\/fr\/wp-content\/uploads\/2025\/08\/balaton-park-2025-wssp-mahias-gmt94.jpg\" alt=\"Les pilotes Ducati se rodent au Balaton Park pour le GP de Hongrie \" title=\"Les pilotes Ducati se rodent au Balaton Park pour le GP de Hongrie \"\/><\/p>\n<p>C&rsquo;est avec son parler toujours aussi franc et brut &#8211; les Moto-Nautes se souviennent avec d\u00e9lectation de notre interview titr\u00e9e \u00ab\u00a0En test les chronos ne servent \u00e0 rien, c&rsquo;est une connerie\u00a0\u00bb -, le nouveau record man du Circuit Carole ne cache pas son d\u00e9samour pour le circuit hongrois qui accueillait sa toute premi\u00e8re \u00e9preuve internationale \u00e0 l&rsquo;occasion justement, du passage du WorldSBK.<\/p>\n<p>Nettement plus polic\u00e9 dans le communiqu\u00e9 de presse officiel de Ducati, le ton laisse n\u00e9anmoins pointer des doutes sur la joie qu&rsquo;affichaient notamment Marc Marquez et Pecco Bagnaia \u00e0 l&rsquo;issue de leur tout premier roulage sur cette piste sortie de terre en 2023.<\/p>\n<p align=\"Center\"><img loading=\"lazy\" decoding=\"async\" src=\"https:\/\/www.europesays.com\/fr\/wp-content\/uploads\/2025\/08\/balaton-park-2025-test-ducati-morbidelli.jpg\" alt=\"Les pilotes Ducati se rodent au Balaton Park pour le GP de Hongrie \" title=\"Les pilotes Ducati se rodent au Balaton Park pour le GP de Hongrie \" width=\"650\" height=\"469\"\/><\/p>\n<p>L&rsquo;octuple champion de Grand Prix moto et confortable leader au classement MotoGP provisoire assure avoir pass\u00e9 une magnifique journ\u00e9e en compagnie du d\u00e9partement course de Ducati, de son frangin et de ses coll\u00e8gues. Mais le caract\u00e8re \u00ab\u00a0Stop&amp;Go\u00a0\u00bb du circuit va contraindre \u00ab\u00a0Marc-quez\u00a0\u00bb \u00e0 modifier son pilotage.\u00a0: retrouver ses freinages de trappeur et sorties de virage guignolesques, casque dans l&rsquo;axe de roue avant&#8230; pour continuer \u00e0 doser ses concurrents\u00a0?!<\/p>\n<p>Sa r\u00e9cente et outrageuse domination en cat\u00e9gorie reine laisse planer peu de doute sur l&rsquo;issue du troisi\u00e8me Grand Prix de Hongrie\u00a0de l&rsquo;Histoire : le n\u00b093 espagnol devrait signer la pole &#8211; sinon partir de la premi\u00e8re ligne &#8211; puis remporter une \u00e9vidente victoire en Sprint le samedi, avant de s&rsquo;imposer tr\u00e8s certainement sur ce nouveau trac\u00e9 le dimanche.<\/p>\n<p align=\"Center\"><img loading=\"lazy\" decoding=\"async\" src=\"https:\/\/www.europesays.com\/fr\/wp-content\/uploads\/2025\/08\/balaton-park-2025-test-ducati-gresini.jpg\" alt=\"Les pilotes Ducati se rodent au Balaton Park pour le GP de Hongrie \" title=\"Les pilotes Ducati se rodent au Balaton Park pour le GP de Hongrie \" width=\"650\" height=\"485\"\/><\/p>\n<p>Nos confr\u00e8res de MotoGP observent de leur c\u00f4t\u00e9 que Marc Marquez figure en t\u00eate de la liste des vainqueurs sur de nouveaux circuits dans l&rsquo;\u00e8re MotoGP, avec trois victoires inaugurales \u00e0 Austin au circuit des Am\u00e9riques en 2013, \u00e0 Termas de Rio Hondo en Argentine en 2014 et \u00e0 Buriram en Tha\u00eflande en 2018.<\/p>\n<p>Le deuxi\u00e8me meilleur pilote en terres inconnues \u00e9tait moins \u00e9vident \u00e0 nommer\u00a0puisqu&rsquo;il s&rsquo;agit de Miguel Oliveira, premier vainqueur sur le circuit Pertamina Mandalika du GP d&rsquo;Indon\u00e9sie 2022 et premier vainqueur \u00e9galement sur le circuit de Portimao lors de \u00ab\u00a0son\u00a0\u00bb GP du Portugal 2020.<\/p>\n<p align=\"Center\"><img decoding=\"async\" src=\"https:\/\/www.europesays.com\/fr\/wp-content\/uploads\/2025\/08\/balaton-park-2025-test-ducati-bagnaia.jpg\" alt=\"Les pilotes Ducati se rodent au Balaton Park pour le GP de Hongrie \" title=\"Les pilotes Ducati se rodent au Balaton Park pour le GP de Hongrie \"\/><\/p>\n<p>Contrairement \u00e0 son copain Marco Bezzecchi, victorieux lors du retour de l&rsquo;Intercontinental Circus en Inde cette ann\u00e9e sur le nouveau circuit de Buddh, Pecco Bagnaia n&rsquo;a pas encore briller sur une nouvelle piste. Or le Balaton Park ne semble pas avoir ravi le triple champion de MotoGP\u2026<\/p>\n<p>Certes, le n\u00b063 italien confie s&rsquo;\u00eatre \u00e9clat\u00e9 &#8211; au sens figur\u00e9 &#8211; au guidon de la Panigale V4. Mais il pr\u00e9voit qu&rsquo;aux commandes &#8211; aux innombrables leviers et boutons &#8211; de sa Desmosedici GP, il faudra rester tr\u00e8s concentr\u00e9 aux abords des chicanes ajout\u00e9es afin de casser la vitesse moyenne\u2026 et augmenter le spectacle\u00a0?! A suivre, du 22 au 24 ao\u00fbt, soit une semaine apr\u00e8s la reprise programm\u00e9e en Autriche sur le Red Bull Ring.<\/p>\n<p align=\"Center\"><img loading=\"lazy\" decoding=\"async\" src=\"https:\/\/www.europesays.com\/fr\/wp-content\/uploads\/2025\/08\/balaton-park-2025-test-ducati-marquez.jpg\" alt=\"Les pilotes Ducati se rodent au Balaton Park pour le GP de Hongrie \" title=\"Les pilotes Ducati se rodent au Balaton Park pour le GP de Hongrie \" width=\"650\" height=\"365\"\/><\/p>\n<p>D\u00e9couverte du Balaton Park\u00a0: d\u00e9clarations des officiels Ducati<\/p>\n<p><strong>Francesco Bagnaia, Ducati Lenovo n\u00b063\u00a0: <\/strong> <br \/>\u00ab\u00a0C&rsquo;est toujours agr\u00e9able de remonter sur la moto apr\u00e8s les vacances. Mes premi\u00e8res impressions sur le circuit de Balaton sont bonnes. Le circuit est petit, il faut \u00eatre prudent dans les chicanes, mais je suis satisfait. Le trac\u00e9 est unique et nous nous amusons bien. Ce sera diff\u00e9rent avec la Desmosedici GP, mais pour l&rsquo;instant, je m&rsquo;amuse bien avec la Panigale V4, j&rsquo;essaie m\u00eame de la faire glisser\u00a0\u00bb.<\/p>\n<p><strong>Marc Marquez, Ducati Lenovo n\u00b093\u00a0:<\/strong> <br \/>\u00ab\u00a0Une super journ\u00e9e sur la piste avec toute l&rsquo;\u00e9quipe Ducati Corse. Je suis content\u00a0! Le trac\u00e9 est unique et inhabituel. Il faudra adopter un style de pilotage l\u00e9g\u00e8rement diff\u00e9rent : c&rsquo;est un circuit o\u00f9 il faut beaucoup freiner et acc\u00e9l\u00e9rer, et il faudra s&rsquo;y adapter. Plus vite on entre dans le rythme, mieux c&rsquo;est, et on peut vraiment profiter de la vitesse. Le rev\u00eatement est bon, ils ont fait du bon boulot. J&rsquo;ai h\u00e2te de courir ici avec la machine de MotoGP\u00a0\u00bb.<\/p>\n<p>Vid\u00e9os du roulage Ducati au Balaton Park<\/p>\n<blockquote class=\"twitter-tweet\">\n<p lang=\"en\" dir=\"ltr\" xml:lang=\"en\">The type of fun they love\u2026 riders!<a href=\"https:\/\/twitter.com\/hashtag\/ForzaDucati?src=hash&amp;ref_src=twsrc%5Etfw\" rel=\"nofollow noopener\" target=\"_blank\">#ForzaDucati<\/a> <a href=\"https:\/\/twitter.com\/hashtag\/PanigaleV4?src=hash&amp;ref_src=twsrc%5Etfw\" rel=\"nofollow noopener\" target=\"_blank\">#PanigaleV4<\/a> <a href=\"https:\/\/t.co\/rYD3mkGJMx\" rel=\"nofollow\">pic.twitter.com\/rYD3mkGJMx<\/a><\/p>\n<p>\u2014 Ducati Corse (@ducaticorse) <a href=\"https:\/\/twitter.com\/ducaticorse\/status\/1952737538398966113?ref_src=twsrc%5Etfw\" rel=\"nofollow noopener\" target=\"_blank\">August 5, 2025<\/a><\/p>\n<\/blockquote>\n<blockquote class=\"twitter-tweet\">\n<p lang=\"en\" dir=\"ltr\" xml:lang=\"en\">A lap of Balaton Park with Marc Marquez <\/p>\n<p><a href=\"https:\/\/twitter.com\/marcmarquez93?ref_src=twsrc%5Etfw\" rel=\"nofollow noopener\" target=\"_blank\">@marcmarquez93<\/a> <a href=\"https:\/\/t.co\/ueKys2XuzB\" rel=\"nofollow\">pic.twitter.com\/ueKys2XuzB<\/a><\/p>\n<p>\u2014 Crash MotoGP (@crash_motogp) <a href=\"https:\/\/twitter.com\/crash_motogp\/status\/1952999965233693100?ref_src=twsrc%5Etfw\" rel=\"nofollow noopener\" target=\"_blank\">August 6, 2025<\/a><\/p>\n<\/blockquote>\n<p><script async src=\"https:\/\/platform.twitter.com\/widgets.js\" charset=\"utf-8\"><\/script><\/p>\n","protected":false},"excerpt":{"rendered":"Les vacances des pilotes MotoGP ne sont pas de tout repos. Surtout pas pour Johann Zarco, , ni&hellip;\n","protected":false},"author":2,"featured_media":303604,"comment_status":"","ping_status":"","sticky":false,"template":"","format":"standard","meta":{"footnotes":""},"categories":[1413],"tags":[1011,27,1457,1456,60],"class_list":{"0":"post-303603","1":"post","2":"type-post","3":"status-publish","4":"format-standard","5":"has-post-thumbnail","7":"category-moto","8":"tag-fr","9":"tag-france","10":"tag-moto","11":"tag-motocycle","12":"tag-sports"},"share_on_mastodon":{"url":"https:\/\/pubeurope.com\/@fr\/114989519639606959","error":""},"_links":{"self":[{"href":"https:\/\/www.europesays.com\/fr\/wp-json\/wp\/v2\/posts\/303603","targetHints":{"allow":["GET"]}}],"collection":[{"href":"https:\/\/www.europesays.com\/fr\/wp-json\/wp\/v2\/posts"}],"about":[{"href":"https:\/\/www.europesays.com\/fr\/wp-json\/wp\/v2\/types\/post"}],"author":[{"embeddable":true,"href":"https:\/\/www.europesays.com\/fr\/wp-json\/wp\/v2\/users\/2"}],"replies":[{"embeddable":true,"href":"https:\/\/www.europesays.com\/fr\/wp-json\/wp\/v2\/comments?post=303603"}],"version-history":[{"count":0,"href":"https:\/\/www.europesays.com\/fr\/wp-json\/wp\/v2\/posts\/303603\/revisions"}],"wp:featuredmedia":[{"embeddable":true,"href":"https:\/\/www.europesays.com\/fr\/wp-json\/wp\/v2\/media\/303604"}],"wp:attachment":[{"href":"https:\/\/www.europesays.com\/fr\/wp-json\/wp\/v2\/media?parent=303603"}],"wp:term":[{"taxonomy":"category","embeddable":true,"href":"https:\/\/www.europesays.com\/fr\/wp-json\/wp\/v2\/categories?post=303603"},{"taxonomy":"post_tag","embeddable":true,"href":"https:\/\/www.europesays.com\/fr\/wp-json\/wp\/v2\/tags?post=303603"}],"curies":[{"name":"wp","href":"https:\/\/api.w.org\/{rel}","templated":true}]}}