{"id":303626,"date":"2025-08-07T21:17:11","date_gmt":"2025-08-07T21:17:11","guid":{"rendered":"https:\/\/www.europesays.com\/fr\/303626\/"},"modified":"2025-08-07T21:17:11","modified_gmt":"2025-08-07T21:17:11","slug":"nagui-a-pourri-la-vie-de-la-maestro","status":"publish","type":"post","link":"https:\/\/www.europesays.com\/fr\/303626\/","title":{"rendered":"Nagui a \u201cpourri la vie\u201d de la Maestro &#8230;"},"content":{"rendered":"<p>EN BREF<\/p>\n<ul class=\"bloc_resume_post_list\">\n<li>Le 7 ao\u00fbt 2025, dans \u00ab\u00a0N\u2019oubliez pas les paroles&rsquo; sur<br \/>\nFrance 2, Nagui, Morgane et Quentin ont partag\u00e9 un moment touchant<br \/>\net dr\u00f4le.<\/li>\n<li>La Maestro Morgane a consacr\u00e9 deux ans \u00e0 r\u00e9viser la<br \/>\nvari\u00e9t\u00e9 fran\u00e7aise pour l&rsquo;\u00e9mission, suscitant une confession de<br \/>\nNagui.<\/li>\n<li>La d\u00e9termination de Morgane et le soutien de Quentin ont<br \/>\nmarqu\u00e9 les esprits, laissant entrevoir une aventure prometteuse<br \/>\ndans l&rsquo;\u00e9mission.<\/li>\n<\/ul>\n<p data-start=\"326\" data-end=\"696\">Ce jeudi 7 ao\u00fbt 2025 dans<br \/>\n<a href=\"https:\/\/www.telestar.fr\/actu_tv\/noubliez-pas-les-paroles-nagui-corrige-a-tort-le-maestro-pierre-yves-et-se-fait-remettre-a-sa-place-1733330\" target=\"_blank\" rel=\"noopener\"><br \/>\nN\u2019oubliez pas les<br \/>\nparoles<\/a> sur France 2, les t\u00e9l\u00e9spectateurs ont assist\u00e9 \u00e0 un<br \/>\nmoment aussi <strong>touchant que dr\u00f4le<\/strong> entre <a href=\"https:\/\/www.telestar.fr\/actu_tv\/noplp\/noubliez-pas-les-paroles-le-comportement-de-nagui-inquiete-meme-ses-plus-proches-1734112\" target=\"_blank\" rel=\"noopener\"><br \/>\nNagui<\/a>, la Maestro <strong>Morgane<\/strong> et son compagnon<br \/>\n<strong>Quentin<\/strong>. La <a href=\"https:\/\/www.telestar.fr\/actu_tv\/noubliez-pas-les-paroles-nagui-au-bout-du-rouleau-ce-lapsus-tres-revelateur-qui-a-surpris-le-maestro-1733629\" target=\"_blank\" rel=\"noopener\"><br \/>\nMaestro<\/a> a \u00e9mu et surtout fait rire le public.<\/p>\n<p data-start=\"326\" data-end=\"696\"><a href=\"https:\/\/www.telestar.fr\/actu_tv\/noplp\/noubliez-pas-les-paroles-des-quils-depassent-ce-constat-navrant-de-nagui-sur-lattitude-des-candidats-1733165\" target=\"_blank\" rel=\"noopener\"><br \/>\nL\u2019animateur de N\u2019oubliez pas les paroles<\/a> s\u2019est fendu<br \/>\nd\u2019une confession pleine <strong>d\u2019humour<\/strong> et d\u2019un brin de<br \/>\n<strong>culpabilit\u00e9<\/strong>. La raison ? Les<br \/>\n<strong>efforts<\/strong> de Morgane, candidate belge, qui a r\u00e9vis\u00e9<br \/>\nla <strong>vari\u00e9t\u00e9\u00a0fran\u00e7aise<\/strong> pendant de nombreuses<br \/>\nann\u00e9es pour participer \u00e0 l\u2019\u00e9mission. <a href=\"https:\/\/www.telestar.fr\/actu_tv\/c-le-zizi-nagui-evoque-la-drole-dhabitude-dun-candidat-et-la-conversation-derape-1732940\" target=\"_blank\" rel=\"noopener\"><br \/>\nL\u2019animateur Nagui<\/a> n\u2019a pu s\u2019emp\u00eacher de r\u00e9agir.<\/p>\n<p>Deux ans de r\u00e9visions\u2026 et un compagnon solidaire : Nagui<br \/>\ns\u2019excuse dans l\u2019\u00e9mission de France 2<\/p>\n<p data-start=\"1048\" data-end=\"1501\">Morgane a r\u00e9vis\u00e9 les<br \/>\n<strong>vari\u00e9t\u00e9s fran\u00e7aises<\/strong> uniquement pour N\u2019oubliez<br \/>\npas les paroles. \u201c<strong>Je suis d\u00e9sol\u00e9 d\u2019avoir pourri<br \/>\nvotre vie, je suis d\u00e9sol\u00e9<\/strong>.\u2019\u2019 a lanc\u00e9 Nagui,<br \/>\nsinc\u00e8rement <strong>g\u00ean\u00e9<\/strong>. Une phrase qui a fait sourire<br \/>\ntout le plateau. Si Morgane a affirm\u00e9 le vivre \u201c<strong>plut\u00f4t<br \/>\nbien<\/strong>\u2019\u2019, elle a tout de m\u00eame reconnu avoir consacr\u00e9<br \/>\ndeux ann\u00e9es enti\u00e8res \u00e0 \u00e9tudier plus de 1000 chansons fran\u00e7aises.<br \/>\n\u201cL\u00e0, j\u2019avoue que \u00e7a fait quand m\u00eame <strong>deux ans que je<br \/>\nn\u2019\u00e9coute que de la chanson fran\u00e7aise<\/strong>.\u2019\u2019 a confi\u00e9 la<br \/>\ncandidate belge.<\/p>\n<p data-start=\"1048\" data-end=\"1501\">Quentin, son compagnon, en a<br \/>\naussi fait les <strong>frais<\/strong>\u2026 pour le meilleur. \u201c\u00c0 la<br \/>\nbase, j<strong>e ne connaissais pas la vari\u00e9t\u00e9 fran\u00e7aise<\/strong>.<br \/>\nEt maintenant\u2026 <strong>j\u2019y prends go\u00fbt<\/strong>.\u2019\u2019 a-t-il<br \/>\ngliss\u00e9 avec humour. Un moment complice qui a permis \u00e0 Nagui<br \/>\nd\u2019\u00e9voquer lui aussi ses red\u00e9couvertes musicales. Il a cit\u00e9<br \/>\n<strong>Serge Reggiani,<\/strong> mais aussi<br \/>\n<strong>Orelsan<\/strong> ou Ga\u00ebtan Roussel pour souligner la<br \/>\nrichesse de la chanson fran\u00e7aise.<\/p>\n<p>Une remontada pleine d\u2019espoir dans<br \/>\nN\u2019oubliez pas les paroles<\/p>\n<p data-start=\"1891\" data-end=\"2170\">Pour participer \u00e0 l\u2019\u00e9mission,<br \/>\nMorgane a confirm\u00e9 avoir r\u00e9vis\u00e9 un large<br \/>\n<strong>r\u00e9pertoire<\/strong> allant \u201c<strong>des ann\u00e9es 50-60<br \/>\njusqu\u2019\u00e0 aujourd\u2019hui<\/strong>\u2019\u2019 afin de maximiser ses chances.<br \/>\nLa veille, Morgane avait d\u00e9j\u00e0 <strong>impressionn\u00e9<\/strong> avec<br \/>\nune \u201c<strong>remontada<\/strong>\u2019\u2019 salu\u00e9e par Nagui.<\/p>\n<p data-start=\"1891\" data-end=\"2170\">Mais elle ne cache pas qu\u2019elle<br \/>\nn\u2019\u00e9tait pas sereine. \u201cJ\u2019ai eu <strong>tr\u00e8s tr\u00e8s<br \/>\npeur<\/strong>.\u2019\u2019 a-t-elle admis avec sinc\u00e9rit\u00e9. Le\u00e7on tir\u00e9e de<br \/>\ncette exp\u00e9rience intense ? \u201c<strong>Que je peux le faire<br \/>\n!<\/strong>\u2019\u2019 a-t-elle lanc\u00e9 fi\u00e8rement. \u00c0 peine quelques<br \/>\nvictoires \u00e0 son actif, Morgane semble d\u00e9j\u00e0 marquer les esprits de<br \/>\nNOLP. Entre <strong>autod\u00e9rision<\/strong>, <strong>pr\u00e9paration<br \/>\nminutieuse et bonne humeur,<\/strong> la candidate a conquis le<br \/>\npublic. Reste \u00e0 voir jusqu\u2019o\u00f9 elle ira dans l\u2019aventure\u2026 avec<br \/>\nQuentin toujours dans le public pour la soutenir.<\/p>\n","protected":false},"excerpt":{"rendered":"EN BREF Le 7 ao\u00fbt 2025, dans \u00ab\u00a0N\u2019oubliez pas les paroles&rsquo; sur France 2, Nagui, Morgane et Quentin&hellip;\n","protected":false},"author":2,"featured_media":303627,"comment_status":"","ping_status":"","sticky":false,"template":"","format":"standard","meta":{"footnotes":""},"categories":[8],"tags":[548,58,59,1011,27,594,10477],"class_list":{"0":"post-303626","1":"post","2":"type-post","3":"status-publish","4":"format-standard","5":"has-post-thumbnail","7":"category-divertissement","8":"tag-article-simple","9":"tag-divertissement","10":"tag-entertainment","11":"tag-fr","12":"tag-france","13":"tag-france-2","14":"tag-nagui"},"share_on_mastodon":{"url":"https:\/\/pubeurope.com\/@fr\/114989566817318901","error":""},"_links":{"self":[{"href":"https:\/\/www.europesays.com\/fr\/wp-json\/wp\/v2\/posts\/303626","targetHints":{"allow":["GET"]}}],"collection":[{"href":"https:\/\/www.europesays.com\/fr\/wp-json\/wp\/v2\/posts"}],"about":[{"href":"https:\/\/www.europesays.com\/fr\/wp-json\/wp\/v2\/types\/post"}],"author":[{"embeddable":true,"href":"https:\/\/www.europesays.com\/fr\/wp-json\/wp\/v2\/users\/2"}],"replies":[{"embeddable":true,"href":"https:\/\/www.europesays.com\/fr\/wp-json\/wp\/v2\/comments?post=303626"}],"version-history":[{"count":0,"href":"https:\/\/www.europesays.com\/fr\/wp-json\/wp\/v2\/posts\/303626\/revisions"}],"wp:featuredmedia":[{"embeddable":true,"href":"https:\/\/www.europesays.com\/fr\/wp-json\/wp\/v2\/media\/303627"}],"wp:attachment":[{"href":"https:\/\/www.europesays.com\/fr\/wp-json\/wp\/v2\/media?parent=303626"}],"wp:term":[{"taxonomy":"category","embeddable":true,"href":"https:\/\/www.europesays.com\/fr\/wp-json\/wp\/v2\/categories?post=303626"},{"taxonomy":"post_tag","embeddable":true,"href":"https:\/\/www.europesays.com\/fr\/wp-json\/wp\/v2\/tags?post=303626"}],"curies":[{"name":"wp","href":"https:\/\/api.w.org\/{rel}","templated":true}]}}