{"id":303646,"date":"2025-08-07T21:27:15","date_gmt":"2025-08-07T21:27:15","guid":{"rendered":"https:\/\/www.europesays.com\/fr\/303646\/"},"modified":"2025-08-07T21:27:15","modified_gmt":"2025-08-07T21:27:15","slug":"toulon-reglementation-erp-et-prevention-des-risques-avec-le-sdis-83-mercredi-10-septembre-2","status":"publish","type":"post","link":"https:\/\/www.europesays.com\/fr\/303646\/","title":{"rendered":"TOULON : R\u00e9glementation ERP et Pr\u00e9vention des Risques avec le SDIS 83, mercredi 10 septembre"},"content":{"rendered":"<p><strong>L\u2019Union Patronale du Var et le SDIS 83 organisent une r\u00e9union d\u2019information sur la r\u00e9glementation des \u00c9tablissements Recevant du Public (ERP) et la pr\u00e9vention des risques.<\/strong><\/p>\n<p>Cette r\u00e9union, qui se tiendra le\u00a0<strong>mercredi 10 septembre 2025 \u00e0 18h30<\/strong>, sera enti\u00e8rement consacr\u00e9e aux ERP, avec un focus sur les obligations r\u00e9glementaires, les mesures de pr\u00e9vision et les dispositifs de pr\u00e9vention \u00e0 mettre en \u0153uvre.<\/p>\n<p><strong>Objectifs de cette rencontre<\/strong><\/p>\n<p>Les \u00e9quipes du SDIS partageront leur expertise terrain, d\u00e9tailleront les enjeux li\u00e9s \u00e0 la r\u00e9glementation ERP et exposeront les bonnes pratiques \u00e0 adopter pour une mise en conformit\u00e9 efficace et p\u00e9renne.<\/p>\n<p><strong>Les objectifs de cette rencontre sont les suivants :<\/strong><\/p>\n<p>\u2022 Comprendre les principales obligations li\u00e9es aux ERP<br \/>\u2022 Identifier les leviers d\u2019action pour anticiper les risques<br \/>\u2022 Optimiser votre strat\u00e9gie de d\u00e9veloppement en toute conformit\u00e9<br \/>\u2022 \u00c9changer avec des experts de terrain pour r\u00e9pondre \u00e0 vos questions concr\u00e8tes<\/p>\n<p>Dans un contexte o\u00f9 la croissance des entreprises repose sur une gestion proactive, cette r\u00e9union aidera \u00e0 anticiper les risques et \u00e0 s\u00e9curiser les projets.<\/p>\n<p><strong>Informations pratiques<\/strong><\/p>\n<p>La r\u00e9union se tiendra au\u00a0<strong>SDIS 83<\/strong>, situ\u00e9 au\u00a0<strong>24 All\u00e9e de Vaugrenier, 83490 LE MUY<\/strong>.<\/p>\n<p><strong>Inscription<\/strong><\/p>\n<p>L\u2019inscription est gratuite mais obligatoire, et le nombre de places est limit\u00e9. Pour vous inscrire, cliquez sur le lien suivant :\u00a0<a href=\"https:\/\/upv.us3.list-manage.com\/track\/click?u=b0a7bb00600b4b89a298fa49f&amp;id=1c8064f4c0&amp;e=2baa9abac3\" target=\"_blank\" rel=\"noopener\" data-saferedirecturl=\"https:\/\/www.google.com\/url?q=https:\/\/upv.us3.list-manage.com\/track\/click?u%3Db0a7bb00600b4b89a298fa49f%26id%3D1c8064f4c0%26e%3D2baa9abac3&amp;source=gmail&amp;ust=1754589721376000&amp;usg=AOvVaw2f1BsYxo0TuL0DHJdQEIsj\">Je m\u2019inscris<\/a>.<\/p>\n","protected":false},"excerpt":{"rendered":"L\u2019Union Patronale du Var et le SDIS 83 organisent une r\u00e9union d\u2019information sur la r\u00e9glementation des \u00c9tablissements Recevant&hellip;\n","protected":false},"author":2,"featured_media":303647,"comment_status":"","ping_status":"","sticky":false,"template":"","format":"standard","meta":{"footnotes":""},"categories":[9619],"tags":[1111,11,1777,674,1011,27,12,882,25,2310],"class_list":{"0":"post-303646","1":"post","2":"type-post","3":"status-publish","4":"format-standard","5":"has-post-thumbnail","7":"category-toulon","8":"tag-actu","9":"tag-actualites","10":"tag-eu","11":"tag-europe","12":"tag-fr","13":"tag-france","14":"tag-news","15":"tag-provence-alpes-cote-dazur","16":"tag-republique-francaise","17":"tag-toulon"},"share_on_mastodon":{"url":"https:\/\/pubeurope.com\/@fr\/114989606021076359","error":""},"_links":{"self":[{"href":"https:\/\/www.europesays.com\/fr\/wp-json\/wp\/v2\/posts\/303646","targetHints":{"allow":["GET"]}}],"collection":[{"href":"https:\/\/www.europesays.com\/fr\/wp-json\/wp\/v2\/posts"}],"about":[{"href":"https:\/\/www.europesays.com\/fr\/wp-json\/wp\/v2\/types\/post"}],"author":[{"embeddable":true,"href":"https:\/\/www.europesays.com\/fr\/wp-json\/wp\/v2\/users\/2"}],"replies":[{"embeddable":true,"href":"https:\/\/www.europesays.com\/fr\/wp-json\/wp\/v2\/comments?post=303646"}],"version-history":[{"count":0,"href":"https:\/\/www.europesays.com\/fr\/wp-json\/wp\/v2\/posts\/303646\/revisions"}],"wp:featuredmedia":[{"embeddable":true,"href":"https:\/\/www.europesays.com\/fr\/wp-json\/wp\/v2\/media\/303647"}],"wp:attachment":[{"href":"https:\/\/www.europesays.com\/fr\/wp-json\/wp\/v2\/media?parent=303646"}],"wp:term":[{"taxonomy":"category","embeddable":true,"href":"https:\/\/www.europesays.com\/fr\/wp-json\/wp\/v2\/categories?post=303646"},{"taxonomy":"post_tag","embeddable":true,"href":"https:\/\/www.europesays.com\/fr\/wp-json\/wp\/v2\/tags?post=303646"}],"curies":[{"name":"wp","href":"https:\/\/api.w.org\/{rel}","templated":true}]}}