{"id":303651,"date":"2025-08-07T21:34:10","date_gmt":"2025-08-07T21:34:10","guid":{"rendered":"https:\/\/www.europesays.com\/fr\/303651\/"},"modified":"2025-08-07T21:34:10","modified_gmt":"2025-08-07T21:34:10","slug":"metropole-de-grenoble-un-couple-intoxique-au-monoxyde-de-carbone-a-saint-martin-dheres","status":"publish","type":"post","link":"https:\/\/www.europesays.com\/fr\/303651\/","title":{"rendered":"M\u00e9tropole de Grenoble. Un couple intoxiqu\u00e9 au monoxyde de carbone \u00e0 Saint-Martin-d&rsquo;H\u00e8res"},"content":{"rendered":"<p>Les sapeurs-pompiers ont \u00e9t\u00e9 alert\u00e9s, peu avant 20h30 ce jeudi 7 ao\u00fbt, par un couple de quadrag\u00e9naires pris de malaise dans l&rsquo;appartement qu&rsquo;il occupe au premier \u00e9tage d&rsquo;un immeuble qui en compte dix, au 8 avenue Romain-Rolland \u00e0 Saint-Martin-d&rsquo;H\u00e8res.<\/p>\n<p>Sur place les secouristes ont proc\u00e9d\u00e9 \u00e0 des mesures et effectivement constat\u00e9 un taux anormalement \u00e9lev\u00e9 de monoxyde de carbone dans l&rsquo;air (un gaz incolore, inodore, toxique et potentiellement mortel) pouvant provenir du chauffe-eau individuel au gaz dont le logement est \u00e9quip\u00e9.<\/p>\n<p>Ce contenu est bloqu\u00e9 car vous n&rsquo;avez pas accept\u00e9 les cookies et autres traceurs.<\/p>\n<p>En cliquant sur \u00ab J\u2019accepte \u00bb, les cookies et autres traceurs seront d\u00e9pos\u00e9s et vous pourrez visualiser les contenus  (<a href=\"\" class=\"consentModule_policy\" target=\"_blank\" title=\"Consulter la politique de protection des donn\u00e9es du fournisseur\">plus d&rsquo;informations<\/a>).<\/p>\n<p>En cliquant sur \u00ab J\u2019accepte tous les cookies \u00bb, vous autorisez des d\u00e9p\u00f4ts de cookies et autres traceurs pour le stockage de vos donn\u00e9es sur nos sites et applications \u00e0 des fins de personnalisation et de ciblage publicitaire.<\/p>\n<p class=\"consentModule_secondaryText\">Vous gardez la possibilit\u00e9 de retirer votre consentement \u00e0 tout moment en consultant notre <a href=\"https:\/\/www.ledauphine.com\/protection-des-donnees\" target=\"_blank\" title=\"Consulter notre politique de protection des donn\u00e9es\" rel=\"noopener\">politique de protection des donn\u00e9es<\/a>. <br \/>&#13;<br \/>\n            <a href=\"https:\/\/www.ledauphine.com\/faits-divers-justice\/2025\/08\/07\/javascript:Didomi.notice.show()\" class=\"consentModule_cmp\" target=\"_blank\" rel=\"noopener\">G\u00e9rer mes choix<\/a>&#13;\n        <\/p>\n<p>&#13;<br \/>\n                        J&rsquo;accepte&#13;<br \/>\n            J&rsquo;accepte tous les cookies&#13;\n        <\/p>\n<p>Mais aussi de la conduite commune \u00e0 l&rsquo;ensemble de l&rsquo;immeuble par lequel il est cens\u00e9 \u00eatre \u00e9vacu\u00e9.<\/p>\n<p>Par mesure de pr\u00e9caution, les agents de GreenAlp ont donc d\u00e9cid\u00e9 de couper l&rsquo;alimentation en gaz des vingt-deux appartements que compte le b\u00e2timent tandis que les deux personnes intoxiqu\u00e9es \u00e9taient conduites au CHU Grenoble Alpes pour passer des examens de contr\u00f4le.<\/p>\n","protected":false},"excerpt":{"rendered":"Les sapeurs-pompiers ont \u00e9t\u00e9 alert\u00e9s, peu avant 20h30 ce jeudi 7 ao\u00fbt, par un couple de quadrag\u00e9naires pris&hellip;\n","protected":false},"author":2,"featured_media":303652,"comment_status":"","ping_status":"","sticky":false,"template":"","format":"standard","meta":{"footnotes":""},"categories":[9566],"tags":[119,1111,11,2430,112,1777,674,274,1011,27,2731,2732,108,1985,12,25,9448],"class_list":{"0":"post-303651","1":"post","2":"type-post","3":"status-publish","4":"format-standard","5":"has-post-thumbnail","7":"category-grenoble","8":"tag-accident","9":"tag-actu","10":"tag-actualites","11":"tag-auvergne-rhone-alpes","12":"tag-edition-grenoble-agglomeration","13":"tag-eu","14":"tag-europe","15":"tag-faits-divers-justice","16":"tag-fr","17":"tag-france","18":"tag-grenoble","19":"tag-grenoble-bassin","20":"tag-isere","21":"tag-metropole-de-grenoble","22":"tag-news","23":"tag-republique-francaise","24":"tag-saint-martin-dheres"},"share_on_mastodon":{"url":"https:\/\/pubeurope.com\/@fr\/114989633722124292","error":""},"_links":{"self":[{"href":"https:\/\/www.europesays.com\/fr\/wp-json\/wp\/v2\/posts\/303651","targetHints":{"allow":["GET"]}}],"collection":[{"href":"https:\/\/www.europesays.com\/fr\/wp-json\/wp\/v2\/posts"}],"about":[{"href":"https:\/\/www.europesays.com\/fr\/wp-json\/wp\/v2\/types\/post"}],"author":[{"embeddable":true,"href":"https:\/\/www.europesays.com\/fr\/wp-json\/wp\/v2\/users\/2"}],"replies":[{"embeddable":true,"href":"https:\/\/www.europesays.com\/fr\/wp-json\/wp\/v2\/comments?post=303651"}],"version-history":[{"count":0,"href":"https:\/\/www.europesays.com\/fr\/wp-json\/wp\/v2\/posts\/303651\/revisions"}],"wp:featuredmedia":[{"embeddable":true,"href":"https:\/\/www.europesays.com\/fr\/wp-json\/wp\/v2\/media\/303652"}],"wp:attachment":[{"href":"https:\/\/www.europesays.com\/fr\/wp-json\/wp\/v2\/media?parent=303651"}],"wp:term":[{"taxonomy":"category","embeddable":true,"href":"https:\/\/www.europesays.com\/fr\/wp-json\/wp\/v2\/categories?post=303651"},{"taxonomy":"post_tag","embeddable":true,"href":"https:\/\/www.europesays.com\/fr\/wp-json\/wp\/v2\/tags?post=303651"}],"curies":[{"name":"wp","href":"https:\/\/api.w.org\/{rel}","templated":true}]}}