{"id":303657,"date":"2025-08-07T21:37:17","date_gmt":"2025-08-07T21:37:17","guid":{"rendered":"https:\/\/www.europesays.com\/fr\/303657\/"},"modified":"2025-08-07T21:37:17","modified_gmt":"2025-08-07T21:37:17","slug":"valence-recrute-a-rennes-espagne-valence","status":"publish","type":"post","link":"https:\/\/www.europesays.com\/fr\/303657\/","title":{"rendered":"Valence recrute \u00e0 Rennes &#8211; Espagne &#8211; Valence"},"content":{"rendered":"<p>Inspir\u00e9 par Dimitri Foulquier.<\/p>\n<p>Le lat\u00e9ral guadeloup\u00e9en ne sera plus le seul Fran\u00e7ais dans l\u2019effectif de Valence : Baptiste Santamaria s\u2019est officiellement engag\u00e9 avec le club ch\u00e9. Le milieu de 30 ans va conna\u00eetre <strong>sa deuxi\u00e8me exp\u00e9rience \u00e0 l\u2019\u00e9tranger<\/strong> apr\u00e8s son passage \u00e0 Fribourg (2020-2021). Moins utilis\u00e9 par le Stade rennais, il a \u00e9t\u00e9 pr\u00eat\u00e9 <strong>\u00e0 Nice lors des six derniers mois<\/strong>, ce qui lui a permis de retrouver un temps de jeu r\u00e9gulier (14 matchs, 12 comme titulaire). Santamaria s\u2019est engag\u00e9 jusqu\u2019en 2027 et esp\u00e8re bien contribuer \u00e0 <strong>remettre Valence sur le devant de la sc\u00e8ne<\/strong> : le club s\u2019est class\u00e9 16e, 9e et 12e de Liga lors des trois derni\u00e8res saisons.<\/p>\n<p>Difficult\u00e9 suppl\u00e9mentaire : maintenant, il faudra faire sans Giorgi Mamardashvili\u2026<\/p>\n<p>\t\t\t\t\t\t\t\t\t\t<a class=\"lien-connexe\" href=\"https:\/\/www.sofoot.com\/breves\/premier-league-lucas-digne-prolonge-jusquen-2028-avec-aston-villa\" rel=\"nofollow noopener\" target=\"_blank\">Lucas Digne ne bougera pas<\/a>\t\t\t\t\t<\/p>\n","protected":false},"excerpt":{"rendered":"Inspir\u00e9 par Dimitri Foulquier. Le lat\u00e9ral guadeloup\u00e9en ne sera plus le seul Fran\u00e7ais dans l\u2019effectif de Valence :&hellip;\n","protected":false},"author":2,"featured_media":303658,"comment_status":"","ping_status":"","sticky":false,"template":"","format":"standard","meta":{"footnotes":""},"categories":[2821],"tags":[1111,47,11,61,829,69,65,64,1777,674,63,1011,27,68,66,12,62,70,584,25,67],"class_list":{"0":"post-303657","1":"post","2":"type-post","3":"status-publish","4":"format-standard","5":"has-post-thumbnail","7":"category-rennes","8":"tag-actu","9":"tag-actualite","10":"tag-actualites","11":"tag-actus-football","12":"tag-bretagne","13":"tag-bundesliga","14":"tag-championnats-europeens","15":"tag-equipe-de-france","16":"tag-eu","17":"tag-europe","18":"tag-football","19":"tag-fr","20":"tag-france","21":"tag-ligua","22":"tag-ligue-1","23":"tag-news","24":"tag-news-foot","25":"tag-premier-league","26":"tag-rennes","27":"tag-republique-francaise","28":"tag-serie-a"},"share_on_mastodon":{"url":"https:\/\/pubeurope.com\/@fr\/114989645431368828","error":""},"_links":{"self":[{"href":"https:\/\/www.europesays.com\/fr\/wp-json\/wp\/v2\/posts\/303657","targetHints":{"allow":["GET"]}}],"collection":[{"href":"https:\/\/www.europesays.com\/fr\/wp-json\/wp\/v2\/posts"}],"about":[{"href":"https:\/\/www.europesays.com\/fr\/wp-json\/wp\/v2\/types\/post"}],"author":[{"embeddable":true,"href":"https:\/\/www.europesays.com\/fr\/wp-json\/wp\/v2\/users\/2"}],"replies":[{"embeddable":true,"href":"https:\/\/www.europesays.com\/fr\/wp-json\/wp\/v2\/comments?post=303657"}],"version-history":[{"count":0,"href":"https:\/\/www.europesays.com\/fr\/wp-json\/wp\/v2\/posts\/303657\/revisions"}],"wp:featuredmedia":[{"embeddable":true,"href":"https:\/\/www.europesays.com\/fr\/wp-json\/wp\/v2\/media\/303658"}],"wp:attachment":[{"href":"https:\/\/www.europesays.com\/fr\/wp-json\/wp\/v2\/media?parent=303657"}],"wp:term":[{"taxonomy":"category","embeddable":true,"href":"https:\/\/www.europesays.com\/fr\/wp-json\/wp\/v2\/categories?post=303657"},{"taxonomy":"post_tag","embeddable":true,"href":"https:\/\/www.europesays.com\/fr\/wp-json\/wp\/v2\/tags?post=303657"}],"curies":[{"name":"wp","href":"https:\/\/api.w.org\/{rel}","templated":true}]}}