{"id":303659,"date":"2025-08-07T21:38:19","date_gmt":"2025-08-07T21:38:19","guid":{"rendered":"https:\/\/www.europesays.com\/fr\/303659\/"},"modified":"2025-08-07T21:38:19","modified_gmt":"2025-08-07T21:38:19","slug":"une-sacree-saison-pour-se-mettre-au-diapason","status":"publish","type":"post","link":"https:\/\/www.europesays.com\/fr\/303659\/","title":{"rendered":"une sacr\u00e9e saison pour se mettre au Diapason !"},"content":{"rendered":"<p><a href=\"https:\/\/www.dna.fr\/culture-loisirs\/2024\/08\/08\/en-route-vers-de-nouvelles-decouvertes-artistiques-avec-le-diapason\" target=\"_blank\" rel=\"noopener\">Le Diapason<\/a> d\u00e9roule un fil rouge autour des \u00e9critures et du r\u00e9cit pour la saison 2025-2026. Cette invitation \u00ab\u00a0\u00e0 dire et \u00e0 raconter\u00a0\u00bb irriguera la programmation des \u00ab\u00a0\u00c9ph\u00e9m\u00e8res\u00a0\u00bb, un festival qui s\u2019\u00e9tendra de novembre \u00e0 mai, avec une focale sur le th\u00e9\u00e2tre. Th\u00e9\u00e2tre contemporain, th\u00e9\u00e2tre alsacien et com\u00e9die, th\u00e9\u00e2tre \u00e9crit ou jou\u00e9 par des artistes de la r\u00e9gion (Thierry Simon ou Marion Bouquet, artiste associ\u00e9e pour la seconde ann\u00e9e), les propositions ne manqueront pas.<\/p>\n<p>Deux repr\u00e9sentations de \u00ab\u00a0Les gros patinent bien\u00a0\u00bb en f\u00e9vrier<\/p>\n<p>Si ces derni\u00e8res ann\u00e9es, le th\u00e9\u00e2tre peine \u00e0&#8230;<\/p>\n","protected":false},"excerpt":{"rendered":"Le Diapason d\u00e9roule un fil rouge autour des \u00e9critures et du r\u00e9cit pour la saison 2025-2026. Cette invitation&hellip;\n","protected":false},"author":2,"featured_media":303660,"comment_status":"","ping_status":"","sticky":false,"template":"","format":"standard","meta":{"footnotes":""},"categories":[2820],"tags":[1111,11,1687,2880,27337,1777,674,107,1011,27,775,873,12,25,3140,640,3265,17241],"class_list":{"0":"post-303659","1":"post","2":"type-post","3":"status-publish","4":"format-standard","5":"has-post-thumbnail","7":"category-strasbourg","8":"tag-actu","9":"tag-actualites","10":"tag-culture-loisirs","11":"tag-edition-strasbourg","12":"tag-estivales","13":"tag-eu","14":"tag-europe","15":"tag-fil-info","16":"tag-fr","17":"tag-france","18":"tag-grand-est","19":"tag-musique","20":"tag-news","21":"tag-republique-francaise","22":"tag-spectacle","23":"tag-strasbourg","24":"tag-strasbourg-nord","25":"tag-vendenheim"},"share_on_mastodon":{"url":"https:\/\/pubeurope.com\/@fr\/114989649346985197","error":""},"_links":{"self":[{"href":"https:\/\/www.europesays.com\/fr\/wp-json\/wp\/v2\/posts\/303659","targetHints":{"allow":["GET"]}}],"collection":[{"href":"https:\/\/www.europesays.com\/fr\/wp-json\/wp\/v2\/posts"}],"about":[{"href":"https:\/\/www.europesays.com\/fr\/wp-json\/wp\/v2\/types\/post"}],"author":[{"embeddable":true,"href":"https:\/\/www.europesays.com\/fr\/wp-json\/wp\/v2\/users\/2"}],"replies":[{"embeddable":true,"href":"https:\/\/www.europesays.com\/fr\/wp-json\/wp\/v2\/comments?post=303659"}],"version-history":[{"count":0,"href":"https:\/\/www.europesays.com\/fr\/wp-json\/wp\/v2\/posts\/303659\/revisions"}],"wp:featuredmedia":[{"embeddable":true,"href":"https:\/\/www.europesays.com\/fr\/wp-json\/wp\/v2\/media\/303660"}],"wp:attachment":[{"href":"https:\/\/www.europesays.com\/fr\/wp-json\/wp\/v2\/media?parent=303659"}],"wp:term":[{"taxonomy":"category","embeddable":true,"href":"https:\/\/www.europesays.com\/fr\/wp-json\/wp\/v2\/categories?post=303659"},{"taxonomy":"post_tag","embeddable":true,"href":"https:\/\/www.europesays.com\/fr\/wp-json\/wp\/v2\/tags?post=303659"}],"curies":[{"name":"wp","href":"https:\/\/api.w.org\/{rel}","templated":true}]}}