{"id":30368,"date":"2025-04-17T00:39:08","date_gmt":"2025-04-17T00:39:08","guid":{"rendered":"https:\/\/www.europesays.com\/fr\/30368\/"},"modified":"2025-04-17T00:39:08","modified_gmt":"2025-04-17T00:39:08","slug":"previsions-du-jeudi-17-avril-2025","status":"publish","type":"post","link":"https:\/\/www.europesays.com\/fr\/30368\/","title":{"rendered":"pr\u00e9visions du jeudi 17 avril 2025"},"content":{"rendered":"<p>\u00c0 Montpellier, les maximales atteindront les 18\u00b0C dans la journ\u00e9e et les minimales seront de 10\u00b0C. Un vent de nord-ouest est pr\u00e9vu : il soufflera \u00e0 26 km\/h. Le soleil sera au rendez-vous : une magnifique matin\u00e9e se pr\u00e9sente ! Apr\u00e8s un \u00e9pisode nuageux on pr\u00e9voit une embellie pour cet apr\u00e8s-midi. La m\u00e9t\u00e9o va se r\u00e9chauffer avec une augmentation de quelques degr\u00e9s. Les valeurs s&rsquo;\u00e9chelonneront entre 16 et 18\u00b0C. Un ciel clair est pr\u00e9vu dans la nuit reliant jeudi et vendredi.<\/p>\n<p>Demain, un beau soleil rayonnera sur Montpellier. Les temp\u00e9ratures vont chuter de quelques degr\u00e9s. Les valeurs seront comprises entre 9 et 16\u00b0C. Un vent de sud-est rafra\u00eechira sensiblement l&rsquo;atmosph\u00e8re. Le matin, on pr\u00e9voit des valeurs avoisinant 13\u00b0C. Les temp\u00e9ratures iront de 15 \u00e0 16\u00b0C sur l&rsquo;ensemble de l&rsquo;apr\u00e8s-midi.<\/p>\n<p>Une d\u00e9gradation est attendue pour les jours \u00e0 venir. On anticipe des journ\u00e9es pluvieuses, avec des temp\u00e9ratures dans les 13\u00b0C en moyenne.<\/p>\n<p><\/p>\n","protected":false},"excerpt":{"rendered":"\u00c0 Montpellier, les maximales atteindront les 18\u00b0C dans la journ\u00e9e et les minimales seront de 10\u00b0C. Un vent&hellip;\n","protected":false},"author":2,"featured_media":30369,"comment_status":"","ping_status":"","sticky":false,"template":"","format":"standard","meta":{"footnotes":""},"categories":[9599],"tags":[1111,11,1777,674,1011,27,7089,2681,2208,12,2680,2119,25],"class_list":{"0":"post-30368","1":"post","2":"type-post","3":"status-publish","4":"format-standard","5":"has-post-thumbnail","7":"category-montpellier","8":"tag-actu","9":"tag-actualites","10":"tag-eu","11":"tag-europe","12":"tag-fr","13":"tag-france","14":"tag-herault","15":"tag-languedoc-roussillon","16":"tag-montpellier","17":"tag-news","18":"tag-occitanie","19":"tag-previsions-meteo","20":"tag-republique-francaise"},"share_on_mastodon":{"url":"https:\/\/pubeurope.com\/@fr\/114350519962373832","error":""},"_links":{"self":[{"href":"https:\/\/www.europesays.com\/fr\/wp-json\/wp\/v2\/posts\/30368","targetHints":{"allow":["GET"]}}],"collection":[{"href":"https:\/\/www.europesays.com\/fr\/wp-json\/wp\/v2\/posts"}],"about":[{"href":"https:\/\/www.europesays.com\/fr\/wp-json\/wp\/v2\/types\/post"}],"author":[{"embeddable":true,"href":"https:\/\/www.europesays.com\/fr\/wp-json\/wp\/v2\/users\/2"}],"replies":[{"embeddable":true,"href":"https:\/\/www.europesays.com\/fr\/wp-json\/wp\/v2\/comments?post=30368"}],"version-history":[{"count":0,"href":"https:\/\/www.europesays.com\/fr\/wp-json\/wp\/v2\/posts\/30368\/revisions"}],"wp:featuredmedia":[{"embeddable":true,"href":"https:\/\/www.europesays.com\/fr\/wp-json\/wp\/v2\/media\/30369"}],"wp:attachment":[{"href":"https:\/\/www.europesays.com\/fr\/wp-json\/wp\/v2\/media?parent=30368"}],"wp:term":[{"taxonomy":"category","embeddable":true,"href":"https:\/\/www.europesays.com\/fr\/wp-json\/wp\/v2\/categories?post=30368"},{"taxonomy":"post_tag","embeddable":true,"href":"https:\/\/www.europesays.com\/fr\/wp-json\/wp\/v2\/tags?post=30368"}],"curies":[{"name":"wp","href":"https:\/\/api.w.org\/{rel}","templated":true}]}}