{"id":303700,"date":"2025-08-07T22:05:11","date_gmt":"2025-08-07T22:05:11","guid":{"rendered":"https:\/\/www.europesays.com\/fr\/303700\/"},"modified":"2025-08-07T22:05:11","modified_gmt":"2025-08-07T22:05:11","slug":"accusee-davoir-augmente-le-loyer-dune-de-ses-maisons-la-ministre-britannique-du-sans-abrisme-demissionne","status":"publish","type":"post","link":"https:\/\/www.europesays.com\/fr\/303700\/","title":{"rendered":"Accus\u00e9e d\u2019avoir augment\u00e9 le loyer d\u2019une de ses maisons, la ministre britannique du sans-abrisme d\u00e9missionne"},"content":{"rendered":"<p>Selon le quotidien \u00abThe i Paper\u00bb, Rushanara Ali aurait mis fin \u00e0 un bail en invoquant une vente, avant de relister le logement avec un loyer plus \u00e9lev\u00e9. Un proc\u00e9d\u00e9 qui va \u00e0 l\u2019encontre d\u2019une r\u00e9forme qu\u2019elle d\u00e9fendait.<\/p>\n<p class=\"fig-paragraph\">La fin d\u2019une courte pol\u00e9mique outre-Manche. La secr\u00e9taire d&rsquo;\u00c9tat britannique charg\u00e9e du sans-abrisme, Rushanara Ali, a d\u00e9missionn\u00e9 du gouvernement apr\u00e8s des r\u00e9v\u00e9lations selon lesquelles elle aurait consid\u00e9rablement augment\u00e9 le loyer d&rsquo;un logement dont elle est propri\u00e9taire, a annonc\u00e9 jeudi Downing Street.<\/p>\n<p class=\"fig-paragraph\">\u00abSuite aux r\u00e9centes informations, je tiens \u00e0 pr\u00e9ciser que j&rsquo;ai toujours respect\u00e9 toutes les obligations l\u00e9gales en vigueur\u00bb, \u00e9crit-elle dans sa lettre de d\u00e9mission adress\u00e9e\u00a0<a href=\"http:\/\/www.lefigaro.fr\/flash-actu\/royaume-uni-starmer-va-rencontrer-trump-en-visite-privee-en-ecosse-fin-juillet-20250714\" target=\"_blank\" data-fig-type=\"NewsFlash\" rel=\"noopener\" data-gtm-custom-categorie=\"navigation\" data-gtm-custom-action=\"crossclick\" data-gtm-custom-label=\"Contextuel\" data-gtm-event=\"customEventSPE\" data-fig-domain=\"LEFIGARO\">au premier ministre Keir Starmer<\/a>. Cependant, \u00able fait de rester \u00e0 mon poste d\u00e9tournerait l&rsquo;attention du travail ambitieux du gouvernement. J&rsquo;ai donc d\u00e9cid\u00e9 de d\u00e9missionner de mon poste de ministre\u00bb, \u00e9crit-elle.<\/p>\n<p>                                    <a class=\"fig-a11y-skip a11y-hidden\" href=\"#fig-a11y-skip-main-inarticle\"><br \/>\n        Passer la publicit\u00e9<br \/>\n    <\/a><\/p>\n<p>Hausse du loyer<\/p>\n<p class=\"fig-paragraph\">Cette d\u00e9cision intervient au lendemain de la parution d&rsquo;un article dans le quotidien The i Paper qui relatait qu&rsquo;elle avait mis fin \u00e0 un bail de location d&rsquo;une maison, avant de remettre, quelques semaines plus tard, le bien en question sur le march\u00e9 moyennant une hausse de loyer de 700 livres (plus de 800 euros). Plusieurs associations qui luttent contre le sans-abrisme, mais aussi des d\u00e9put\u00e9s de l&rsquo;opposition, avaient appel\u00e9 \u00e0 sa d\u00e9mission.<\/p>\n<p class=\"fig-paragraph\">Le dirigeant travailliste a remerci\u00e9 Rushanara Ali pour son \u00abtravail assidu\u00bb au sein du minist\u00e8re du Logement, estimant que celui-ci aurait \u00abun impact durable\u00bb, selon la lettre adress\u00e9e \u00e0 l&rsquo;int\u00e9ress\u00e9e publi\u00e9e par les services du premier ministre.<\/p>\n","protected":false},"excerpt":{"rendered":"Selon le quotidien \u00abThe i Paper\u00bb, Rushanara Ali aurait mis fin \u00e0 un bail en invoquant une vente,&hellip;\n","protected":false},"author":2,"featured_media":303701,"comment_status":"","ping_status":"","sticky":false,"template":"","format":"standard","meta":{"footnotes":""},"categories":[1588],"tags":[11,13189,1777,674,3784,12,473,1853,1851,1850,1852],"class_list":{"0":"post-303700","1":"post","2":"type-post","3":"status-publish","4":"format-standard","5":"has-post-thumbnail","7":"category-royaume-uni","8":"tag-actualites","9":"tag-demission","10":"tag-eu","11":"tag-europe","12":"tag-ministre","13":"tag-news","14":"tag-royaume-uni","15":"tag-royaume-uni-de-grande-bretagne-et-dirlande-du-nord","16":"tag-uk","17":"tag-united-kingdom","18":"tag-united-kingdom-of-great-britain-and-northern-ireland"},"share_on_mastodon":{"url":"https:\/\/pubeurope.com\/@fr\/114989755538012135","error":""},"_links":{"self":[{"href":"https:\/\/www.europesays.com\/fr\/wp-json\/wp\/v2\/posts\/303700","targetHints":{"allow":["GET"]}}],"collection":[{"href":"https:\/\/www.europesays.com\/fr\/wp-json\/wp\/v2\/posts"}],"about":[{"href":"https:\/\/www.europesays.com\/fr\/wp-json\/wp\/v2\/types\/post"}],"author":[{"embeddable":true,"href":"https:\/\/www.europesays.com\/fr\/wp-json\/wp\/v2\/users\/2"}],"replies":[{"embeddable":true,"href":"https:\/\/www.europesays.com\/fr\/wp-json\/wp\/v2\/comments?post=303700"}],"version-history":[{"count":0,"href":"https:\/\/www.europesays.com\/fr\/wp-json\/wp\/v2\/posts\/303700\/revisions"}],"wp:featuredmedia":[{"embeddable":true,"href":"https:\/\/www.europesays.com\/fr\/wp-json\/wp\/v2\/media\/303701"}],"wp:attachment":[{"href":"https:\/\/www.europesays.com\/fr\/wp-json\/wp\/v2\/media?parent=303700"}],"wp:term":[{"taxonomy":"category","embeddable":true,"href":"https:\/\/www.europesays.com\/fr\/wp-json\/wp\/v2\/categories?post=303700"},{"taxonomy":"post_tag","embeddable":true,"href":"https:\/\/www.europesays.com\/fr\/wp-json\/wp\/v2\/tags?post=303700"}],"curies":[{"name":"wp","href":"https:\/\/api.w.org\/{rel}","templated":true}]}}