{"id":303702,"date":"2025-08-07T22:06:29","date_gmt":"2025-08-07T22:06:29","guid":{"rendered":"https:\/\/www.europesays.com\/fr\/303702\/"},"modified":"2025-08-07T22:06:29","modified_gmt":"2025-08-07T22:06:29","slug":"les-actifs-de-northvolt-en-suede-et-en-allemagne-vendus-a-une-entreprise-americaine","status":"publish","type":"post","link":"https:\/\/www.europesays.com\/fr\/303702\/","title":{"rendered":"Les actifs de Northvolt en Su\u00e8de et en Allemagne vendus \u00e0 une entreprise am\u00e9ricaine"},"content":{"rendered":"<p> <img decoding=\"async\" class=\"lazyload\" src=\"https:\/\/www.europesays.com\/fr\/wp-content\/uploads\/2025\/08\/2bbe57ae-1e97-440f-9749-78899cabd488-678x381.jpg\" alt=\"\" title=\"LA PC QUE-Northvolt 20250327\"\/>L&rsquo;entr\u00e9e de l&rsquo;usine Northvolt \u00e0 Saint-Basile-le-Grand le jeudi 27 mars 2025. Pour ce qui est de l&rsquo;Am\u00e9rique du Nord, Lyten aurait \u00abmanifest\u00e9 un int\u00e9r\u00eat clair\u00bb, mais rien n&rsquo;a \u00e9t\u00e9 annonc\u00e9.<br \/>\n(LA PRESSE CANADIENNE\/Christinne Muschi)<\/p>\n<p><strong>Les actifs de\u00a0Northvolt\u00a0en Su\u00e8de et en Allemagne ont \u00e9t\u00e9 vendus \u00e0 Lyten, une entreprise am\u00e9ricaine. Pour ce qui est du Qu\u00e9bec, Lyten a \u00abmanifest\u00e9 un int\u00e9r\u00eat clair\u00bb, mais rien n\u2019a \u00e9t\u00e9 annonc\u00e9 pour le moment.<\/strong><\/p>\n<p>La transaction, annonc\u00e9e jeudi, comprend les installations\u00a0Northvolt\u00a0Ett, Ett Expansion et\u00a0Northvolt\u00a0Labs, en Su\u00e8de, ainsi que\u00a0Northvolt\u00a0Drei, en Allemagne. La valeur de la transaction n\u2019a pas \u00e9t\u00e9 divulgu\u00e9e.<\/p>\n<p>Lyten acquiert \u00e9galement l\u2019int\u00e9gralit\u00e9 de la propri\u00e9t\u00e9 intellectuelle restante de\u00a0Northvolt.\u00a0<\/p>\n<p>L\u2019entreprise am\u00e9ricaine, fond\u00e9e en 2015, fabrique actuellement des batteries lithium-soufre dans la Silicon Valley et les commercialise sur les march\u00e9s des drones et de la d\u00e9fense.\u00a0<\/p>\n<p>Depuis novembre 2024, elle a annonc\u00e9 l\u2019achat de trois autres actifs de\u00a0Northvolt: une usine en Californie, une autre en Pologne, ainsi que le portefeuille de produits et la propri\u00e9t\u00e9 intellectuelle de syst\u00e8mes de stockage d\u2019\u00e9nergie par batterie de\u00a0Northvolt.<\/p>\n<p>Lyten a maintenant dans son viseur le Qu\u00e9bec. La soci\u00e9t\u00e9 \u00e9tablie \u00e0 San Jose, en Californie, \u00aba manifest\u00e9 son int\u00e9r\u00eat pour l\u2019acquisition\u00bb du projet\u00a0Northvolt\u00a0Six, peut-on lire dans le communiqu\u00e9 annon\u00e7ant l\u2019acquisition des actifs su\u00e9dois et allemands.\u00a0<\/p>\n<p>\u00abLyten poursuit activement ses discussions avec\u00a0Northvolt\u00a0Am\u00e9rique du Nord, le gouvernement du Canada, le gouvernement du Qu\u00e9bec et d\u2019autres intervenants locaux cl\u00e9s\u00bb, ont d\u00e9clar\u00e9 la maison m\u00e8re de\u00a0Northvolt\u00a0et le fabricant am\u00e9ricain.\u00a0<\/p>\n<p>Alors que \u00able processus de diligence raisonnable se poursuit en ce qui concerne\u00a0Northvolt\u00a0Am\u00e9rique du Nord\u00bb, la ministre de l\u2019\u00c9conomie, Christine Fr\u00e9chette, a fait savoir que le gouvernement qu\u00e9b\u00e9cois va rencontrer les repr\u00e9sentants de la nouvelle entit\u00e9 et \u00ab\u00e9couter ce qu\u2019elle propose\u00bb.<\/p>\n<p>Elle a pr\u00e9cis\u00e9 que Qu\u00e9bec dispose de \u00ableviers pour encadrer, ou refuser, le rachat de la partie qu\u00e9b\u00e9coise de\u00a0Northvolt\u00bb.<\/p>\n<p>Selon elle, il est de notre \u00abresponsabilit\u00e9 d\u2019\u00e9valuer avec rigueur cette nouvelle situation et de prendre connaissance de potentielles offres par l\u2019\u00e9ventuel acqu\u00e9reur \u00e0 l\u2019\u00e9gard du Qu\u00e9bec\u00bb.<\/p>\n<p>La PDG par int\u00e9rim de\u00a0Northvolt\u00a0Am\u00e9rique du Nord, Karen Chang, s\u2019est dite encourag\u00e9e par \u00able vif int\u00e9r\u00eat manifest\u00e9 par Lyten\u00bb pour la filiale qu\u00e9b\u00e9coise.\u00a0<\/p>\n<p>\u00abCet int\u00e9r\u00eat souligne les bases prometteuses \u00e9tablies gr\u00e2ce au projet\u00a0Northvolt\u00a0et le r\u00f4le potentiel du Qu\u00e9bec dans la croissance de l\u2019\u00e9cosyst\u00e8me nord-am\u00e9ricain des batteries\u00bb, a-t-elle affirm\u00e9 dans un communiqu\u00e9.\u00a0<\/p>\n<p>Northvolt\u00a0a d\u00e9clar\u00e9 faillite en Su\u00e8de le 12 mars dernier, apr\u00e8s un effort \u00abexhaustif pour explorer tous les moyens disponibles afin d\u2019assurer un avenir financier et op\u00e9rationnel viable pour l\u2019entreprise\u00bb.<\/p>\n<p>\u00c0 ce moment, le gouvernement qu\u00e9b\u00e9cois avait dit esp\u00e9rer qu\u2019un \u00abacheteur qui investira pour reprendre l\u2019ensemble des activit\u00e9s en Am\u00e9rique du Nord\u00bb soit trouv\u00e9.<\/p>\n<p>Northvolt\u00a0m\u00e8ne un projet de m\u00e9ga-usine de cellules de batteries en Mont\u00e9r\u00e9gie. L\u2019usine, qui doit \u00eatre construite \u00e0 Saint-Basile-le-Grand et McMasterville, est un projet de 7 milliards $.<\/p>\n<p>Le gouvernement Legault avait investi 270 millions $ dans la soci\u00e9t\u00e9 m\u00e8re su\u00e9doise\u00a0Northvolt\u00a0AB, et la ministre Fr\u00e9chette a confirm\u00e9 que cette somme a perdu sa valeur. La Caisse de d\u00e9p\u00f4t et placement du Qu\u00e9bec avait aussi investi 200 millions $ dans la soci\u00e9t\u00e9 su\u00e9doise.<\/p>\n","protected":false},"excerpt":{"rendered":"L&rsquo;entr\u00e9e de l&rsquo;usine Northvolt \u00e0 Saint-Basile-le-Grand le jeudi 27 mars 2025. Pour ce qui est de l&rsquo;Am\u00e9rique du&hellip;\n","protected":false},"author":2,"featured_media":303703,"comment_status":"","ping_status":"","sticky":false,"template":"","format":"standard","meta":{"footnotes":""},"categories":[1587],"tags":[11,672,1804,1805,1803,1777,674,1801,12,1802],"class_list":{"0":"post-303702","1":"post","2":"type-post","3":"status-publish","4":"format-standard","5":"has-post-thumbnail","7":"category-allemagne","8":"tag-actualites","9":"tag-allemagne","10":"tag-bundesrepublik-deutschland","11":"tag-de","12":"tag-deutschland","13":"tag-eu","14":"tag-europe","15":"tag-germany","16":"tag-news","17":"tag-republique-federale-dallemagne"},"share_on_mastodon":{"url":"https:\/\/pubeurope.com\/@fr\/114989759435962507","error":""},"_links":{"self":[{"href":"https:\/\/www.europesays.com\/fr\/wp-json\/wp\/v2\/posts\/303702","targetHints":{"allow":["GET"]}}],"collection":[{"href":"https:\/\/www.europesays.com\/fr\/wp-json\/wp\/v2\/posts"}],"about":[{"href":"https:\/\/www.europesays.com\/fr\/wp-json\/wp\/v2\/types\/post"}],"author":[{"embeddable":true,"href":"https:\/\/www.europesays.com\/fr\/wp-json\/wp\/v2\/users\/2"}],"replies":[{"embeddable":true,"href":"https:\/\/www.europesays.com\/fr\/wp-json\/wp\/v2\/comments?post=303702"}],"version-history":[{"count":0,"href":"https:\/\/www.europesays.com\/fr\/wp-json\/wp\/v2\/posts\/303702\/revisions"}],"wp:featuredmedia":[{"embeddable":true,"href":"https:\/\/www.europesays.com\/fr\/wp-json\/wp\/v2\/media\/303703"}],"wp:attachment":[{"href":"https:\/\/www.europesays.com\/fr\/wp-json\/wp\/v2\/media?parent=303702"}],"wp:term":[{"taxonomy":"category","embeddable":true,"href":"https:\/\/www.europesays.com\/fr\/wp-json\/wp\/v2\/categories?post=303702"},{"taxonomy":"post_tag","embeddable":true,"href":"https:\/\/www.europesays.com\/fr\/wp-json\/wp\/v2\/tags?post=303702"}],"curies":[{"name":"wp","href":"https:\/\/api.w.org\/{rel}","templated":true}]}}