{"id":303704,"date":"2025-08-07T22:07:14","date_gmt":"2025-08-07T22:07:14","guid":{"rendered":"https:\/\/www.europesays.com\/fr\/303704\/"},"modified":"2025-08-07T22:07:14","modified_gmt":"2025-08-07T22:07:14","slug":"leurope-finit-dans-le-vert-sauf-londres-apres-la-boe-07-08-2025-a-1903","status":"publish","type":"post","link":"https:\/\/www.europesays.com\/fr\/303704\/","title":{"rendered":"L&rsquo;Europe finit dans le vert, sauf Londres apr\u00e8s la BoE &#8211; 07\/08\/2025 \u00e0 19:03"},"content":{"rendered":"<p>        <img fetchpriority=\"high\" decoding=\"async\" src=\"https:\/\/www.europesays.com\/fr\/wp-content\/uploads\/2025\/08\/2ffb39fb575c0ca9bbd25314fb54d72a-760x507.jpg\" alt=\"Le reflet d'un panneau num\u00e9rique \u00e0 la bourse Euronext dans le quartier d'affaires de La D\u00e9fense \u00e0 Paris\" loading=\"eager\" width=\"760\" height=\"507\" style=\"max-width: 100%!important; height: auto;\"\/><\/p>\n<p class=\"c-image-news__legend\">Le reflet d&rsquo;un panneau num\u00e9rique \u00e0 la bourse Euronext dans le quartier d&rsquo;affaires de La D\u00e9fense \u00e0 Paris<\/p>\n<p>\n par Mara  Vilcu\n<\/p>\n<p>\n Les principales Bourses europ\u00e9ennes ont termin\u00e9 dans le vert jeudi apr\u00e8s l&rsquo;entr\u00e9e en vigueur de vastes droits de douane am\u00e9ricains, \u00e0 l&rsquo;exception de Londres qui a recul\u00e9 dans la sillage de la d\u00e9cision de politique mon\u00e9taire de la Banque d&rsquo;Angleterre.\n<\/p>\n<p>\n \u00c0 Paris, le CAC 40 a gagn\u00e9 0,97% \u00e0 7.709,32 points. A Francfort, le Dax a avanc\u00e9 de 1,11% tandis qu&rsquo;\u00e0 Londres, le FTSE 100 a perdu 0,69%.\n<\/p>\n<p>\n L&rsquo;indice EuroStoxx 50 a gagn\u00e9 1,32%, le FTSEurofirst 300 a pris 0,93% et le Stoxx 600 a progress\u00e9 de 0,92%.\n<\/p>\n<p>\n La Banque d&rsquo;Angleterre (BoE) a abaiss\u00e9 ses taux directeurs comme pr\u00e9vu, mais quatre de ses neuf responsables de la politique mon\u00e9taire, inquiets d&rsquo;une inflation \u00e9lev\u00e9e, ont opt\u00e9 pour un statu quo, ce qui pourrait pr\u00e9sager d&rsquo;une pause \u00e0 venir dans la baisse des co\u00fbts d&#8217;emprunt.\n<\/p>\n<p>\n Sur le front commercial, ce jeudi a marqu\u00e9 l&rsquo;entr\u00e9e en vigueur des droits de douane allant de 10% \u00e0 50% sur les produits en provenance de dizaines de partenaires commerciaux des Etats-Unis, dont les plus touch\u00e9s comme la Suisse, le Br\u00e9sil, l&rsquo;Afrique du Sud et l&rsquo;Inde tentaient encore d&rsquo;obtenir un meilleur accord.\n<\/p>\n<p>\n Le pr\u00e9sident am\u00e9ricain a par ailleurs indiqu\u00e9 mercredi que les Etats-Unis allaient imposer des droits de douane d&rsquo;environ 100% sur les semi-conducteurs import\u00e9s mais il a pr\u00e9cis\u00e9 que ces taxes ne s&rsquo;appliqueraient pas aux entreprises s&rsquo;\u00e9tant engag\u00e9es \u00e0 produire aux Etats-Unis ou pr\u00e9voyant de le faire, comme Apple.\n<\/p>\n<p>\n Cette perspective d&rsquo;exemptions pour les importations de semi-conducteurs a notamment profit\u00e9 au segment technologique en Europe et aux Etats-Unis.\n<\/p>\n<p>\n Port\u00e9e par la \u00ab\u00a0tech\u00a0\u00bb en d\u00e9but de s\u00e9ance, la Bourse de New York a toutefois r\u00e9duit voire effac\u00e9 ses gains initiaux apr\u00e8s une information de l&rsquo;agence Bloomberg selon laquelle le gouverneur de la R\u00e9serve f\u00e9d\u00e9rale (Fed) Christopher Waller \u00e9tait le principal candidat pressenti par Donald Trump pour remplacer Jerome Powell \u00e0 la t\u00eate de la banque centrale.\n<\/p>\n<p>\n VALEURS\n<\/p>\n<p>\n Le compartiment technologique du Stoxx 600 a gagn\u00e9 1,7%, avec des hausses marqu\u00e9es pour les fabricants europ\u00e9ens de semi-conducteurs comme BE Semiconductor (+4,5%), ASML Holding (+3%) et SAP (+2,4%).\n<\/p>\n<p>\n Henkel a pris 3,86%, le fabricant allemand de biens de consommation ayant relev\u00e9 le bas de la fourchette de sa pr\u00e9vision de rentabilit\u00e9 annuelle en termes de ventes ajust\u00e9es.\n<\/p>\n<p>\n Ap Moller-Maersk a grimp\u00e9 de 5,14%, le groupe de transport de conteneurs ayant publi\u00e9 un b\u00e9n\u00e9fice d&rsquo;exploitation trimestriel sup\u00e9rieur aux attentes et annonc\u00e9 un rel\u00e8vement de ses pr\u00e9visions annuelles.\n<\/p>\n<p>\n Allianz a avanc\u00e9 de 4,11% apr\u00e8s avoir fait \u00e9tat jeudi d&rsquo;une hausse de 13% de son b\u00e9n\u00e9fice net au deuxi\u00e8me trimestre, d\u00e9passant les attentes.\n<\/p>\n<p>\n Du c\u00f4t\u00e9 des baisses, Rheinmetall a abandonn\u00e9 7,99% apr\u00e8s avoir publi\u00e9 jeudi un chiffre d&rsquo;affaires l\u00e9g\u00e8rement inf\u00e9rieur aux attentes au titre du deuxi\u00e8me trimestre.\n<\/p>\n<p>\n Deutsche Telekom a chut\u00e9 de 4,98% apr\u00e8s un b\u00e9n\u00e9fice d&rsquo;exploitation trimestriel conforme aux attentes.\n<\/p>\n<p>\n WPP a perdu 2,56%, le groupe publicitaire britannique ayant confirm\u00e9 son avertissement du mois dernier sur ses pr\u00e9visions annuelles.\n<\/p>\n<p>\n A WALL STREET\n<\/p>\n<p>\n Les principaux indices de Wall Street ont r\u00e9duit voire effac\u00e9 leurs gains initiaux en raison d&rsquo;inqui\u00e9tudes concernant l&rsquo;ind\u00e9pendance de la R\u00e9serve f\u00e9d\u00e9rale, apr\u00e8s les informations de Bloomberg concernant Christopher Waller.\n<\/p>\n<p>\n Les investisseurs craignent peut-\u00eatre \u00ab\u00a0une p\u00e9riode de &lsquo;double pr\u00e9sidence&rsquo; de la Fed avec des communications officielles de la Fed et de Jerome Powell qui seraient parasit\u00e9es par Christopher Waller, sachant que la fin du mandat de l\u2019actuel pr\u00e9sident n&rsquo;est qu&rsquo;en mai 2026\u00a0\u00bb, soulignent dans une note les analystes d&rsquo;IG Markets.\n<\/p>\n<p>\n \u00c0 l&rsquo;heure de la cl\u00f4ture en Europe, les \u00e9changes \u00e0 la Bourse de New York indiquaient une baisse de 0,65% pour le Dow Jones, un repli de 0,07% pour le Standard &amp; Poor&rsquo;s 500 et une hausse de 0,4% pour le Nasdaq Composite.\n<\/p>\n<p>\n LES INDICATEURS DU JOUR\n<\/p>\n<p>\n Les inscriptions au ch\u00f4mage ont augment\u00e9 plus que pr\u00e9vu aux Etats-Unis lors de la semaine au 2 ao\u00fbt.\n<\/p>\n<p>\n \u00ab\u00a0Cela confirme sans aucun doute l&rsquo;augmentation du nombre de demandes d&rsquo;allocations ch\u00f4mage que nous avons constat\u00e9e, qui correspond \u00e9galement \u00e0 la faiblesse observ\u00e9e dans le rapport sur l&#8217;emploi\u00a0\u00bb, a soulign\u00e9 Ben Laidler, responsable de la strat\u00e9gie actions chez Bradesco BBI.\n<\/p>\n<p>\n \u00ab\u00a0Le constat est clair : l&rsquo;\u00e9conomie ralentit. Elle ne se dirige peut-\u00eatre pas vers une r\u00e9cession, mais elle ralentit ind\u00e9niablement\u00a0\u00bb.\n<\/p>\n<p>\n CHANGES\n<\/p>\n<p>\n La livre sterling progresse alors que le vote serr\u00e9, jeudi, au sein de la BoE sur une baisse des taux alimente les anticipations sur une pause \u00e0 venir dans l&rsquo;assouplissement mon\u00e9taire.\n<\/p>\n<p>\n La livre sterling gagne 0,54% face au dollar et 0,80% face \u00e0 l&rsquo;euro.\n<\/p>\n<p>\n Le billet vert gagne 0,10% face \u00e0 un panier de devises de r\u00e9f\u00e9rence.\n<\/p>\n<p>\n L&rsquo;euro perd 0,18% \u00e0 1,1638 dollar.\n<\/p>\n<p>\n TAUX\n<\/p>\n<p>\n Les rendements am\u00e9ricains se stabilisent alors que les donn\u00e9es sur le march\u00e9 du travail et la productivit\u00e9 des salari\u00e9s n&rsquo;ont pas modifi\u00e9 les anticipations d&rsquo;une baisse des taux d&rsquo;int\u00e9r\u00eat par la R\u00e9serve f\u00e9d\u00e9rale am\u00e9ricaine cette ann\u00e9e.\n<\/p>\n<p>\n Le rendement des Treasuries \u00e0 dix ans perd 0,9 point de base \u00e0 4,2229%.\n<\/p>\n<p>\n En Europe, le rendement du Bund allemand \u00e0 dix ans \u00e9volue peu, \u00e0 2,626%.\n<\/p>\n<p>\n P\u00c9TROLE\n<\/p>\n<p>\n Les prix du p\u00e9trole sont en baisse, effa\u00e7ant les gains enregistr\u00e9s plus t\u00f4t dans la s\u00e9ance, apr\u00e8s que le Kremlin a annonc\u00e9 que le pr\u00e9sident russe Vladimir Poutine rencontrerait le pr\u00e9sident am\u00e9ricain Donald Trump dans les prochains jours, suscitant l&rsquo;espoir d&rsquo;une issue diplomatique \u00e0 la guerre en Ukraine.\n<\/p>\n<p>\n Le Brent recule de 0,55% \u00e0 66,52 dollars le baril et le brut l\u00e9ger am\u00e9ricain (West Texas Intermediate, WTI) abandonne 0,62% \u00e0 63,95 dollars.\n<\/p>\n<p>\n (Certaines donn\u00e9es peuvent accuser un l\u00e9ger d\u00e9calage)\n<\/p>\n<p>\n (R\u00e9dig\u00e9 par Mara V\u00eelcu, \u00e9dit\u00e9 par Blandine H\u00e9nault)<\/p>\n","protected":false},"excerpt":{"rendered":"Le reflet d&rsquo;un panneau num\u00e9rique \u00e0 la bourse Euronext dans le quartier d&rsquo;affaires de La D\u00e9fense \u00e0 Paris&hellip;\n","protected":false},"author":2,"featured_media":303705,"comment_status":"","ping_status":"","sticky":false,"template":"","format":"standard","meta":{"footnotes":""},"categories":[1586],"tags":[400,11,398,408,405,1777,674,1011,27,403,402,399,404,12,25,401,406,407],"class_list":{"0":"post-303704","1":"post","2":"type-post","3":"status-publish","4":"format-standard","5":"has-post-thumbnail","7":"category-europe","8":"tag-action-cac-40","9":"tag-actualites","10":"tag-bourse-de-paris","11":"tag-boursorama","12":"tag-cotations","13":"tag-eu","14":"tag-europe","15":"tag-fr","16":"tag-france","17":"tag-indices-devises","18":"tag-investir","19":"tag-investissement","20":"tag-marche-boursier","21":"tag-news","22":"tag-republique-francaise","23":"tag-sicav","24":"tag-trackers","25":"tag-warrants"},"share_on_mastodon":{"url":"https:\/\/pubeurope.com\/@fr\/114989763465562634","error":""},"_links":{"self":[{"href":"https:\/\/www.europesays.com\/fr\/wp-json\/wp\/v2\/posts\/303704","targetHints":{"allow":["GET"]}}],"collection":[{"href":"https:\/\/www.europesays.com\/fr\/wp-json\/wp\/v2\/posts"}],"about":[{"href":"https:\/\/www.europesays.com\/fr\/wp-json\/wp\/v2\/types\/post"}],"author":[{"embeddable":true,"href":"https:\/\/www.europesays.com\/fr\/wp-json\/wp\/v2\/users\/2"}],"replies":[{"embeddable":true,"href":"https:\/\/www.europesays.com\/fr\/wp-json\/wp\/v2\/comments?post=303704"}],"version-history":[{"count":0,"href":"https:\/\/www.europesays.com\/fr\/wp-json\/wp\/v2\/posts\/303704\/revisions"}],"wp:featuredmedia":[{"embeddable":true,"href":"https:\/\/www.europesays.com\/fr\/wp-json\/wp\/v2\/media\/303705"}],"wp:attachment":[{"href":"https:\/\/www.europesays.com\/fr\/wp-json\/wp\/v2\/media?parent=303704"}],"wp:term":[{"taxonomy":"category","embeddable":true,"href":"https:\/\/www.europesays.com\/fr\/wp-json\/wp\/v2\/categories?post=303704"},{"taxonomy":"post_tag","embeddable":true,"href":"https:\/\/www.europesays.com\/fr\/wp-json\/wp\/v2\/tags?post=303704"}],"curies":[{"name":"wp","href":"https:\/\/api.w.org\/{rel}","templated":true}]}}