{"id":303709,"date":"2025-08-07T22:10:13","date_gmt":"2025-08-07T22:10:13","guid":{"rendered":"https:\/\/www.europesays.com\/fr\/303709\/"},"modified":"2025-08-07T22:10:13","modified_gmt":"2025-08-07T22:10:13","slug":"ces-gens-sont-fous-et-ils-nous-rendent-fous-la-famille-narjissi-detruite-et-bafouee-apres-la-mort-de-medhi-le-parisien","status":"publish","type":"post","link":"https:\/\/www.europesays.com\/fr\/303709\/","title":{"rendered":"\u00ab Ces gens sont fous et ils nous rendent fous \u00bb : la famille Narjissi, d\u00e9truite et bafou\u00e9e apr\u00e8s la mort de Medhi &#8211; Le Parisien"},"content":{"rendered":"<ol>\n<li><a href=\"https:\/\/news.google.com\/rss\/articles\/CBMilgJBVV95cUxQNmhqWXpkcUw4NFVGSXNQWjUwQUV2RzhrbTFjNGh5V18ybUdrYzJKaGVTWXhDZHpCUFg4QklKcnM5MVczbnluellXNW0yTk9TMXluN0FEcVVYNkpraGhGNF9vU1RHMWsyX2U3LWdCbTN0elo0aGlGYzROUE9zMElNd3FoOVhtSHhvSUNOZWtRZWdoZTFTRlplbE4zcFJkdkpSQ1NFSFpLcGN4eVY3QWVPR0lVU1Z1U05RTzI5djRmM2Vkc3BWSERiRDRZV2NIbEtBQ3ZhdXRNV2s5R2FLTnQtQUU0aFl2WXJKTl9RTjRZMDJnTlNfbzJDaWRYQ1B1b2xIT3lkeGFMa0pyZ3RxVDBGU1Y3cThrZw?oc=5\" target=\"_blank\" rel=\"nofollow noopener\">\u00ab Ces gens sont fous et ils nous rendent fous \u00bb : la famille Narjissi, d\u00e9truite et bafou\u00e9e apr\u00e8s la mort de Medhi<\/a>&nbsp;&nbsp;Le Parisien<\/li>\n<li><a href=\"https:\/\/news.google.com\/rss\/articles\/CBMilwJBVV95cUxON3BZT3RtN202dzFsWUh4a21iajgweU5OcHJjdTBxUGtpQnRpTU8xT0RtbnBlRmZwaW9rV1k2b1g4blB4cjBlcWc5QklCNEdqSExSREJGLTVGckRWRVotR2dIQlYzM1h3Rld0M3BReTVabG02NHktckxtVERBeVZhdHBYUzlCSl80YmlidE5uMHZ2RWtnZjlBR0dCeUdIeFZNdURWODlKSGlZUnI2ZFlaOHU5c0p1Um1WdVNRSTZvOUl5QTU1QWhPWFZZOXR0SkFGa1JyRmpfdnpOeUtsVTdoSXlpb24yLVJ0dWZsZzJaQ0VHMmVxTTJTam9kRUFhOEV0aHdTeU9xMDh5YVM2VmdrbWVtUm9JaEk?oc=5\" target=\"_blank\" rel=\"nofollow noopener\">Disparition de Medhi Narjissi : l\u2019\u00e9quipe de France U18 de retour en Afrique du Sud, \u00ab c\u2019est une honte \u00bb<\/a>&nbsp;&nbsp;Sud Ouest<\/li>\n<li><a href=\"https:\/\/news.google.com\/rss\/articles\/CBMi3AFBVV95cUxNeC1yS3FPUDRsUFJpR1FtWGZOeU9VSWFZblVyOGs3YkxjMGxtX1dlQWhLbUhWLXFSckI3ODdCel9XTExCU3h2SFNMMUJrejRyZlZvM2kyYkNISUxrTm1ZZDlpY0hGdkJQcE5vWjFTVGFnc3lZTjltUldSamxrdkR5TEtQVFFJaVV5a3ZTUGpOODBVcm5GOXlMdjZEZzkyZUFDY0poR2d1cks4R3Z0djdYRU1pd2dWZTV0U19LZTF3LTNwb1lMMGZqMjIteWJIaWpKaGdad05oVzg0R2RN?oc=5\" target=\"_blank\" rel=\"nofollow noopener\">Rugby: la famille de Medhi Narjissi s&rsquo;est recueille \u00e0 Dias Beach, un an apr\u00e8s apr\u00e8s le drame<\/a>&nbsp;&nbsp;RMC Sport<\/li>\n<li><a href=\"https:\/\/news.google.com\/rss\/articles\/CBMi_gFBVV95cUxOWDVvUDhLY1NRdTlmdnM5VDZRMjdqQkZLejVVeUI4NEV2bC1oaXlrU1ZHVUFnVnJ3T3hKM0hmRmJMZnFMNkdUX2VMOFA0U29sREQ2R191SGdPTlpIXzkyMkVreXgxRE1qdDE1UlBKckYwQkhCWGhVeUM3RV9KVEJ1Y2todHNMUUc3SnZUa0NybldlUk9PaDNxcVhsX2h3a0VqME5Ic19mYklKOFYyVG5ITnh1d202cVVEelFXSTg0Q2oyOGV1OWdoWklfdWNHUFduaXh0cTFNakVXWXhfZmcxbXN6VEs3XzloclhESGVOUHRhSnY3OTlUald6c2RZdw?oc=5\" target=\"_blank\" rel=\"nofollow noopener\">Un an apr\u00e8s sa disparition, la presse rend hommage \u00e0 Medhi Narjissi et cherche des r\u00e9ponses<\/a>&nbsp;&nbsp;Rugbyrama<\/li>\n<li><a href=\"https:\/\/news.google.com\/rss\/articles\/CBMiigJBVV95cUxNNnJ4V1YtTllueFJISnpZSmZzQlhIUGVzUkhDSTFiTVBnaDNRcDRSNHd3SU1PTHc0T0tscGY4MXhYUHdTUy02Ulp6WkFKOGJNbDZsYW43RnRaS2g0bjlWVXZSWWFLXzhseThiOW5wYlVDRmVTNnZ4WFFUVVZ1U1BHa2ZtcjlBbVI3MFpSQVQxWFJUVUUwNFEybndnUTFSdUxyc1g5U3RvcUhpT2hQY0NGdHgwSjYzdE5GNGFlOGZfYW9ydU9NaGFramNHOFowbkJ1NXQ1UHJ1ZTZpSHFTXzBVajNobFRidUhFcEFsMUc5MnpvQUhCR2VEMEZfUTZLakpOM0NQSTE4bk1pdw?oc=5\" target=\"_blank\" rel=\"nofollow noopener\">Disparition de Mehdi Narjissi. La famille se recueille un an apr\u00e8s sur les lieux du drame<\/a>&nbsp;&nbsp;Ouest-France<\/li>\n<\/ol>\n","protected":false},"excerpt":{"rendered":"\u00ab Ces gens sont fous et ils nous rendent fous \u00bb : la famille Narjissi, d\u00e9truite et bafou\u00e9e&hellip;\n","protected":false},"author":2,"featured_media":303710,"comment_status":"","ping_status":"","sticky":false,"template":"","format":"standard","meta":{"footnotes":""},"categories":[2],"tags":[11,118,1011,27,12,25,479,60],"class_list":{"0":"post-303709","1":"post","2":"type-post","3":"status-publish","4":"format-standard","5":"has-post-thumbnail","7":"category-actualites","8":"tag-actualites","9":"tag-faits-divers","10":"tag-fr","11":"tag-france","12":"tag-news","13":"tag-republique-francaise","14":"tag-rugby","15":"tag-sports"},"share_on_mastodon":{"url":"https:\/\/pubeurope.com\/@fr\/114989775182629696","error":""},"_links":{"self":[{"href":"https:\/\/www.europesays.com\/fr\/wp-json\/wp\/v2\/posts\/303709","targetHints":{"allow":["GET"]}}],"collection":[{"href":"https:\/\/www.europesays.com\/fr\/wp-json\/wp\/v2\/posts"}],"about":[{"href":"https:\/\/www.europesays.com\/fr\/wp-json\/wp\/v2\/types\/post"}],"author":[{"embeddable":true,"href":"https:\/\/www.europesays.com\/fr\/wp-json\/wp\/v2\/users\/2"}],"replies":[{"embeddable":true,"href":"https:\/\/www.europesays.com\/fr\/wp-json\/wp\/v2\/comments?post=303709"}],"version-history":[{"count":0,"href":"https:\/\/www.europesays.com\/fr\/wp-json\/wp\/v2\/posts\/303709\/revisions"}],"wp:featuredmedia":[{"embeddable":true,"href":"https:\/\/www.europesays.com\/fr\/wp-json\/wp\/v2\/media\/303710"}],"wp:attachment":[{"href":"https:\/\/www.europesays.com\/fr\/wp-json\/wp\/v2\/media?parent=303709"}],"wp:term":[{"taxonomy":"category","embeddable":true,"href":"https:\/\/www.europesays.com\/fr\/wp-json\/wp\/v2\/categories?post=303709"},{"taxonomy":"post_tag","embeddable":true,"href":"https:\/\/www.europesays.com\/fr\/wp-json\/wp\/v2\/tags?post=303709"}],"curies":[{"name":"wp","href":"https:\/\/api.w.org\/{rel}","templated":true}]}}