{"id":303720,"date":"2025-08-07T22:18:19","date_gmt":"2025-08-07T22:18:19","guid":{"rendered":"https:\/\/www.europesays.com\/fr\/303720\/"},"modified":"2025-08-07T22:18:19","modified_gmt":"2025-08-07T22:18:19","slug":"le-film-dapple-propulse-les-revenus-de-formula-one","status":"publish","type":"post","link":"https:\/\/www.europesays.com\/fr\/303720\/","title":{"rendered":"Le film d&rsquo;Apple propulse les revenus de Formula One"},"content":{"rendered":"<p><img decoding=\"async\" src=\"https:\/\/www.europesays.com\/fr\/wp-content\/uploads\/2025\/08\/film-apple-propulse-croissance-revenus-groupe-formula-one.jpg\" style=\"max-width:100%\"\/><\/p>\n<p>Le film F1 d\u2019Apple ne se contente pas d\u2019\u00eatre un succ\u00e8s pour la marque \u00e0 la pomme. Le groupe Formula One attribue en partie sa r\u00e9cente augmentation de revenus \u00e0 cette production.<\/p>\n<p>Une hausse des revenus impressionnante<\/p>\n<p>Selon <a href=\"https:\/\/www.hollywoodreporter.com\/business\/business-news\/formula-one-group-revenue-boost-f1-movie-1236339485\/\" target=\"_blank\" rel=\"noopener nofollow\">The Hollywood Reporter<\/a>, la soci\u00e9t\u00e9, propri\u00e9t\u00e9 de Liberty Media, a connu une augmentation ponctuelle des revenus suite \u00e0 la sortie du film \u00e0 la fin juin, contribuant \u00e0 une hausse de 40 % de ses revenus d\u2019une ann\u00e9e sur l\u2019autre, atteignant 1 milliard de dollars. Les dirigeants ont quantifi\u00e9 l\u2019impact du film sur le chiffre d\u2019affaires en le chiffrant \u00e0 \u00ab un nombre \u00e0 deux chiffres pour le trimestre \u00bb, soutenu par une croissance continue des abonnements F1 TV, ainsi qu\u2019une variance dans le calendrier ayant conduit \u00e0 une plus grande part des revenus li\u00e9s \u00e0 la saison reconnus au cours du deuxi\u00e8me trimestre.<\/p>\n<p>Un impact au-del\u00e0 des chiffres<\/p>\n<p>Apr\u00e8s avoir g\u00e9n\u00e9r\u00e9 plus de 500 millions de dollars \u00e0 l\u2019\u00e9chelle mondiale, le film F1 d\u2019Apple a \u00e9t\u00e9 au c\u0153ur du dernier appel aux b\u00e9n\u00e9fices de Liberty Media. <strong>Stefano Domenicali<\/strong>, le PDG, a d\u00e9clar\u00e9 : \u00ab L\u2019effet du film ne se limite pas, bien s\u00fbr, \u00e0 son impact \u00e9conomique, mais le sport a une occasion incroyable d\u2019accro\u00eetre sa notori\u00e9t\u00e9 et de g\u00e9n\u00e9rer une \u00e9conomie circulaire autour de cela. \u00bb Il a ajout\u00e9 qu\u2019il s\u2019attend \u00e0 ce que l\u2019int\u00e9r\u00eat et les opportunit\u00e9s de revenus futures continuent de cro\u00eetre au fur et \u00e0 mesure que le film sera diffus\u00e9 sur la plateforme de streaming d\u2019Apple.<\/p>\n<p>Ce qui pourrait alimenter l\u2019int\u00e9r\u00eat public<\/p>\n<p>Avant l\u2019existence du film F1, la s\u00e9rie documentaire de Netflix, Drive to Survive, avait d\u00e9j\u00e0 suscit\u00e9 un engouement pour le sport. Qu\u2019est-ce qui pourrait encore accro\u00eetre l\u2019int\u00e9r\u00eat du public pour la Formule 1 ? Apple serait en pourparlers pour s\u00e9curiser les droits de diffusion aux \u00c9tats-Unis pour la Formule 1, un accord estim\u00e9 \u00e0 150 millions de dollars.<\/p>\n<p>Bien qu\u2019aucune date ne soit encore pr\u00e9cis\u00e9e pour la sortie du film sur Apple TV+, le film fait actuellement l\u2019objet d\u2019une nouvelle diffusion en salles IMAX, avec des billets d\u00e9j\u00e0 en vente.<\/p>\n","protected":false},"excerpt":{"rendered":"Le film F1 d\u2019Apple ne se contente pas d\u2019\u00eatre un succ\u00e8s pour la marque \u00e0 la pomme. Le&hellip;\n","protected":false},"author":2,"featured_media":303721,"comment_status":"","ping_status":"","sticky":false,"template":"","format":"standard","meta":{"footnotes":""},"categories":[1412],"tags":[1451,1452,1453,1454,1455,1011,27,60],"class_list":{"0":"post-303720","1":"post","2":"type-post","3":"status-publish","4":"format-standard","5":"has-post-thumbnail","7":"category-f1","8":"tag-f1","9":"tag-formula-1","10":"tag-formula1","11":"tag-formule-1","12":"tag-formule1","13":"tag-fr","14":"tag-france","15":"tag-sports"},"share_on_mastodon":{"url":"https:\/\/pubeurope.com\/@fr\/114989806579884719","error":""},"_links":{"self":[{"href":"https:\/\/www.europesays.com\/fr\/wp-json\/wp\/v2\/posts\/303720","targetHints":{"allow":["GET"]}}],"collection":[{"href":"https:\/\/www.europesays.com\/fr\/wp-json\/wp\/v2\/posts"}],"about":[{"href":"https:\/\/www.europesays.com\/fr\/wp-json\/wp\/v2\/types\/post"}],"author":[{"embeddable":true,"href":"https:\/\/www.europesays.com\/fr\/wp-json\/wp\/v2\/users\/2"}],"replies":[{"embeddable":true,"href":"https:\/\/www.europesays.com\/fr\/wp-json\/wp\/v2\/comments?post=303720"}],"version-history":[{"count":0,"href":"https:\/\/www.europesays.com\/fr\/wp-json\/wp\/v2\/posts\/303720\/revisions"}],"wp:featuredmedia":[{"embeddable":true,"href":"https:\/\/www.europesays.com\/fr\/wp-json\/wp\/v2\/media\/303721"}],"wp:attachment":[{"href":"https:\/\/www.europesays.com\/fr\/wp-json\/wp\/v2\/media?parent=303720"}],"wp:term":[{"taxonomy":"category","embeddable":true,"href":"https:\/\/www.europesays.com\/fr\/wp-json\/wp\/v2\/categories?post=303720"},{"taxonomy":"post_tag","embeddable":true,"href":"https:\/\/www.europesays.com\/fr\/wp-json\/wp\/v2\/tags?post=303720"}],"curies":[{"name":"wp","href":"https:\/\/api.w.org\/{rel}","templated":true}]}}