{"id":303728,"date":"2025-08-07T22:22:11","date_gmt":"2025-08-07T22:22:11","guid":{"rendered":"https:\/\/www.europesays.com\/fr\/303728\/"},"modified":"2025-08-07T22:22:11","modified_gmt":"2025-08-07T22:22:11","slug":"comment-le-pape-a-appose-sa-signature-en-bas-dun-tableau-du-francais-bruno-desroche","status":"publish","type":"post","link":"https:\/\/www.europesays.com\/fr\/303728\/","title":{"rendered":"comment le pape a appos\u00e9 sa signature en bas d\u2019un tableau du fran\u00e7ais Bruno Desroche"},"content":{"rendered":"<p>Au Jubil\u00e9, le p\u00e8re Fran\u00e7ois Bouchard, vicaire \u00e0 M\u00e2con, a pr\u00e9sent\u00e9 au pape L\u00e9on XIV une reproduction contemporaine de La Vocation de Saint Matthieu, une \u0153uvre originale du Caravage, sign\u00e9e de la main de Bruno Desroche. Une rencontre inoubliable pour ce tout jeune pr\u00eatre.<\/p>\n<p>Ces quelques minutes d\u2019entretien avec le pape, au milieu d\u2019une foule immense, resteront \u00e0 jamais grav\u00e9es dans la m\u00e9moire du p\u00e8re Fran\u00e7ois Bouchard. Une semaine apr\u00e8s ce moment hors du temps, au c\u0153ur du Jubil\u00e9 des Jeunes, ce jeune vicaire de M\u00e2con peine encore \u00e0 r\u00e9aliser ce qu\u2019il a v\u00e9cu le 31 juillet. Sous le soleil romain, il a pu exposer devant le pape un tableau de Bruno Desroche, une adaptation de La Vocation de Saint Matthieu, r\u00e9alis\u00e9e il y a quelques si\u00e8cles par Le Caravage. L\u00e9on XIV a b\u00e9ni le tableau, une \u00ab\u00a0\u0153uvre missionnaire\u00a0\u00bb selon le p\u00e8re Fran\u00e7ois Bouchard, au service des vocations et plus particuli\u00e8rement du sacerdoce. M\u00eame si la rencontre fut br\u00e8ve, ce moment a \u00e9t\u00e9 pour lui une \u00ab\u00a0gr\u00e2ce extraordinaire\u00a0\u00bb.<\/p>\n","protected":false},"excerpt":{"rendered":"Au Jubil\u00e9, le p\u00e8re Fran\u00e7ois Bouchard, vicaire \u00e0 M\u00e2con, a pr\u00e9sent\u00e9 au pape L\u00e9on XIV une reproduction contemporaine&hellip;\n","protected":false},"author":2,"featured_media":303729,"comment_status":"","ping_status":"","sticky":false,"template":"","format":"standard","meta":{"footnotes":""},"categories":[1358],"tags":[1348,1384,1385,1386,58,59,3805,3799,3803,1011,27,3804,3800,3802,3801],"class_list":{"0":"post-303728","1":"post","2":"type-post","3":"status-publish","4":"format-standard","5":"has-post-thumbnail","7":"category-arts-et-design","8":"tag-arts","9":"tag-arts-and-design","10":"tag-arts-et-design","11":"tag-design","12":"tag-divertissement","13":"tag-entertainment","14":"tag-famille-catholique","15":"tag-famille-chretienne","16":"tag-famille-chretienne-actualites","17":"tag-fr","18":"tag-france","19":"tag-magazine-famille-chretienne","20":"tag-site-catho","21":"tag-site-catholique","22":"tag-site-chretien"},"share_on_mastodon":{"url":"https:\/\/pubeurope.com\/@fr\/114989822326963956","error":""},"_links":{"self":[{"href":"https:\/\/www.europesays.com\/fr\/wp-json\/wp\/v2\/posts\/303728","targetHints":{"allow":["GET"]}}],"collection":[{"href":"https:\/\/www.europesays.com\/fr\/wp-json\/wp\/v2\/posts"}],"about":[{"href":"https:\/\/www.europesays.com\/fr\/wp-json\/wp\/v2\/types\/post"}],"author":[{"embeddable":true,"href":"https:\/\/www.europesays.com\/fr\/wp-json\/wp\/v2\/users\/2"}],"replies":[{"embeddable":true,"href":"https:\/\/www.europesays.com\/fr\/wp-json\/wp\/v2\/comments?post=303728"}],"version-history":[{"count":0,"href":"https:\/\/www.europesays.com\/fr\/wp-json\/wp\/v2\/posts\/303728\/revisions"}],"wp:featuredmedia":[{"embeddable":true,"href":"https:\/\/www.europesays.com\/fr\/wp-json\/wp\/v2\/media\/303729"}],"wp:attachment":[{"href":"https:\/\/www.europesays.com\/fr\/wp-json\/wp\/v2\/media?parent=303728"}],"wp:term":[{"taxonomy":"category","embeddable":true,"href":"https:\/\/www.europesays.com\/fr\/wp-json\/wp\/v2\/categories?post=303728"},{"taxonomy":"post_tag","embeddable":true,"href":"https:\/\/www.europesays.com\/fr\/wp-json\/wp\/v2\/tags?post=303728"}],"curies":[{"name":"wp","href":"https:\/\/api.w.org\/{rel}","templated":true}]}}