{"id":303734,"date":"2025-08-07T22:25:29","date_gmt":"2025-08-07T22:25:29","guid":{"rendered":"https:\/\/www.europesays.com\/fr\/303734\/"},"modified":"2025-08-07T22:25:29","modified_gmt":"2025-08-07T22:25:29","slug":"cindy-sander-the-detective-club-rend-un-bel-hommage-a-son-mari-sebastien","status":"publish","type":"post","link":"https:\/\/www.europesays.com\/fr\/303734\/","title":{"rendered":"Cindy Sander (The Detective Club) rend un bel hommage \u00e0 son mari S\u00e9bastien"},"content":{"rendered":"<p class=\"articleContent-meta\">\n        Hier \u00e0 17:30 &#8211; par             Sorelle Spet<\/p>\n<p>                    Tweeter<\/p>\n<p>                    Partager sur Facebook<\/p>\n<p>                        <img decoding=\"async\" src=\"https:\/\/www.europesays.com\/fr\/wp-content\/uploads\/2025\/08\/cindy-sander-chez-jordan-l-integrale.jpg\" alt=\"Player Video\" class=\"player-applyRatio poster exclude-seedtag\"\/><\/p>\n<p>Jeudi 7 ao\u00fbt, \u00e0 l\u2019approche d\u2019un \u00e9v\u00e9nement symbolique, Cindy Sander s\u2019est confi\u00e9e \u00e0 ses abonn\u00e9s Instagram sur son couple avec Sebastien, le p\u00e8re de son fils Enzo.<\/p>\n<p>En attendant de faire son retour sur W9, \u00e0 l\u2019occasion de <a href=\"https:\/\/www.programme.tv\/news\/tele-realite\/264099-les-cinquante-decouvrez-les-nouvelles-images-du-chateau-pour-la-saison-4\/\" target=\"_blank\" rel=\"noopener\">la quatri\u00e8me saison des Cinquante<\/a>, c\u2019est sur Instagram que Cindy Sander donne de ses nouvelles. Qu\u2019elles soient bonnes ou mauvaises, la chanteuse n\u2019a pas pour habitude de cacher quoi que ce soit \u00e0 ses fid\u00e8les abonn\u00e9s. C\u2019est pourquoi, le 21 juillet, apr\u00e8s un \u00e9ni\u00e8me rendez-vous m\u00e9dical visant \u00e0 trouver <a href=\"https:\/\/www.programme.tv\/news\/tele-realite\/263868-je-dois-faire-de-la-reeducation-cindy-sander-the-detective-club-sur-le-point-de-perdre-sa-voix-elle-annonce-un-diagnostic-troublant\/\" target=\"_blank\" rel=\"noopener\">l\u2019origine des douleurs dont elle souffrait<\/a>, la maman d\u2019Enzo s\u2019est empress\u00e9e de d\u00e9voiler le verdict encourageant de son m\u00e9decin. \u00ab\u00a0Je sors du rendez-vous pour ma voix. [&#8230;] Je tenais juste \u00e0 vous rassurer, mes cordes vocales vont tr\u00e8s bien\u2026 J\u2019ai simplement un probl\u00e8me d\u2019estomac\u00a0\u00bb, a-t-elle d\u00e9clar\u00e9. Avant d\u2019ajouter : \u00ab\u00a0\u00c7a fait des ann\u00e9es que je plains, que je vais de m\u00e9decin en m\u00e9decin sans \u00eatre comprise. [&#8230;] Mais aujourd\u2019hui, j\u2019ai eu l\u2019impression d\u2019\u00eatre en face d\u2019un sp\u00e9cialiste qui comprenait mes sympt\u00f4mes ! [&#8230;] Je suis rassur\u00e9e car tout va bien.\u00a0\u00bb Mais si <a href=\"https:\/\/www.programme.tv\/news\/tele-realite\/235064-sinon-cindy-sander-ca-sarrete-cindy-sander-mamans-celebres-en-larmes-en-evoquant-sa-derniere-chance-de-faire-carriere\/\" target=\"_blank\" rel=\"noopener\">ses cordes vocales sont hors de danger<\/a>, Cindy ne doit pas les n\u00e9gliger pour autant ! Pour ce faire, la chanteuse a l\u2019obligation d\u2019adopter de nouvelles habitudes et de gommer celles qu\u2019elle entretenait depuis des ann\u00e9es.<\/p>\n<p>Pour Cindy Sander, rien n\u2019est plus important que la famille et surtout, <a href=\"https:\/\/www.programme.tv\/news\/tele-realite\/263310-sinon-il-ne-va-pas-au-tournage-cindy-sander-the-detective-club-devoile-la-seule-condition-pour-que-son-fils-enzo-participe-a-lemission\/\" target=\"_blank\" rel=\"noopener\">celle qu\u2019elle a construite avec S\u00e9bastien<\/a>. D\u2019ailleurs, les parents d\u2019Enzo, qui se sont rencontr\u00e9s lorsqu\u2019ils n\u2019avaient que 13 ans, sont sur le point de c\u00e9l\u00e9brer un \u00e9v\u00e9nement symbolique ! \u00ab\u00a0<b>Demain, le 8 ao\u00fbt, on f\u00eatera avec S\u00e9bastien nos 27 ans de mariage et nos 33 ans ensemble\u2026 Si je ne me trompe pas. Je vais \u00eatre honn\u00eate avec vous, je ne compte plus trop car les ann\u00e9es s\u2019encha\u00eenent, mais ne se ressemblent pas !<\/b>\u00ab\u00a0, a-t-elle confi\u00e9 en sa story Instagram, ce 7 ao\u00fbt. Apr\u00e8s avoir \u00e9voqu\u00e9 son d\u00e9part imminent dans \u00ab\u00a0un lieu hors du temps\u00a0\u00bb pour c\u00e9l\u00e9brer l\u2019\u00e9v\u00e9nement, Cindy s\u2019est livr\u00e9e avec tendresse sur la relation exceptionnelle qu\u2019elle entretient avec le p\u00e8re de son fils. \u00ab\u00a0Je souhaite \u00e0 toutes les personnes qui me suivent de trouver leur amour, leur double, leur moiti\u00e9 ! [&#8230;] <b>Avec S\u00e9bastien, on n\u2019a jamais v\u00e9cu de coups tr\u00e8s durs comme certains. [&#8230;] On a chacun nos caract\u00e8res. On n\u2019est pas toujours d\u2019accord, mais on arrive rapidement \u00e0 remettre les choses dans leur contexte. Et surtout, on se respecte mutuellement<\/b>\u00ab\u00a0, a-t-elle d\u00e9clar\u00e9.<\/p>\n<p>                Cindy Sander se confie sur son couple avec Sebastien<\/p>\n<p>Les histoires d\u2019amour comme celle de Cindy et S\u00e9bastien se font de plus en plus rares\u2026 Et c\u2019est d\u2019ailleurs pour cette raison qu\u2019elles fascinent. Alors, ce 7 ao\u00fbt, la chanteuse a d\u00e9voil\u00e9 sa recette miracle pour vivre une relation fusionnelle, sinc\u00e8re et durable. \u00ab\u00a0<b>Si je peux vous donner un conseil, c\u2019est de ne pas se tromper. Le jour o\u00f9 \u00e7a ne va plus au sein du couple, il faut se le dire.<\/b> En ce qui me concerne, c\u2019est possible que \u00e7a arrive puisqu\u2019on est ensemble depuis toujours\u2026 Mais j\u2019esp\u00e8re encore vivre des ann\u00e9es et des ann\u00e9es aux c\u00f4t\u00e9s de mon mari !\u00a0\u00bb, a-t-elle confi\u00e9.<\/p>\n<p>Article \u00e9crit avec la collaboration de 6Medias.<\/p>\n<p>Rejoignez-nous sur Google News !<\/p>\n<p class=\"articleContent-pushTagline\">Abonnez-vous \u00e0 <a href=\"https:\/\/news.google.com\/publications\/CAAiEJwr-IZFXDFoZD1ePbkC_VcqFAgKIhCcK_iGRVwxaGQ9Xj25Av1X\" target=\"_blank\" rel=\"noopener\">T\u00e9l\u00e9 2 semaines sur Google News<\/a> pour ne manquer aucune info !<\/p>\n","protected":false},"excerpt":{"rendered":"Hier \u00e0 17:30 &#8211; par Sorelle Spet Tweeter Partager sur Facebook Jeudi 7 ao\u00fbt, \u00e0 l\u2019approche d\u2019un \u00e9v\u00e9nement&hellip;\n","protected":false},"author":2,"featured_media":303735,"comment_status":"","ping_status":"","sticky":false,"template":"","format":"standard","meta":{"footnotes":""},"categories":[1355],"tags":[19647,32607,58,59,1011,27,4829,32608,44386,1361,873,5552,21473,3604],"class_list":{"0":"post-303734","1":"post","2":"type-post","3":"status-publish","4":"format-standard","5":"has-post-thumbnail","7":"category-musique","8":"tag-chez-jordan","9":"tag-cindy-sander","10":"tag-divertissement","11":"tag-entertainment","12":"tag-fr","13":"tag-france","14":"tag-jordan-de-luxe","15":"tag-les-cinquante","16":"tag-mort-de-thierry-mugler","17":"tag-music","18":"tag-musique","19":"tag-nouvelle-star","20":"tag-thierry-mugler","21":"tag-tu00e9lu00e9-ru00e9alitu00e9"},"share_on_mastodon":{"url":"https:\/\/pubeurope.com\/@fr\/114989834362830257","error":""},"_links":{"self":[{"href":"https:\/\/www.europesays.com\/fr\/wp-json\/wp\/v2\/posts\/303734","targetHints":{"allow":["GET"]}}],"collection":[{"href":"https:\/\/www.europesays.com\/fr\/wp-json\/wp\/v2\/posts"}],"about":[{"href":"https:\/\/www.europesays.com\/fr\/wp-json\/wp\/v2\/types\/post"}],"author":[{"embeddable":true,"href":"https:\/\/www.europesays.com\/fr\/wp-json\/wp\/v2\/users\/2"}],"replies":[{"embeddable":true,"href":"https:\/\/www.europesays.com\/fr\/wp-json\/wp\/v2\/comments?post=303734"}],"version-history":[{"count":0,"href":"https:\/\/www.europesays.com\/fr\/wp-json\/wp\/v2\/posts\/303734\/revisions"}],"wp:featuredmedia":[{"embeddable":true,"href":"https:\/\/www.europesays.com\/fr\/wp-json\/wp\/v2\/media\/303735"}],"wp:attachment":[{"href":"https:\/\/www.europesays.com\/fr\/wp-json\/wp\/v2\/media?parent=303734"}],"wp:term":[{"taxonomy":"category","embeddable":true,"href":"https:\/\/www.europesays.com\/fr\/wp-json\/wp\/v2\/categories?post=303734"},{"taxonomy":"post_tag","embeddable":true,"href":"https:\/\/www.europesays.com\/fr\/wp-json\/wp\/v2\/tags?post=303734"}],"curies":[{"name":"wp","href":"https:\/\/api.w.org\/{rel}","templated":true}]}}