{"id":303738,"date":"2025-08-07T22:27:12","date_gmt":"2025-08-07T22:27:12","guid":{"rendered":"https:\/\/www.europesays.com\/fr\/303738\/"},"modified":"2025-08-07T22:27:12","modified_gmt":"2025-08-07T22:27:12","slug":"vous-mettez-de-la-creme-solaire-avant-de-vous-baigner-une-dermatologue-alerte-sur-cette-erreur-que-tout-le-monde-fait","status":"publish","type":"post","link":"https:\/\/www.europesays.com\/fr\/303738\/","title":{"rendered":"vous mettez de la cr\u00e8me solaire avant de vous baigner ? Une dermatologue alerte sur cette erreur que tout le monde fait"},"content":{"rendered":"<p>En \u00e9t\u00e9, la cr\u00e8me solaire s\u2019impose comme un incontournable des<br \/>\nvalises. Mais encore faut-il savoir bien l\u2019utiliser. Car si l\u2019on<br \/>\npense souvent \u00e0 l\u2019appliquer apr\u00e8s une baignade ou une exposition<br \/>\nprolong\u00e9e, c\u2019est <strong>avant m\u00eame de mettre un pied dans<br \/>\nl\u2019eau<\/strong> qu\u2019elle est la plus utile. Un r\u00e9flexe trop souvent<br \/>\noubli\u00e9, alors qu\u2019il peut faire <strong>toute la diff\u00e9rence pour la<br \/>\nsant\u00e9 de notre peau.<\/strong><\/p>\n<p>\u00c0 l\u2019heure o\u00f9 les temp\u00e9ratures grimpent et o\u00f9 les baignades se<br \/>\nmultiplient, une dermatologue alerte sur cette erreur fr\u00e9quente :<br \/>\nattendre d\u2019avoir nag\u00e9 pour se prot\u00e9ger du soleil, <strong>c\u2019est<br \/>\nd\u00e9j\u00e0 exposer sa peau aux dommages.<\/strong><\/p>\n<p>Cr\u00e8me solaire et baignade<\/p>\n<p data-start=\"462\" data-end=\"789\">Cr\u00e8me solaire sur la serviette,<br \/>\nlunettes de soleil sur le nez, et hop, <a href=\"https:\/\/www.mariefrance.fr\/beaute\/lourde-amende-pour-vacanciers-utilisent-creme-solaire-sur-ces-plages-789861.html\" target=\"_blank\" rel=\"noopener\"><br \/>\ndirection la mer<\/a>. Ce rituel semble parfait\u2026 sauf qu\u2019il cache<br \/>\nune erreur que la plupart d\u2019entre nous commettons sans le savoir :<br \/>\n<strong>appliquer sa protection solaire apr\u00e8s la baignade<\/strong>.<br \/>\nPourtant, selon de nombreux dermatologues, ce geste est loin d\u2019\u00eatre<br \/>\nanodin. Ce qu\u2019on oublie souvent, c\u2019est que <strong>l\u2019eau ne fait<br \/>\npas \u00e9cran face aux rayons UV<\/strong>. Bien au contraire, elle peut<br \/>\nm\u00eame amplifier leur effet, en provoquant une r\u00e9verb\u00e9ration \u00e0 la<br \/>\nsurface.<\/p>\n<p data-start=\"462\" data-end=\"789\">En effet, on s\u2019imagine prot\u00e9g\u00e9e<br \/>\nsous l\u2019eau, alors que la peau, elle, <strong>continue d\u2019absorber<br \/>\ndes rayons nocifs.<\/strong> C\u2019est d\u2019autant plus tra\u00eetre que l\u2019effet<br \/>\nrafra\u00eechissant masque la mont\u00e9e en temp\u00e9rature de l\u2019\u00e9piderme. Les<br \/>\ncoups de soleil \u00ab\u00a0aquatiques\u00a0\u00bb sont donc plus fr\u00e9quents qu\u2019on ne le<br \/>\ncroit. D\u2019autant plus qu\u2019on a tendance \u00e0 passer plus de temps<br \/>\n<strong>\u00e0 barboter en plein soleil qu\u2019\u00e0 l\u00e9zarder \u00e0<br \/>\nl\u2019ombre<\/strong>. L\u2019illusion de fra\u00eecheur joue contre nous, et les<br \/>\nrougeurs apparaissent bien souvent apr\u00e8s coup, quand il est d\u00e9j\u00e0<br \/>\ntrop tard.<\/p>\n<p><img loading=\"lazy\" decoding=\"async\" aria-describedby=\"caption-attachment-1194229\" itemprop=\"thumbnailUrl\" class=\"wp-image-1194229 img-responsive size-full\" src=\"https:\/\/www.europesays.com\/fr\/wp-content\/uploads\/2025\/08\/mf2-1.jpg\" alt=\"Vacances : vous mettez de la cr\u00e8me solaire avant de vous baigner ? Une dermatologue alerte sur cette erreur que tout le monde fait\" width=\"1200\" height=\"800\"\/> \u00a9 Shutterstock<\/p>\n<p id=\"caption-attachment-1194229\" class=\"wp-caption-text\">\u00c0 quel<br \/>\nmoment faut-il appliquer sa cr\u00e8me solaire ?<\/p>\n<p>Pourquoi mettre sa cr\u00e8me<br \/>\nsolaire avant de se mouiller est indispensable<\/p>\n<p data-start=\"1581\" data-end=\"1936\">Pour qu\u2019une cr\u00e8me solaire<br \/>\nremplisse pleinement son r\u00f4le, encore faut-il lui laisser le temps<br \/>\nd\u2019agir. En effet, les filtres UV ont besoin d\u2019environ <strong>20 \u00e0<br \/>\n30 minutes pour se fixer \u00e0 la peau<\/strong> et cr\u00e9er une barri\u00e8re<br \/>\nefficace. C\u2019est seulement \u00e0 ce moment-l\u00e0 qu\u2019on peut s\u2019exposer (et<br \/>\nse baigner) avec un minimum de s\u00e9curit\u00e9. Et attention ! M\u00eame les<br \/>\ncr\u00e8mes dites \u00ab\u00a0r\u00e9sistantes \u00e0 l\u2019eau\u00a0\u00bb ne sont pas<br \/>\nmiraculeuses. Aucune formule <a href=\"https:\/\/www.mariefrance.fr\/beaute\/je-bronze-super-vite-et-sans-rougeurs-lhuile-bronzante-qui-protege-et-sublime-votre-peau-1186372.html\" target=\"_blank\" rel=\"noopener\"><br \/>\nn\u2019est totalement waterproof.<\/a><\/p>\n<p data-start=\"1581\" data-end=\"1936\">Ces produits sont test\u00e9s pour<br \/>\n<strong>r\u00e9sister \u00e0 40 \u00e0 80 minutes d\u2019immersion<\/strong> dans des<br \/>\nconditions tr\u00e8s pr\u00e9cises \u2013 autrement dit, pas en plein jeu de plage<br \/>\nou en nage intensive. De plus, le frottement du sable, de la<br \/>\nserviette ou encore le s\u00e9chage \u00e0 l\u2019air libre peuvent alt\u00e9rer la<br \/>\ncouche protectrice. C\u2019est pourquoi il est essentiel<br \/>\n<strong>d\u2019appliquer sa cr\u00e8me solaire en amont de toute<br \/>\nbaignade<\/strong>. On la d\u00e9pose sur peau s\u00e8che, de mani\u00e8re<br \/>\ng\u00e9n\u00e9reuse (sans oublier les zones souvent n\u00e9glig\u00e9es comme les<br \/>\noreilles, les pieds ou la nuque), et on attend une bonne demi-heure<br \/>\navant d\u2019entrer dans l\u2019eau. Ce laps de temps permet non seulement au<br \/>\nproduit de bien adh\u00e9rer, <strong>mais aussi de maximiser son<br \/>\nefficacit\u00e9.<\/strong><\/p>\n<blockquote class=\"tiktok-embed\" cite=\"https:\/\/www.tiktok.com\/@ledoc.qui.ecrit.bien\/video\/7377863333078142241#038;t=1754586654174\" data-video-id=\"7377863333078142241\" style=\"max-width: 605px;min-width: 325px;\"><p>\n<a target=\"_blank\" href=\"https:\/\/www.tiktok.com\/@ledoc.qui.ecrit.bien\/video\/7377863333078142241#038;t=1754586654174\" rel=\"noopener\"><br \/>\n<img decoding=\"async\" src=\"https:\/\/www.tiktok.com\/img\/logo.png\" alt=\"TikTok Logo\"\/><\/a>\n<\/p><\/blockquote>\n<p>Les<br \/>\nbons gestes \u00e0 adopter<\/p>\n<p data-start=\"2818\" data-end=\"3205\">En \u00e9t\u00e9, la cr\u00e8me solaire ne<br \/>\ndoit pas \u00eatre per\u00e7ue comme une option, <strong>mais comme un<br \/>\nr\u00e9flexe de base<\/strong>, au m\u00eame titre que boire de l\u2019eau ou<br \/>\nmettre un chapeau. Et ce d\u00e8s le matin, avant m\u00eame de mettre un pied<br \/>\ndehors. On privil\u00e9gie <a href=\"https:\/\/www.mariefrance.fr\/beaute\/vendue-pharmacie-creme-solaire-parfum-coco-vanille-meilleure-selon-60-millions-consommateurs-1180634.html\" target=\"_blank\" rel=\"noopener\"><br \/>\nles indices de protection \u00e9lev\u00e9s<\/a> (<strong>SPF 30<br \/>\nminimum<\/strong>, voire 50 pour les peaux claires ou sensibles), et<br \/>\non r\u00e9applique toutes les deux heures, <strong>ou apr\u00e8s chaque<br \/>\nbaignade<\/strong>. Il est aussi recommand\u00e9 de choisir une formule<br \/>\nadapt\u00e9e \u00e0 son type de peau et \u00e0 ses activit\u00e9s : fluide l\u00e9ger pour<br \/>\nles sportifs, lait nourrissant pour les peaux s\u00e8ches, spray pour<br \/>\nune application rapide\u2026<\/p>\n<p><img loading=\"lazy\" decoding=\"async\" aria-describedby=\"caption-attachment-1194230\" class=\"wp-image-1194230 img-responsive size-full\" src=\"https:\/\/www.europesays.com\/fr\/wp-content\/uploads\/2025\/08\/mf3.jpg\" alt=\"Vacances : vous mettez de la cr\u00e8me solaire avant de vous baigner ? Une dermatologue alerte sur cette erreur que tout le monde fait\" width=\"1200\" height=\"800\"\/> \u00a9 Shutterstock<\/p>\n<p id=\"caption-attachment-1194230\" class=\"wp-caption-text\">La cr\u00e8me<br \/>\nsolaire est un indispensable \u00e0 mettre dans vos valises pour les<br \/>\nvacances<\/p>\n<p data-start=\"2818\" data-end=\"3205\">De plus en plus de marques<br \/>\nproposent aujourd\u2019hui <strong>des textures invisibles ou non<br \/>\ngrasses<\/strong>, id\u00e9ales pour les peaux mixtes ou jeunes, ce qui<br \/>\nfacilite leur adoption. Enfin, gardez en t\u00eate que la meilleure<br \/>\ncr\u00e8me solaire reste l\u2019ombre. Entre 12h et 16h, <strong>on \u00e9vite de<br \/>\ns\u2019exposer directement<\/strong>, m\u00eame avec protection. Un parasol,<br \/>\nun tee-shirt l\u00e9ger ou un chapeau \u00e0 large bord sont des alli\u00e9s tout<br \/>\naussi essentiels. Car malgr\u00e9 toutes les innovations cosm\u00e9tiques,<br \/>\naucun produit ne prot\u00e8ge <strong>\u00e0 100 % des rayons<br \/>\nUV.<\/strong><\/p>\n<p><script async src=\"\/\/www.tiktok.com\/embed.js\"><\/script><\/p>\n","protected":false},"excerpt":{"rendered":"En \u00e9t\u00e9, la cr\u00e8me solaire s\u2019impose comme un incontournable des valises. Mais encore faut-il savoir bien l\u2019utiliser. Car&hellip;\n","protected":false},"author":2,"featured_media":303739,"comment_status":"","ping_status":"","sticky":false,"template":"","format":"standard","meta":{"footnotes":""},"categories":[10],"tags":[2358,1011,27,72,71],"class_list":{"0":"post-303738","1":"post","2":"type-post","3":"status-publish","4":"format-standard","5":"has-post-thumbnail","7":"category-sante","8":"tag-creme-solaire","9":"tag-fr","10":"tag-france","11":"tag-health","12":"tag-sante"},"share_on_mastodon":{"url":"https:\/\/pubeurope.com\/@fr\/114989842175216022","error":""},"_links":{"self":[{"href":"https:\/\/www.europesays.com\/fr\/wp-json\/wp\/v2\/posts\/303738","targetHints":{"allow":["GET"]}}],"collection":[{"href":"https:\/\/www.europesays.com\/fr\/wp-json\/wp\/v2\/posts"}],"about":[{"href":"https:\/\/www.europesays.com\/fr\/wp-json\/wp\/v2\/types\/post"}],"author":[{"embeddable":true,"href":"https:\/\/www.europesays.com\/fr\/wp-json\/wp\/v2\/users\/2"}],"replies":[{"embeddable":true,"href":"https:\/\/www.europesays.com\/fr\/wp-json\/wp\/v2\/comments?post=303738"}],"version-history":[{"count":0,"href":"https:\/\/www.europesays.com\/fr\/wp-json\/wp\/v2\/posts\/303738\/revisions"}],"wp:featuredmedia":[{"embeddable":true,"href":"https:\/\/www.europesays.com\/fr\/wp-json\/wp\/v2\/media\/303739"}],"wp:attachment":[{"href":"https:\/\/www.europesays.com\/fr\/wp-json\/wp\/v2\/media?parent=303738"}],"wp:term":[{"taxonomy":"category","embeddable":true,"href":"https:\/\/www.europesays.com\/fr\/wp-json\/wp\/v2\/categories?post=303738"},{"taxonomy":"post_tag","embeddable":true,"href":"https:\/\/www.europesays.com\/fr\/wp-json\/wp\/v2\/tags?post=303738"}],"curies":[{"name":"wp","href":"https:\/\/api.w.org\/{rel}","templated":true}]}}