{"id":30374,"date":"2025-04-17T00:42:25","date_gmt":"2025-04-17T00:42:25","guid":{"rendered":"https:\/\/www.europesays.com\/fr\/30374\/"},"modified":"2025-04-17T00:42:25","modified_gmt":"2025-04-17T00:42:25","slug":"le-nouveau-food-truck-sert-des-repas-et-un-accompagnement-vers-lemploi","status":"publish","type":"post","link":"https:\/\/www.europesays.com\/fr\/30374\/","title":{"rendered":"le nouveau food truck sert des repas et un accompagnement vers l&#8217;emploi"},"content":{"rendered":"<p>            Par<br \/>\n        <strong><br \/>\n            <a href=\"https:\/\/actu.fr\/auteur\/le-journal-delbeuf\" title=\"Consulter tous les articles de R\u00e9daction Elbeuf\" rel=\"nofollow noopener\" target=\"_blank\">R\u00e9daction Elbeuf<\/a><br \/>\n        <\/strong><\/p>\n<p>        Publi\u00e9 le<\/p>\n<p>            16 avr. 2025 \u00e0 17h10        <\/p>\n<p>Depuis fin mars 2025, l\u2019association <b>La Marcotte<\/b> installe son <b>food truck<\/b> sur le parking de l\u2019embarcad\u00e8re du bac, \u00e0 <a href=\"https:\/\/actu.fr\/normandie\/la-bouille_76131\" rel=\"nofollow noopener\" target=\"_blank\">La Bouille (Seine-Maritime)<\/a> et propose des <b>repas rapides<\/b> compos\u00e9s sur place.<\/p>\n<p class=\" wall-content\">Frites fra\u00eeches, merguez, sandwiches demi-baguette, desserts, eau, sodas\u2026 Des repas de qualit\u00e9 \u00e0 un prix l\u00e9ger.<\/p>\n<p class=\" wall-content\">\u00ab Le lundi, les commerces sont ferm\u00e9s et il faut d\u00e9jeuner rapidement \u00bb, commentent les salari\u00e9s de La Marcotte. Pr\u00e8s du bac, l\u2019emplacement est id\u00e9al avec un parking pour grande terrasse et vue sur la Seine.<\/p>\n<p>Pas de CDD, que des CDI<\/p>\n<p class=\" wall-content\">La sp\u00e9cificit\u00e9 de La Marcotte, c\u2019est que c\u2019est une <b>Entreprise \u00e0 but d\u2019emploi (EBE)<\/b>. Cr\u00e9\u00e9e en novembre\u00a02024, son objectif est de favoriser le <b>retour \u00e0 l\u2019emploi <\/b>durable aux personnes priv\u00e9es d\u2019emploi depuis au moins un an.<\/p>\n<p class=\" wall-content\">\u00ab Nous sommes actuellement 36 salari\u00e9s en contrat \u00e0 dur\u00e9e ind\u00e9termin\u00e9, en fin de p\u00e9riode d\u2019essai. Il n\u2019y a pas de contrat \u00e0 dur\u00e9e d\u00e9termin\u00e9e \u00bb, t\u00e9moignent les deux jeunes femmes \u00e0 bord du food truck.<\/p>\n<p class=\" wall-content\">En plus de cette offre de restauration itin\u00e9rante, l\u2019association propose divers services comme de la conciergerie, un caf\u00e9 culturel, une ressourcerie\u2026<\/p>\n<p>Vid\u00e9os : en ce moment sur Actu<\/p>\n<p class=\" wall-content\">Afin de mieux se faire conna\u00eetre, une porte ouverte est organis\u00e9e le samedi 26\u00a0avril, de 10 h \u00e0 18 h, avec des animations et une restauration sur place, dans son si\u00e8ge de Petit-Couronne, sur l\u2019ancien site Petroplus.<\/p>\n<p>La Marcotte, \u00e0 La Bouille tous les lundis de 10 h 30 \u00e0 13 h 30. Contact : 06 79 05 05 30, https:\/\/lamarcotte.fr ou <a href=\"https:\/\/actu.fr\/cdn-cgi\/l\/email-protection\" class=\"__cf_email__\" data-cfemail=\"593a36372d383a2d19353834382b3a362d2d3c773f2b\" rel=\"nofollow noopener\" target=\"_blank\">[email\u00a0protected]<\/a>.<\/p>\n<p class=\" wall-content\">Suivez toute l\u2019actualit\u00e9 de vos villes et m\u00e9dias favoris en vous inscrivant \u00e0 <a href=\"https:\/\/moncompte.actu.fr\" title=\"D\u00e9couvez Mon Actu\" rel=\"nofollow noopener\" data-trk=\"{&quot;cta&quot;:{&quot;action&quot;:&quot;https:\\\/\\\/moncompte.actu.fr&quot;,&quot;category&quot;:&quot;mon compte&quot;,&quot;from&quot;:&quot;article footer&quot;,&quot;name&quot;:&quot;Mon actu&quot;,&quot;type&quot;:&quot;cta&quot;}}\" target=\"_blank\">Mon Actu<\/a>.<\/p>\n","protected":false},"excerpt":{"rendered":"Par R\u00e9daction Elbeuf Publi\u00e9 le 16 avr. 2025 \u00e0 17h10 Depuis fin mars 2025, l\u2019association La Marcotte installe&hellip;\n","protected":false},"author":2,"featured_media":30375,"comment_status":"","ping_status":"","sticky":false,"template":"","format":"standard","meta":{"footnotes":""},"categories":[9587],"tags":[1111,11,341,1777,674,1011,27,12,5161,25,1340,9590,104,10479],"class_list":{"0":"post-30374","1":"post","2":"type-post","3":"status-publish","4":"format-standard","5":"has-post-thumbnail","7":"category-rouen","8":"tag-actu","9":"tag-actualites","10":"tag-emploi","11":"tag-eu","12":"tag-europe","13":"tag-fr","14":"tag-france","15":"tag-news","16":"tag-normandie","17":"tag-republique-francaise","18":"tag-restaurant","19":"tag-rouen","20":"tag-societe","21":"tag-street-food"},"share_on_mastodon":{"url":"https:\/\/pubeurope.com\/@fr\/114350531783401034","error":""},"_links":{"self":[{"href":"https:\/\/www.europesays.com\/fr\/wp-json\/wp\/v2\/posts\/30374","targetHints":{"allow":["GET"]}}],"collection":[{"href":"https:\/\/www.europesays.com\/fr\/wp-json\/wp\/v2\/posts"}],"about":[{"href":"https:\/\/www.europesays.com\/fr\/wp-json\/wp\/v2\/types\/post"}],"author":[{"embeddable":true,"href":"https:\/\/www.europesays.com\/fr\/wp-json\/wp\/v2\/users\/2"}],"replies":[{"embeddable":true,"href":"https:\/\/www.europesays.com\/fr\/wp-json\/wp\/v2\/comments?post=30374"}],"version-history":[{"count":0,"href":"https:\/\/www.europesays.com\/fr\/wp-json\/wp\/v2\/posts\/30374\/revisions"}],"wp:featuredmedia":[{"embeddable":true,"href":"https:\/\/www.europesays.com\/fr\/wp-json\/wp\/v2\/media\/30375"}],"wp:attachment":[{"href":"https:\/\/www.europesays.com\/fr\/wp-json\/wp\/v2\/media?parent=30374"}],"wp:term":[{"taxonomy":"category","embeddable":true,"href":"https:\/\/www.europesays.com\/fr\/wp-json\/wp\/v2\/categories?post=30374"},{"taxonomy":"post_tag","embeddable":true,"href":"https:\/\/www.europesays.com\/fr\/wp-json\/wp\/v2\/tags?post=30374"}],"curies":[{"name":"wp","href":"https:\/\/api.w.org\/{rel}","templated":true}]}}