{"id":303740,"date":"2025-08-07T22:28:22","date_gmt":"2025-08-07T22:28:22","guid":{"rendered":"https:\/\/www.europesays.com\/fr\/303740\/"},"modified":"2025-08-07T22:28:22","modified_gmt":"2025-08-07T22:28:22","slug":"diffuseur-de-lens-ol-bein-sports-retarde-ses-paiements","status":"publish","type":"post","link":"https:\/\/www.europesays.com\/fr\/303740\/","title":{"rendered":"Diffuseur de Lens &#8211; OL, beIN Sports retarde ses paiements"},"content":{"rendered":"<p>                            <img width=\"770\" height=\"433\" src=\"https:\/\/www.europesays.com\/fr\/wp-content\/uploads\/2025\/08\/000_ARP4358637-770x433.jpg\" class=\"attachment-article size-article wp-post-image\" alt=\"beIN Sports, diffuseur de la Ligue 1\" decoding=\"async\" fetchpriority=\"high\"  \/><\/p>\n<p>beIN Sports, diffuseur de la Ligue 1 (Photo by KENZO TRIBOUILLARD \/ AFP)<\/p>\n<p>\u00c0 plus d&rsquo;une semaine de Lens &#8211; OL, beIN Sports ne cache plus son m\u00e9contentement. Le diffuseur a partiellement gel\u00e9 le paiement d\u00fb \u00e0 la LFP.<\/p>\n<p>Le match entre <strong>Lens<\/strong> et l\u2019<strong>OL<\/strong>, pr\u00e9vu le samedi 16 ao\u00fbt \u00e0 17h, arrive dans un climat tendu. D\u2019apr\u00e8s L\u2019\u00c9quipe, beIN Sports n\u2019a vers\u00e9 que 14 millions d\u2019euros sur les 18 millions attendus par la Ligue de Football Professionnel. Le groupe franco-qatarien, d\u00e9tenteur de l\u2019affiche du samedi, veut ainsi marquer son m\u00e9contentement. Il conteste les limites fix\u00e9es dans son contrat. beIN ne peut diffuser un m\u00eame club que huit fois par saison. Il lui est aussi interdit de programmer deux fois de suite la m\u00eame \u00e9quipe.<\/p>\n<p>Des r\u00e8gles trop strictes pour le diffuseur<\/p>\n<p>Toujours selon L\u2019\u00c9quipe, le diffuseur juge ces r\u00e8gles trop strictes. Il estime qu\u2019elles r\u00e9duisent la valeur de son produit. En th\u00e9orie, il a le premier ou le deuxi\u00e8me choix pour le match du samedi. C\u2019est le cas pour <strong>Lens &#8211; OL<\/strong>. Mais dans la pratique, les contraintes favoriseraient la <a href=\"https:\/\/www.olympique-et-lyonnais.com\/ol-la-ligue-1-presente-sa-nouvelle-plateforme-tv,370652.html\" target=\"_blank\" rel=\"noopener\">future plateforme<\/a> Ligue 1+, qui arrive le 15 ao\u00fbt. La LFP, pour l\u2019instant, ne s\u2019exprime pas. Ce conflit complique la reprise du championnat, surtout pour des clubs comme l\u2019<strong>OL<\/strong> qui comptent \u00e9norm\u00e9ment sur la visibilit\u00e9.<\/p>\n<p>\t\t\t\t\t<a href=\"https:\/\/www.olympique-et-lyonnais.com\/mercato-lol-pourrait-se-mordre-les-doigts-dans-le-dossier-barcola,374776.html\" title=\"Mercato : l&#039;OL pourrait se mordre les doigts dans le dossier Barcola\" target=\"_blank\" rel=\"noopener\"><img loading=\"lazy\" width=\"580\" height=\"326\" src=\"https:\/\/www.europesays.com\/fr\/wp-content\/uploads\/2025\/08\/000_34PX9PH-580x326.jpg\" class=\"attachment-actularge size-actularge wp-post-image\" alt=\"Bradley Barcola (PSG) face \u00e0 Clinton Mata (OL)\" decoding=\"async\"  \/>\t\t\t\t\t<\/a><\/p>\n","protected":false},"excerpt":{"rendered":"beIN Sports, diffuseur de la Ligue 1 (Photo by KENZO TRIBOUILLARD \/ AFP) \u00c0 plus d&rsquo;une semaine de&hellip;\n","protected":false},"author":2,"featured_media":303741,"comment_status":"","ping_status":"","sticky":false,"template":"","format":"standard","meta":{"footnotes":""},"categories":[9],"tags":[41254,1011,27,66,978,60],"class_list":{"0":"post-303740","1":"post","2":"type-post","3":"status-publish","4":"format-standard","5":"has-post-thumbnail","7":"category-sports","8":"tag-bein-sport","9":"tag-fr","10":"tag-france","11":"tag-ligue-1","12":"tag-olympique-lyonnais","13":"tag-sports"},"share_on_mastodon":{"url":"https:\/\/pubeurope.com\/@fr\/114989846467220976","error":""},"_links":{"self":[{"href":"https:\/\/www.europesays.com\/fr\/wp-json\/wp\/v2\/posts\/303740","targetHints":{"allow":["GET"]}}],"collection":[{"href":"https:\/\/www.europesays.com\/fr\/wp-json\/wp\/v2\/posts"}],"about":[{"href":"https:\/\/www.europesays.com\/fr\/wp-json\/wp\/v2\/types\/post"}],"author":[{"embeddable":true,"href":"https:\/\/www.europesays.com\/fr\/wp-json\/wp\/v2\/users\/2"}],"replies":[{"embeddable":true,"href":"https:\/\/www.europesays.com\/fr\/wp-json\/wp\/v2\/comments?post=303740"}],"version-history":[{"count":0,"href":"https:\/\/www.europesays.com\/fr\/wp-json\/wp\/v2\/posts\/303740\/revisions"}],"wp:featuredmedia":[{"embeddable":true,"href":"https:\/\/www.europesays.com\/fr\/wp-json\/wp\/v2\/media\/303741"}],"wp:attachment":[{"href":"https:\/\/www.europesays.com\/fr\/wp-json\/wp\/v2\/media?parent=303740"}],"wp:term":[{"taxonomy":"category","embeddable":true,"href":"https:\/\/www.europesays.com\/fr\/wp-json\/wp\/v2\/categories?post=303740"},{"taxonomy":"post_tag","embeddable":true,"href":"https:\/\/www.europesays.com\/fr\/wp-json\/wp\/v2\/tags?post=303740"}],"curies":[{"name":"wp","href":"https:\/\/api.w.org\/{rel}","templated":true}]}}