{"id":303748,"date":"2025-08-07T22:32:13","date_gmt":"2025-08-07T22:32:13","guid":{"rendered":"https:\/\/www.europesays.com\/fr\/303748\/"},"modified":"2025-08-07T22:32:13","modified_gmt":"2025-08-07T22:32:13","slug":"la-tempete-tropicale-dexter-se-rapproche-de-leurope-quelles-consequences-en-france","status":"publish","type":"post","link":"https:\/\/www.europesays.com\/fr\/303748\/","title":{"rendered":"la temp\u00eate tropicale Dexter se rapproche de l&rsquo;Europe, quelles cons\u00e9quences en France\u00a0?"},"content":{"rendered":"<p>            Par<br \/>\n        <strong><br \/>\n            <a href=\"https:\/\/actu.fr\/auteur\/jade-lacroix\" title=\"Consulter tous les articles de Jade Lacroix\" rel=\"nofollow noopener\" target=\"_blank\">Jade Lacroix<\/a><br \/>\n        <\/strong><\/p>\n<p>        Publi\u00e9 le<\/p>\n<p>            7 ao\u00fbt 2025 \u00e0 20h59        <\/p>\n<p>Cette seconde vague <a href=\"https:\/\/actu.fr\/societe\/diabete-calculs-renaux-depression-ces-cinq-risques-pour-votre-sante-que-provoque-la-chaleur_62887857.html\" rel=\"nofollow noopener\" target=\"_blank\">de chaleur<\/a> de l\u2019\u00e9t\u00e9 s\u2019annonce particuli\u00e8rement intense sur la moiti\u00e9 sud. En plus des conditions anticycloniques, une temp\u00eate tropicale proche de l\u2019Europe va accentuer <strong>la canicule<\/strong> sur l\u2019Hexagone.<\/p>\n<p>Un \u00e9pisode de fortes chaleurs qui d\u00e9bute vendredi<\/p>\n<p class=\" wall-content\">Ce jeudi 7 ao\u00fbt 2025, M\u00e9t\u00e9o France place une dizaine de d\u00e9partements en vigilance orange canicule pour la journ\u00e9e de vendredi. Car la <a href=\"https:\/\/actu.fr\/societe\/canicule-de-juin-et-juillet-2025-480-morts-en-plus-que-la-normale-ont-ete-constates-en-france_62947987.html\" rel=\"nofollow noopener\" target=\"_blank\"><strong>seconde vague de chaleur<\/strong><\/a> de l\u2019\u00e9t\u00e9 d\u00e9bute aujourd\u2019hui.<\/p>\n<p class=\" wall-content\">\u00ab\u2009Il est certain qu\u2019il va y avoir un \u00e9pisode de tr\u00e8s forte chaleur caniculaire sur la moiti\u00e9 sud, qui va durer au moins une semaine\u2009\u00bb, alerte aupr\u00e8s d\u2019actu.fr Guillaume S\u00e9chet, m\u00e9t\u00e9orologue et fondateur de <a href=\"https:\/\/www.meteo-villes.com\/france\/previsions\" rel=\"nofollow noopener\" target=\"_blank\">m\u00e9t\u00e9o-villes.com<\/a>.<\/p>\n<p class=\" wall-content\">La chaleur va \u00eatre \u00ab\u2009intense\u2009\u00bb avec <strong>des pics \u00e0 40 degr\u00e9s<\/strong> en d\u00e9but de semaine prochaine dans le sud-ouest. Cet \u00e9pisode est marqu\u00e9, notamment \u00e0 cause d\u2019une temp\u00eate tropicale, nomm\u00e9e Dexter.<\/p>\n<p class=\" wall-content\">\n<p>Une temp\u00eate qui ram\u00e8ne de l\u2019air chaud du Sahara<\/p>\n<p class=\" wall-content\">Selon <a href=\"https:\/\/www.meteo-paris.com\/actualites\/pourquoi-la-tempete-tropicale-dexter-va-accentuer-la-canicule-en-france\" rel=\"nofollow noopener\" target=\"_blank\">le site m\u00e9t\u00e9o-villes.com<\/a>, <strong>la temp\u00eate Dexter<\/strong> est \u00ab\u2009une temp\u00eate tropicale actuellement situ\u00e9e au-dessus des eaux de l\u2019oc\u00e9an Atlantique\u2009\u00bb.<\/p>\n<p class=\" wall-content\">Elle pourrait d\u2019ailleurs <strong>se transformer en cyclone<\/strong> la nuit prochaine, sans pour autant impacter la terre.<\/p>\n<blockquote class=\"ac-article-quote wall-content\">\n<p>Dans les prochains jours, Dexter va migrer vers l&rsquo;est en finissant par circuler au nord de l&rsquo;archipel des A\u00e7ores au cours de ce week-end des 9 et 10 ao\u00fbt 2025.<\/p>\n<p>    <strong>M\u00e9t\u00e9o-villes.com<\/strong>\n            <\/p><\/blockquote>\n<p class=\" wall-content\">Guillaume S\u00e9chet insiste bien sur le fait que cette temp\u00eate tropicale<strong> ne va jamais toucher la France<\/strong>. Mais elle va quand m\u00eame avoir un impact sur son climat.<\/p>\n<p class=\" wall-content\">Ce ph\u00e9nom\u00e8ne va se produire en d\u00e9but de semaine et c\u2019est l\u00e0 qu\u2019il faudra s\u2019attendre \u00e0 un pic caniculaire sur notre territoire. \u00ab\u2009<a href=\"https:\/\/actu.fr\/societe\/pourquoi-les-canicules-risquent-de-faire-davantage-de-morts-que-les-deux-annonces-par-agnes-pannier-runacher_62862003.html\" rel=\"nofollow noopener\" target=\"_blank\">Les chaleurs<\/a> vont s\u2019intensifier \u00e0 partir du d\u00e9but de semaine parce que non seulement on a l\u2019air extr\u00eamement chaud sur la partie sud de l\u2019Europe, en plus il y a cet anticyclone install\u00e9 et cette temp\u00eate tropicale\u2009\u00bb, d\u00e9taille le m\u00e9t\u00e9orologue.<\/p>\n<p>Un effet \u00ab\u2009pompe \u00e0 chaleur\u2009\u00bb<\/p>\n<p class=\" wall-content\">Car <strong>elle am\u00e8ne avec elle les fortes chaleurs<\/strong>. \u00ab\u2009Lorsqu\u2019elle va se rapprocher de l\u2019Hexagone \u2014 sans le toucher \u2014 c\u2019est l\u00e0 que de l\u2019air tr\u00e8s chaud du Sahara pourrait remonter jusqu\u2019aux r\u00e9gions du nord de la France\u2009\u00bb, pr\u00e9vient Guillaume S\u00e9chet.<\/p>\n<p class=\" wall-content\">En effet, la temp\u00eate Dexter est \u00e0 l\u2019origine <strong>d\u2019un effet \u00ab\u2009pompe \u00e0 chaleur\u2009\u00bb,<\/strong> c\u2019est-\u00e0-dire qu\u2019elle va d\u00e9placer de l\u2019air chaud d\u2019une zone g\u00e9ographique \u00e0 une autre.<\/p>\n<p class=\" wall-content\">Ici, cet air surchauff\u00e9 prend ses racines au large du Maroc et en Espagne, envahissant la quasi-totalit\u00e9 de l\u2019Hexagone d\u2019ici lundi 11 et mardi 12 ao\u00fbt 2025, pr\u00e9cise m\u00e9t\u00e9o-villes.com.<\/p>\n<p class=\" wall-content\"><img decoding=\"async\" src=\"https:\/\/www.europesays.com\/fr\/wp-content\/uploads\/2025\/08\/animowv1.gif\" loading=\"lazy\"\/><\/p>\n<p class=\" wall-content\">Les temp\u00e9ratures attendues jusqu\u2019au 11\u00a0ao\u00fbt 2025 (plus la zone est violette, plus les temp\u00e9ratures sont \u00e9lev\u00e9es), selon le mod\u00e8le europ\u00e9en UKMO HD. Carte issue de\u00a0<a href=\"https:\/\/www.meteociel.fr\/modeles\/ukmohd.php?ech=138&amp;mode=31&amp;map=0\" rel=\"nofollow noopener\" target=\"_blank\">M\u00e9t\u00e9ociel<\/a>.<\/p>\n<p class=\" wall-content\">Comme on peut le voir, <a href=\"https:\/\/actu.fr\/societe\/la-climatisation-peut-elle-vous-rendre-malade-les-bons-gestes-pour-l-utiliser-sans-risque_62891729.html\" rel=\"nofollow noopener\" target=\"_blank\">la chaleur<\/a> grimpe d\u2019un cran d\u00e8s ce lundi avec l\u2019arriv\u00e9e de Dexter\u2009: 40 degr\u00e9s sont pr\u00e9vus \u00e0 Agen, Toulouse ou encore P\u00e9rigueux, 39 \u00e0 Mont\u00e9limar ou encore 37 \u00e0 Nantes.<\/p>\n<p class=\" wall-content\"><strong>Des pointes de 41 \u00e0 42\u00b0C<\/strong> pourraient \u00eatre enregistr\u00e9es localement, avec la masse d\u2019air surchauff\u00e9e qui survolera le sud-ouest de l\u2019hexagone.<\/p>\n<p class=\" wall-content\">Cet \u00e9pisode de fortes chaleurs devrait par ailleurs durer au moins jusqu\u2019au 14 ou 15\u00a0ao\u00fbt. Mais pour le moment, aucune date pr\u00e9cise n\u2019est anticip\u00e9e pour la fin de cette canicule.<\/p>\n<p class=\" wall-content\">Suivez toute l\u2019actualit\u00e9 de vos villes et m\u00e9dias favoris en vous inscrivant \u00e0 <a href=\"https:\/\/moncompte.actu.fr\" title=\"D\u00e9couvez Mon Actu\" rel=\"nofollow noopener\" data-trk=\"{&quot;cta&quot;:{&quot;action&quot;:&quot;https:\\\/\\\/moncompte.actu.fr&quot;,&quot;category&quot;:&quot;mon compte&quot;,&quot;from&quot;:&quot;article footer&quot;,&quot;name&quot;:&quot;Mon actu&quot;,&quot;type&quot;:&quot;cta&quot;}}\" target=\"_blank\">Mon Actu<\/a>.<\/p>\n<ul class=\"ac-article-tag wall-content\">\n<li><a href=\"https:\/\/actu.fr\/tag\/canicule\" data-trk=\"{&quot;cta&quot;:{&quot;action&quot;:&quot;Canicule&quot;,&quot;category&quot;:&quot;tag&quot;,&quot;from&quot;:&quot;article footer&quot;,&quot;name&quot;:&quot;Canicule&quot;,&quot;type&quot;:&quot;cta&quot;}}\" rel=\"nofollow noopener\" target=\"_blank\">#Canicule<\/a><\/li>\n<li><a href=\"https:\/\/actu.fr\/tag\/vague-de-chaleur\" data-trk=\"{&quot;cta&quot;:{&quot;action&quot;:&quot;Vague de chaleur&quot;,&quot;category&quot;:&quot;tag&quot;,&quot;from&quot;:&quot;article footer&quot;,&quot;name&quot;:&quot;Vague de chaleur&quot;,&quot;type&quot;:&quot;cta&quot;}}\" rel=\"nofollow noopener\" target=\"_blank\">#Vague de chaleur<\/a><\/li>\n<\/ul>\n","protected":false},"excerpt":{"rendered":"Par Jade Lacroix Publi\u00e9 le 7 ao\u00fbt 2025 \u00e0 20h59 Cette seconde vague de chaleur de l\u2019\u00e9t\u00e9 s\u2019annonce&hellip;\n","protected":false},"author":2,"featured_media":303749,"comment_status":"","ping_status":"","sticky":false,"template":"","format":"standard","meta":{"footnotes":""},"categories":[5],"tags":[11,6698,1011,27,14,2487,12,15637,28],"class_list":{"0":"post-303748","1":"post","2":"type-post","3":"status-publish","4":"format-standard","5":"has-post-thumbnail","7":"category-international","8":"tag-actualites","9":"tag-canicule","10":"tag-fr","11":"tag-france","12":"tag-international","13":"tag-meteo","14":"tag-news","15":"tag-vague-de-chaleur","16":"tag-world"},"share_on_mastodon":{"url":"https:\/\/pubeurope.com\/@fr\/114989861759122671","error":""},"_links":{"self":[{"href":"https:\/\/www.europesays.com\/fr\/wp-json\/wp\/v2\/posts\/303748","targetHints":{"allow":["GET"]}}],"collection":[{"href":"https:\/\/www.europesays.com\/fr\/wp-json\/wp\/v2\/posts"}],"about":[{"href":"https:\/\/www.europesays.com\/fr\/wp-json\/wp\/v2\/types\/post"}],"author":[{"embeddable":true,"href":"https:\/\/www.europesays.com\/fr\/wp-json\/wp\/v2\/users\/2"}],"replies":[{"embeddable":true,"href":"https:\/\/www.europesays.com\/fr\/wp-json\/wp\/v2\/comments?post=303748"}],"version-history":[{"count":0,"href":"https:\/\/www.europesays.com\/fr\/wp-json\/wp\/v2\/posts\/303748\/revisions"}],"wp:featuredmedia":[{"embeddable":true,"href":"https:\/\/www.europesays.com\/fr\/wp-json\/wp\/v2\/media\/303749"}],"wp:attachment":[{"href":"https:\/\/www.europesays.com\/fr\/wp-json\/wp\/v2\/media?parent=303748"}],"wp:term":[{"taxonomy":"category","embeddable":true,"href":"https:\/\/www.europesays.com\/fr\/wp-json\/wp\/v2\/categories?post=303748"},{"taxonomy":"post_tag","embeddable":true,"href":"https:\/\/www.europesays.com\/fr\/wp-json\/wp\/v2\/tags?post=303748"}],"curies":[{"name":"wp","href":"https:\/\/api.w.org\/{rel}","templated":true}]}}