{"id":303754,"date":"2025-08-07T22:35:27","date_gmt":"2025-08-07T22:35:27","guid":{"rendered":"https:\/\/www.europesays.com\/fr\/303754\/"},"modified":"2025-08-07T22:35:27","modified_gmt":"2025-08-07T22:35:27","slug":"feu-de-vegetation-a-pont-salomon-la-rn88-fermee-pendant-90-minutes-dans-le-sens-saint-etienne-le-puy","status":"publish","type":"post","link":"https:\/\/www.europesays.com\/fr\/303754\/","title":{"rendered":"Feu de v\u00e9g\u00e9tation \u00e0 Pont-Salomon : la RN88 ferm\u00e9e pendant 90 minutes dans le sens Saint-Etienne\/Le Puy"},"content":{"rendered":"<p>\t\t\t\t\t\t\t\t\t\t\t\t\t\t\t\t\t\t\t\t\t\t\t\t\t\t\t\t\t\t\t\t\t\t\t\t\t\t\t\t\t\t\t\t\t\t\t\t\t\t\t\t\t\t\t\t\t\t\t\t\t\t\t<a href=\"https:\/\/www.lacommere43.fr\/component\/banners\/click\/1803.html\" target=\"_blank\" title=\"Tence Rural Master ao\u00fbt 2025\" rel=\"noopener\"><br \/>\n\t\t\t\t\t\t\t<img decoding=\"async\" loading=\"lazy\" src=\"https:\/\/www.europesays.com\/fr\/wp-content\/uploads\/2025\/08\/rural2025-5.gif\" alt=\"Tence Rural Master ao\u00fbt 2025\"\/><br \/>\n\t\t\t\t\t\t<\/a><\/p>\n<p>\t\t\t\t\t\t\t\t\t\t\t\t\t\t\t\t\t\t\t\t\t\t\t\t\t\t\t\t\t\t\t\t\t\t\t\t\t\t\t\t\t\t\t\t\t\t\t\t\t\t\t\t\t\t\t\t\t\t\t\t\t\t\t<a href=\"https:\/\/www.lacommere43.fr\/component\/banners\/click\/1802.html\" target=\"_blank\" title=\"Hugon Tourisme ao\u00fbt 2025\" rel=\"noopener\"><br \/>\n\t\t\t\t\t\t\t<img decoding=\"async\" loading=\"lazy\" src=\"https:\/\/www.europesays.com\/fr\/wp-content\/uploads\/2025\/08\/hugonaot.gif\" alt=\"Hugon Tourisme ao\u00fbt 2025\"\/><br \/>\n\t\t\t\t\t\t<\/a><\/p>\n<p><strong>La RN88 a \u00e9t\u00e9 ferm\u00e9e \u00e0 la circulation ce jeudi \u00e015 h 30 dans le sens Saint-Etienne\/Le Puy \u00e0 hauteur de Saint-Ferr\u00e9ol-d&rsquo;Auroure.<\/strong><\/p>\n<p>Une quarantaine de pompiers sont mobilis\u00e9s pour un feu de v\u00e9g\u00e9tation qui a pris au bord de la RN88 avec des habitations \u00e0 proximit\u00e9. Cet incendie est le r\u00e9sultat d&rsquo;un feu sur un v\u00e9hicule. Les flammes se sont propag\u00e9es \u00e0 la v\u00e9g\u00e9tation et cela a pris derri\u00e8re le grillage.\u00a0<\/p>\n<p>Face au risque de progression et pour faciliter l&rsquo;intervention des secours, la RN88 est ferm\u00e9e en direction de Monistrol, bloquant plusieurs centaines de voitures et camions entre Firminy et Pont-Salomon sur la 2&#215;2 voies.<\/p>\n<p>La RN88 a \u00e9t\u00e9 rouverte \u00e0 16 h 30.<\/p>\n","protected":false},"excerpt":{"rendered":"La RN88 a \u00e9t\u00e9 ferm\u00e9e \u00e0 la circulation ce jeudi \u00e015 h 30 dans le sens Saint-Etienne\/Le Puy&hellip;\n","protected":false},"author":2,"featured_media":303755,"comment_status":"","ping_status":"","sticky":false,"template":"","format":"standard","meta":{"footnotes":""},"categories":[9653],"tags":[1111,2281,11,2430,1777,674,2282,1011,27,2280,2284,2285,2283,12,25,4001],"class_list":{"0":"post-303754","1":"post","2":"type-post","3":"status-publish","4":"format-standard","5":"has-post-thumbnail","7":"category-saint-etienne","8":"tag-actu","9":"tag-actualite-43","10":"tag-actualites","11":"tag-auvergne-rhone-alpes","12":"tag-eu","13":"tag-europe","14":"tag-faits-divers-auvergne","15":"tag-fr","16":"tag-france","17":"tag-information-haute-loire","18":"tag-infos-43","19":"tag-journal-haute-loire","20":"tag-la-commere-43","21":"tag-news","22":"tag-republique-francaise","23":"tag-saint-etienne"},"share_on_mastodon":{"url":"https:\/\/pubeurope.com\/@fr\/114989873584871559","error":""},"_links":{"self":[{"href":"https:\/\/www.europesays.com\/fr\/wp-json\/wp\/v2\/posts\/303754","targetHints":{"allow":["GET"]}}],"collection":[{"href":"https:\/\/www.europesays.com\/fr\/wp-json\/wp\/v2\/posts"}],"about":[{"href":"https:\/\/www.europesays.com\/fr\/wp-json\/wp\/v2\/types\/post"}],"author":[{"embeddable":true,"href":"https:\/\/www.europesays.com\/fr\/wp-json\/wp\/v2\/users\/2"}],"replies":[{"embeddable":true,"href":"https:\/\/www.europesays.com\/fr\/wp-json\/wp\/v2\/comments?post=303754"}],"version-history":[{"count":0,"href":"https:\/\/www.europesays.com\/fr\/wp-json\/wp\/v2\/posts\/303754\/revisions"}],"wp:featuredmedia":[{"embeddable":true,"href":"https:\/\/www.europesays.com\/fr\/wp-json\/wp\/v2\/media\/303755"}],"wp:attachment":[{"href":"https:\/\/www.europesays.com\/fr\/wp-json\/wp\/v2\/media?parent=303754"}],"wp:term":[{"taxonomy":"category","embeddable":true,"href":"https:\/\/www.europesays.com\/fr\/wp-json\/wp\/v2\/categories?post=303754"},{"taxonomy":"post_tag","embeddable":true,"href":"https:\/\/www.europesays.com\/fr\/wp-json\/wp\/v2\/tags?post=303754"}],"curies":[{"name":"wp","href":"https:\/\/api.w.org\/{rel}","templated":true}]}}