{"id":303760,"date":"2025-08-07T22:39:27","date_gmt":"2025-08-07T22:39:27","guid":{"rendered":"https:\/\/www.europesays.com\/fr\/303760\/"},"modified":"2025-08-07T22:39:27","modified_gmt":"2025-08-07T22:39:27","slug":"la-kermesse-festival-a-la-seyne-sur-mer-un-samedi-enflamme-et-un-dimanche-qui-sannonce-explosif","status":"publish","type":"post","link":"https:\/\/www.europesays.com\/fr\/303760\/","title":{"rendered":"La Kermesse Festival \u00e0 La Seyne-sur-Mer : un samedi enflamm\u00e9 et un dimanche qui s\u2019annonce explosif"},"content":{"rendered":"<p>Le samedi soir du festival a enflamm\u00e9 La Seyne, et ce dimanche s\u2019annonce encore plus festif pour clore l\u2019\u00e9v\u00e9nement.<\/p>\n<p><img fetchpriority=\"high\" decoding=\"async\" width=\"1200\" height=\"800\" alt=\"La Kermesse Festival 2025\" title=\"kermesse 2025\" src=\"https:\/\/www.europesays.com\/fr\/wp-content\/uploads\/2025\/08\/kermesse-2025.webp.webp\" class=\"img-responsive wp-image-73375\"\/><\/p>\n<p>La Kermesse Festival 2025 \u2013 CREDIT : VarActu<\/p>\n<p data-start=\"104\" data-end=\"187\"><strong data-start=\"104\" data-end=\"187\">Un samedi rythm\u00e9 par des artistes phares des ann\u00e9es 2000 et une foule en liesse<\/strong><\/p>\n<p data-start=\"189\" data-end=\"547\">Hier soir, samedi 2 ao\u00fbt, La Kermesse Festival a offert au public une deuxi\u00e8me soir\u00e9e riche en \u00e9nergie, en rythmes ensoleill\u00e9s et en \u2026<\/p>\n<p>Lire la suite dans l\u2019article <a href=\"https:\/\/www.varactu.fr\/la-kermesse-festival-a-la-seyne-sur-mer-un-samedi-enflamme-et-un-dimanche-qui-sannonce-explosif\/\" rel=\"nofollow noopener\" target=\"_blank\">La Kermesse Festival \u00e0 La Seyne-sur-Mer : un samedi enflamm\u00e9 et un dimanche qui s\u2019annonce explosif<\/a> qui est apparu en premier sur <a href=\"https:\/\/www.varactu.fr\" rel=\"nofollow noopener\" target=\"_blank\">Var Actu<\/a>.<\/p>\n","protected":false},"excerpt":{"rendered":"Le samedi soir du festival a enflamm\u00e9 La Seyne, et ce dimanche s\u2019annonce encore plus festif pour clore&hellip;\n","protected":false},"author":2,"featured_media":303761,"comment_status":"","ping_status":"","sticky":false,"template":"","format":"standard","meta":{"footnotes":""},"categories":[9619],"tags":[1111,11,1777,674,1011,27,12,882,25,2310],"class_list":{"0":"post-303760","1":"post","2":"type-post","3":"status-publish","4":"format-standard","5":"has-post-thumbnail","7":"category-toulon","8":"tag-actu","9":"tag-actualites","10":"tag-eu","11":"tag-europe","12":"tag-fr","13":"tag-france","14":"tag-news","15":"tag-provence-alpes-cote-dazur","16":"tag-republique-francaise","17":"tag-toulon"},"share_on_mastodon":{"url":"https:\/\/pubeurope.com\/@fr\/114989889174023883","error":""},"_links":{"self":[{"href":"https:\/\/www.europesays.com\/fr\/wp-json\/wp\/v2\/posts\/303760","targetHints":{"allow":["GET"]}}],"collection":[{"href":"https:\/\/www.europesays.com\/fr\/wp-json\/wp\/v2\/posts"}],"about":[{"href":"https:\/\/www.europesays.com\/fr\/wp-json\/wp\/v2\/types\/post"}],"author":[{"embeddable":true,"href":"https:\/\/www.europesays.com\/fr\/wp-json\/wp\/v2\/users\/2"}],"replies":[{"embeddable":true,"href":"https:\/\/www.europesays.com\/fr\/wp-json\/wp\/v2\/comments?post=303760"}],"version-history":[{"count":0,"href":"https:\/\/www.europesays.com\/fr\/wp-json\/wp\/v2\/posts\/303760\/revisions"}],"wp:featuredmedia":[{"embeddable":true,"href":"https:\/\/www.europesays.com\/fr\/wp-json\/wp\/v2\/media\/303761"}],"wp:attachment":[{"href":"https:\/\/www.europesays.com\/fr\/wp-json\/wp\/v2\/media?parent=303760"}],"wp:term":[{"taxonomy":"category","embeddable":true,"href":"https:\/\/www.europesays.com\/fr\/wp-json\/wp\/v2\/categories?post=303760"},{"taxonomy":"post_tag","embeddable":true,"href":"https:\/\/www.europesays.com\/fr\/wp-json\/wp\/v2\/tags?post=303760"}],"curies":[{"name":"wp","href":"https:\/\/api.w.org\/{rel}","templated":true}]}}