{"id":303766,"date":"2025-08-07T22:47:11","date_gmt":"2025-08-07T22:47:11","guid":{"rendered":"https:\/\/www.europesays.com\/fr\/303766\/"},"modified":"2025-08-07T22:47:11","modified_gmt":"2025-08-07T22:47:11","slug":"pronostic-estac-troyes-grenoble-foot-ligue-2","status":"publish","type":"post","link":"https:\/\/www.europesays.com\/fr\/303766\/","title":{"rendered":"Pronostic ESTAC Troyes Grenoble Foot &#8211; Ligue 2"},"content":{"rendered":"<p class=\"text-xs leading-5 text-gray-400 mb-2\">\n                        Publi\u00e9 le 07\/08\/2025 13:00<br \/>\n                        \u00a0par<br \/>\n                                                            <a href=\"https:\/\/www.sportytrader.com\/auteur\/steeven-occhipinti-1\/\" target=\"_blank\" rel=\"noopener\">Steeven Occhipinti<\/a><\/p>\n<p>                                                                                                            dans<br \/>\n                                <a data-trans=\"tips.published.competition %competition%\" href=\"https:\/\/www.sportytrader.com\/pronostics\/football\/france\/ligue-2-124\/\" target=\"_blank\" rel=\"noopener\"><br \/>\n                                    Pronostic Ligue 2<br \/>\n                                <\/a><\/p>\n<p style=\"text-align: justify;\">La Ligue 2 est de retour ce week-end ! Pour le compte de la 1re journ\u00e9e, l&rsquo;ES Troyes AC va recevoir le Grenoble Foot 38 au Stade de l&rsquo;Aube ce samedi \u00e0 20h00. Lors du dernier exercice, les locaux ont su terminer tr\u00e8s fort pour ne pas trembler dans la course au maintien. En remportant notamment 3 de ses 4 derni\u00e8res journ\u00e9es, le club troyen a fini \u00e0 la 10e place du classement. De quoi faire le plein de confiance pour cette nouvelle saison. L&rsquo;\u00e9quipe entra\u00een\u00e9e par St\u00e9phane Dumont n&rsquo;a d&rsquo;ailleurs perdu que 2 de ses 6 rencontres de pr\u00e9paration. Elle aura l&rsquo;intention de briller pour sa premi\u00e8re affiche officielle !<\/p>\n<p style=\"text-align: justify;\">De son c\u00f4t\u00e9, le GF38 avait termin\u00e9 juste devant l&rsquo;ES Troyes lors de la derni\u00e8re \u00e9dition de la Ligue 2, puisqu&rsquo;il avait pris la 9e position. Le club grenoblois n&rsquo;a pas r\u00e9ussi \u00e0 briller durant l&rsquo;\u00e9t\u00e9, avec 1 seule victoire en 5 rencontres amicales. Pour ne rien arranger, les hommes de Franck Rizzetto n&rsquo;ont inscrit qu&rsquo;un seul petit but lors de leur pr\u00e9paration estivale. Ils pourraient donc avoir du mal \u00e0 se montrer tr\u00e8s prolifiques pour ce d\u00e9placement du c\u00f4t\u00e9 de Troyes. De quoi s&rsquo;attendre \u00e0 une affiche peu prolifique ce samedi soir&#8230;<\/p>\n","protected":false},"excerpt":{"rendered":"Publi\u00e9 le 07\/08\/2025 13:00 \u00a0par Steeven Occhipinti dans Pronostic Ligue 2 La Ligue 2 est de retour ce&hellip;\n","protected":false},"author":2,"featured_media":303767,"comment_status":"","ping_status":"","sticky":false,"template":"","format":"standard","meta":{"footnotes":""},"categories":[9566],"tags":[1111,11,2430,16475,1777,674,1011,27,2731,11705,446,12,1817,1821,25],"class_list":{"0":"post-303766","1":"post","2":"type-post","3":"status-publish","4":"format-standard","5":"has-post-thumbnail","7":"category-grenoble","8":"tag-actu","9":"tag-actualites","10":"tag-auvergne-rhone-alpes","11":"tag-estac-troyes","12":"tag-eu","13":"tag-europe","14":"tag-fr","15":"tag-france","16":"tag-grenoble","17":"tag-grenoble-foot","18":"tag-ligue-2","19":"tag-news","20":"tag-pronostic","21":"tag-pronostics","22":"tag-republique-francaise"},"share_on_mastodon":{"url":"https:\/\/pubeurope.com\/@fr\/114989920594445879","error":""},"_links":{"self":[{"href":"https:\/\/www.europesays.com\/fr\/wp-json\/wp\/v2\/posts\/303766","targetHints":{"allow":["GET"]}}],"collection":[{"href":"https:\/\/www.europesays.com\/fr\/wp-json\/wp\/v2\/posts"}],"about":[{"href":"https:\/\/www.europesays.com\/fr\/wp-json\/wp\/v2\/types\/post"}],"author":[{"embeddable":true,"href":"https:\/\/www.europesays.com\/fr\/wp-json\/wp\/v2\/users\/2"}],"replies":[{"embeddable":true,"href":"https:\/\/www.europesays.com\/fr\/wp-json\/wp\/v2\/comments?post=303766"}],"version-history":[{"count":0,"href":"https:\/\/www.europesays.com\/fr\/wp-json\/wp\/v2\/posts\/303766\/revisions"}],"wp:featuredmedia":[{"embeddable":true,"href":"https:\/\/www.europesays.com\/fr\/wp-json\/wp\/v2\/media\/303767"}],"wp:attachment":[{"href":"https:\/\/www.europesays.com\/fr\/wp-json\/wp\/v2\/media?parent=303766"}],"wp:term":[{"taxonomy":"category","embeddable":true,"href":"https:\/\/www.europesays.com\/fr\/wp-json\/wp\/v2\/categories?post=303766"},{"taxonomy":"post_tag","embeddable":true,"href":"https:\/\/www.europesays.com\/fr\/wp-json\/wp\/v2\/tags?post=303766"}],"curies":[{"name":"wp","href":"https:\/\/api.w.org\/{rel}","templated":true}]}}