{"id":303768,"date":"2025-08-07T22:49:10","date_gmt":"2025-08-07T22:49:10","guid":{"rendered":"https:\/\/www.europesays.com\/fr\/303768\/"},"modified":"2025-08-07T22:49:10","modified_gmt":"2025-08-07T22:49:10","slug":"au-festival-internationnal-du-film-insolite-de-rennes-le-chateau-raphael-thiery-jai-donne-beaucoup-de-moi","status":"publish","type":"post","link":"https:\/\/www.europesays.com\/fr\/303768\/","title":{"rendered":"Au festival internationnal du film insolit\u00e9 de Rennes-le-Ch\u00e2teau, Rapha\u00ebl Thiery : \u00ab\u00a0J\u2019ai donn\u00e9 beaucoup de moi\u00a0\u00bb"},"content":{"rendered":"<p>Gueule du cin\u00e9ma fran\u00e7ais, r\u00e9v\u00e9l\u00e9 \u00e0 Cannes en 2016 gr\u00e2ce au film Restez verticales d\u2019Alain Guiraudie, Rapha\u00ebl Thiery a depuis tourn\u00e9 dans plus d\u2019une cinquantaine de films. Au Festival international du film insolite, il pr\u00e9sente L\u2019homme d\u2019argile premier film sensible, \u00e9mouvant, grave et pourtant dr\u00f4le et plein d\u2019humanit\u00e9, qui ouvre cette \u00e9dition plac\u00e9e sous le signe du min\u00e9ral, et si\u00e9gera au jury courts-m\u00e9trages. Rencontre avec un acteur singulier.<\/p>\n<p class=\"txt-question\"><b>Connaissez-vous la r\u00e9gion de la Haute Vall\u00e9e de l\u2019Aude ? Et le festival ?<\/b><\/p>\n<p>On croit conna\u00eetre une r\u00e9gion parce qu\u2019on y a pass\u00e9 un moment, dans un th\u00e9\u00e2tre, une salle de spectacle, ou bien une gare, mais on conna\u00eet beaucoup d\u2019endroits sans les conna\u00eetre\u2026 Participer \u00e0 un festival permet de d\u00e9couvrir les gens qui fa\u00e7onnent cette r\u00e9gion. Un territoire, c\u2019est quelque chose, mais moi, ce qui m\u2019int\u00e9resse ce sont les gens qui y habitent et qui l\u2019animent.<\/p>\n<p>L\u2019an dernier, j\u2019ai d\u00e9clin\u00e9 une premi\u00e8re invitation car je jouais de mon instrument de pr\u00e9dilection, la cornemuse, dans un festival de musique traditionnelle organis\u00e9 depuis 48 ans dans mon village. Fort heureusement, Fanny Bastien m\u2019a de nouveau invit\u00e9 cette ann\u00e9e et j\u2019ai pu accepter !<\/p>\n<p class=\"txt-question\"><b>Quelle place accordez-vous au cin\u00e9ma dit \u00ab\u00a0insolite\u00a0\u00bb dans votre parcours d\u2019acteur et de spectateur ?<\/b><\/p>\n<p>Pour moi, un film insolite, \u00e7a ne veut pas dire grand-chose\u2026 Un film est un film. Je sais qu\u2019aujourd\u2019hui on a besoin de ranger un peu tout dans des cases, film de genre, film d\u2019action, film d\u2019\u00e9poque\u2026 Je ne suis pas pour ce mode de classification. Chaque festival a sa propre programmation, riche et vari\u00e9e, qui permet de partir \u00e0 la d\u00e9couverte d\u2019univers, donc je vais me laisser porter par la s\u00e9lection du Fifi !<\/p>\n<p class=\"txt-question\"><b>Vous \u00eates jur\u00e9 pour la s\u00e9lection de courts-m\u00e9trages du Fifi. C\u2019est quoi pour vous \u00ab\u00a0un bon court\u00a0\u00bb ?<\/b><\/p>\n<p>Une comp\u00e9tition de court-m\u00e9trage, c\u2019est toujours int\u00e9ressant. Les cin\u00e9astes ont la possibilit\u00e9 d\u2019aborder des sujets diff\u00e9rents, d\u2019aller au bout de leurs id\u00e9es, et ce malgr\u00e9 une \u00e9conomie souvent pr\u00e9caire. Comme acteur, ce format m\u2019a permis de jouer des personnages extr\u00eamement diff\u00e9rents, donc c\u2019est toujours tr\u00e8s riche. Et raconter une histoire en 15 ou 20 minutes, je trouve que \u00e7a rel\u00e8ve un peu de la performance artistique !<\/p>\n<p class=\"txt-question\"><b>Vous allez pr\u00e9senter \u00ab\u00a0L\u2019homme d\u2019argile\u00a0\u00bb de la r\u00e9alisatrice Ana\u00efs Tellenne. Que repr\u00e9sente ce film pour vous ?<\/b><\/p>\n<p>J\u2019ai d\u2019abord travaill\u00e9 avec Ana\u00efs sur trois courts-m\u00e9trages. Rien ne nous pr\u00e9destinait \u00e0 cette rencontre : nous sommes de deux milieux diff\u00e9rents, de deux g\u00e9n\u00e9rations diff\u00e9rentes\u2026 Ce qui nous r\u00e9unit, c\u2019est une envie commune de cin\u00e9ma. J\u2019ai tout de suite vu dans son travail une grande beaut\u00e9, quelque chose qui m\u2019a s\u00e9duit. Avec L\u2019homme d\u2019argile il y a eu une construction un peu plus collective. J\u2019ai donn\u00e9 beaucoup de moi dans l\u2019histoire, dans ce personnage et c\u2019est pourquoi ce film rev\u00eat une certaine particularit\u00e9 pour moi. Et Ana\u00efs a film\u00e9 \u00e7a magnifiquement !<\/p>\n","protected":false},"excerpt":{"rendered":"Gueule du cin\u00e9ma fran\u00e7ais, r\u00e9v\u00e9l\u00e9 \u00e0 Cannes en 2016 gr\u00e2ce au film Restez verticales d\u2019Alain Guiraudie, Rapha\u00ebl Thiery&hellip;\n","protected":false},"author":2,"featured_media":303769,"comment_status":"","ping_status":"","sticky":false,"template":"","format":"standard","meta":{"footnotes":""},"categories":[2821],"tags":[1111,11,829,1777,674,1011,27,12,584,25],"class_list":{"0":"post-303768","1":"post","2":"type-post","3":"status-publish","4":"format-standard","5":"has-post-thumbnail","7":"category-rennes","8":"tag-actu","9":"tag-actualites","10":"tag-bretagne","11":"tag-eu","12":"tag-europe","13":"tag-fr","14":"tag-france","15":"tag-news","16":"tag-rennes","17":"tag-republique-francaise"},"share_on_mastodon":{"url":"https:\/\/pubeurope.com\/@fr\/114989928739156946","error":""},"_links":{"self":[{"href":"https:\/\/www.europesays.com\/fr\/wp-json\/wp\/v2\/posts\/303768","targetHints":{"allow":["GET"]}}],"collection":[{"href":"https:\/\/www.europesays.com\/fr\/wp-json\/wp\/v2\/posts"}],"about":[{"href":"https:\/\/www.europesays.com\/fr\/wp-json\/wp\/v2\/types\/post"}],"author":[{"embeddable":true,"href":"https:\/\/www.europesays.com\/fr\/wp-json\/wp\/v2\/users\/2"}],"replies":[{"embeddable":true,"href":"https:\/\/www.europesays.com\/fr\/wp-json\/wp\/v2\/comments?post=303768"}],"version-history":[{"count":0,"href":"https:\/\/www.europesays.com\/fr\/wp-json\/wp\/v2\/posts\/303768\/revisions"}],"wp:featuredmedia":[{"embeddable":true,"href":"https:\/\/www.europesays.com\/fr\/wp-json\/wp\/v2\/media\/303769"}],"wp:attachment":[{"href":"https:\/\/www.europesays.com\/fr\/wp-json\/wp\/v2\/media?parent=303768"}],"wp:term":[{"taxonomy":"category","embeddable":true,"href":"https:\/\/www.europesays.com\/fr\/wp-json\/wp\/v2\/categories?post=303768"},{"taxonomy":"post_tag","embeddable":true,"href":"https:\/\/www.europesays.com\/fr\/wp-json\/wp\/v2\/tags?post=303768"}],"curies":[{"name":"wp","href":"https:\/\/api.w.org\/{rel}","templated":true}]}}