{"id":303770,"date":"2025-08-07T22:50:24","date_gmt":"2025-08-07T22:50:24","guid":{"rendered":"https:\/\/www.europesays.com\/fr\/303770\/"},"modified":"2025-08-07T22:50:24","modified_gmt":"2025-08-07T22:50:24","slug":"a-strasbourg-des-habitantes-du-port-du-rhin-lancent-un-cri-dalerte","status":"publish","type":"post","link":"https:\/\/www.europesays.com\/fr\/303770\/","title":{"rendered":"\u00e0 Strasbourg, des habitant(e)s du Port du Rhin lancent un cri d\u2019alerte"},"content":{"rendered":"<p><b>Au Port du Rhin, les habitant(e)s et membres du Conseil citoyen s\u2019inqui\u00e8tent de l\u2019\u00e9mission de plusieurs polluants toxiques dans l\u2019air par l\u2019entreprise Blue Paper, mais plus globalement par toutes les entreprises du secteur, tr\u00e8s industriel. Ils et elles demandent la tenue d\u2019une r\u00e9union publique sur le sujet, davantage de transparence, de contr\u00f4les et une \u00e9tude d\u2019impact sanitaire. <\/b><\/p>\n<p class=\"p1\"><strong>Au Port du Rhin, les inqui\u00e9tudes concernant la qualit\u00e9 de l\u2019air ne sont pas nouvelles.<\/strong> Depuis plusieurs ann\u00e9es, <b>les incendies dans le secteur se r\u00e9p\u00e8tent <\/b>: la Soci\u00e9t\u00e9 des Malteries d\u2019Alsace en 2019, Soprema en 2021 et 2025, OVH en 2021, Derichebourg en 2023 ou dans un entrep\u00f4t en 2024.<\/p>\n<p class=\"p1\">On peut rajouter \u00e0 cela <strong>la pollution engendr\u00e9e par l\u2019avenue du Rhin<\/strong> et son trafic routier et poids lourds.<\/p>\n<blockquote><p>\n        Ce n\u2019est pas parce que \u00e7a se passe au Port du Rhin que \u00e7a ne concerne que le Port du Rhin.    <\/p><\/blockquote>\n<p>            Baptiste, membre du Conseil citoyen du Port du Rhin<\/p>\n<p>    <img width=\"800\" height=\"600\" src=\"https:\/\/www.europesays.com\/fr\/wp-content\/uploads\/2025\/08\/img-0578-grande-800x600.jpeg\" class=\"attachment-image-size-L size-image-size-L\" alt=\"avenue du Rhin voiture\" decoding=\"async\" loading=\"lazy\"  \/>         \u00a9 Nicolas Kaspar \/ Pokaa <\/p>\n<p class=\"p1\">Mais r\u00e9cemment, <a href=\"https:\/\/www.rue89strasbourg.com\/port-du-rhin-blue-paper-emissions-particules-toxiques-352849\" target=\"_blank\" rel=\"noopener\">c\u2019est par Rue89<\/a> que les habitant(e)s du Port du Rhin ont appris une autre nouvelle : <b>ils et elles respirent trois polluants toxiques depuis plusieurs mois<\/b>. En effet, <strong>l\u2019usine de carton Blue Paper a \u00e9t\u00e9 mise en demeure le 4 f\u00e9vrier par la pr\u00e9fecture du Bas-Rhin<\/strong>, lui demandant de baisser ses rejets atmosph\u00e9riques de dioxines et de furanes dans un d\u00e9lai de trois mois. Blue Paper \u00e9tant d\u2019ailleurs consid\u00e9r\u00e9e comme l\u2019une des 10 usines alsaciennes qui \u00e9mettent le plus de polluants dangereux.<\/p>\n<p class=\"p1\">Si la mise en demeure a \u00e9t\u00e9 lev\u00e9e, \u00e7a a \u00e9t\u00e9 la goutte d\u2019eau qui a fait d\u00e9border le vase : en col\u00e8re d\u2019avoir appris cette exposition plusieurs mois apr\u00e8s les faits, <b>le Conseil citoyen du Port du Rhin demande d\u00e9sormais la tenue d\u2019une r\u00e9union publique<\/b> pour plus de transparence par rapport \u00e0 l\u2019air que les habitant(e)s respirent dans le quartier.<\/p>\n<p>                <img width=\"667\" height=\"500\" src=\"https:\/\/www.europesays.com\/fr\/wp-content\/uploads\/2025\/08\/img-0516-667x500.jpeg\" class=\"attachment-gallery size-gallery\" alt=\"mains interview\" data-full-url=\"https:\/\/pokaa.fr\/wp-content\/uploads\/2025\/08\/06\/img-0516.jpeg\" decoding=\"async\" loading=\"lazy\"  \/>            <\/p>\n<p>                <img width=\"667\" height=\"500\" src=\"https:\/\/www.europesays.com\/fr\/wp-content\/uploads\/2025\/08\/img-0575-grande-667x500.jpeg\" class=\"attachment-gallery size-gallery\" alt=\"blue paper usine port du rhin\" data-full-url=\"https:\/\/pokaa.fr\/wp-content\/uploads\/2025\/08\/06\/img-0575-grande.jpeg\" decoding=\"async\" loading=\"lazy\"  \/>            <\/p>\n<p>                    1. \u00a9 Anthony Jilli \/ Pokaa ; 2. \u00a9\u00a0Nicolas Kaspar \/ Pokaa<\/p>\n<p>Des enfants qui grandissent \u00e0 c\u00f4t\u00e9 d\u2019un grand site industriel<\/p>\n<p class=\"p1\">Quartier d\u2019ambition pour la Ville, les Deux-Rives poss\u00e8dent la particularit\u00e9 d\u2019\u00eatre une ancienne friche industrielle, d\u00e9sormais progressivement transform\u00e9e en secteur d\u2019habitation.<\/p>\n<p class=\"p1\">N\u00e9anmoins, alors que 30 000 habitant(e)s sont attendu(e)s \u00e0 moyen terme, <b>le quartier, et tout particuli\u00e8rement le Port du Rhin, grandit \u00e0 proximit\u00e9 du Port autonome de Strasbourg et de ses nombreuses entreprises, dont plusieurs class\u00e9es Seveso. <\/b>K\u00e9sako ? Des sites industriels \u00e0 risque qui produisent ou stockent des substances pouvant \u00eatre dangereuses pour l\u2019humain et l\u2019environnement.<\/p>\n<p>                <a href=\"https:\/\/pokaa.fr\/2019\/10\/11\/un-rouen-a-strasbourg-nos-7-usines-seveso-qui-nous-veulent-du-bien\/\" target=\"_blank\" rel=\"noopener\"><br \/>\n                    <img width=\"360\" height=\"270\" src=\"https:\/\/www.europesays.com\/fr\/wp-content\/uploads\/2025\/08\/usines-seveso-pokaa-strasbourg-3.jpg\" class=\"attachment-card-horizontal--same-subject size-card-horizontal--same-subject wp-post-image\" alt=\"\" decoding=\"async\" loading=\"lazy\"  \/>                <\/a><\/p>\n<p>C\u2019est particuli\u00e8rement ce qui inqui\u00e8te le Conseil citoyen, et notamment Baptiste : \u00ab\u00a0On est dans un quartier qui grandit,<b> avec de plus en plus d\u2019habitants qui ne sont pas forc\u00e9ment inform\u00e9s sur les risques auxquels ils sont soumis en venant ici<\/b>.\u00a0\u00bb <\/p>\n<p>Philippe et Cl\u00e9ment, deux habitants, ont d\u00e9velopp\u00e9 des probl\u00e8mes respiratoires depuis leur installation, tandis qu\u2019une locataire se demande : \u00ab Est-ce qu\u2019on a bien fait d\u2019amener les enfants ici ? \u00bb<\/p>\n<blockquote><p>\n        Il y aura 30 000 habitants d\u2019ici 10 \u00e0 15 ans donc c\u2019est un v\u00e9ritable probl\u00e8me de sant\u00e9 publique.    <\/p><\/blockquote>\n<p>            Edwige, membre du Conseil citoyen du Port du Rhin<\/p>\n<p>                <img width=\"667\" height=\"500\" src=\"https:\/\/www.europesays.com\/fr\/wp-content\/uploads\/2025\/08\/img-0577-grande-667x500.jpeg\" class=\"attachment-gallery size-gallery\" alt=\"usine port du rhin\" data-full-url=\"https:\/\/pokaa.fr\/wp-content\/uploads\/2025\/08\/06\/img-0577-grande.jpeg\" decoding=\"async\" loading=\"lazy\"  \/>            <\/p>\n<p>                <img width=\"747\" height=\"500\" src=\"https:\/\/www.europesays.com\/fr\/wp-content\/uploads\/2025\/08\/DSC_0302.jpg\" class=\"attachment-gallery size-gallery\" alt=\"enfant \u00e9t\u00e9 festival\" data-full-url=\"https:\/\/www.europesays.com\/fr\/wp-content\/uploads\/2025\/08\/DSC_0302.jpg\" decoding=\"async\" loading=\"lazy\"  \/>            <\/p>\n<p>                    1. \u00a9\u00a0Nicolas Kaspar \/ Pokaa ; 2. \u00a9 H\u00e9l\u00e8ne Berrier \/ Pokaa<\/p>\n<p class=\"p1\">Les habitant(e)s d\u00e9noncent aussi une forme de greenwashing de la part des promoteurs immobiliers, qui vendent toujours le secteur comme un \u00e9coquartier. Plus globalement, ils et elles demandent : \u00ab <b>On veut que tout le monde prenne au s\u00e9rieux le fait que ce ne soit plus seulement une zone industrielle, mais une zone d\u2019habitation<\/b>.\u00a0\u00bb Avec notamment une \u00e9cole et une cr\u00e8che \u00e0 proximit\u00e9.<\/p>\n<p class=\"p1\">De son c\u00f4t\u00e9, Blue Paper a r\u00e9agi par voie de communiqu\u00e9 de presse. <b>L\u2019entreprise indique avoir, \u00ab dans un d\u00e9lai extr\u00eamement court \u00bb, install\u00e9 un \u00ab syst\u00e8me d\u2019injection d\u2019un r\u00e9actif min\u00e9ral destin\u00e9 \u00e0 l\u2019abattement des dioxines \u00bb.<\/b> Un traitement qui a permis \u00ab un retour \u00e0 la conformit\u00e9 des \u00e9missions de dioxines \u00bb. Une r\u00e9ponse qui n\u2019a pas vraiment satisfait les habitant(e)s ayant pu le lire.<\/p>\n<p>    <img width=\"800\" height=\"600\" src=\"https:\/\/www.europesays.com\/fr\/wp-content\/uploads\/2025\/08\/img-0573-grande-800x600.jpeg\" class=\"attachment-image-size-L size-image-size-L\" alt=\"usine port du rhin\" decoding=\"async\" loading=\"lazy\"  \/>         \u00a9\u00a0Nicolas Kaspar \/ Pokaa <\/p>\n<p>Davantage de transparence, de contr\u00f4les et une r\u00e9union publique pour informer les habitant(e)s<\/p>\n<p class=\"p3\">Pour interpeller les pouvoirs publics et informer les habitant(e)s, <strong>le Conseil citoyen a mis en place un dossier de presse pour alerter sur les d\u00e9passements des seuils l\u00e9gaux de la part de Blue Paper<\/strong>. Il y d\u00e9taille six revendications pour \u00ab\u00a0am\u00e9liorer cette cohabitation qui sera de toute fa\u00e7on p\u00e9renne\u00a0\u00bb :<\/p>\n<ul class=\"ul1\">\n<li class=\"li3\">Plus de transparence sur les donn\u00e9es d\u2019\u00e9mission de substances polluantes. Sur ce point, Edwige, membre du Conseil citoyen, explique : \u00ab\u00a0<strong>Si catastrophe il y a, qu\u2019est-ce qui serait mis en place pour prot\u00e9ger les habitants ?<\/strong> \u00bb;<\/li>\n<li class=\"li3\">Des contr\u00f4les plus fr\u00e9quents;<\/li>\n<li class=\"li3\">Une expertise sanitaire ind\u00e9pendante, par l\u2019ARS Grand Est;<\/li>\n<li class=\"li3\">La surveillance \u00e9largie des dioxines et PCB;<\/li>\n<li class=\"li3\">Une \u00e9tude d\u2019impact sanitaire;<\/li>\n<li class=\"li3\">Une commission de suivi de site de Blue Paper.<\/li>\n<\/ul>\n<blockquote><p>\n        C\u2019est le choix de la Ville d\u2019avoir construit pr\u00e8s du port ; \u00e7a demande une mise en place de concertations, de mesures de s\u00e9curit\u00e9.    <\/p><\/blockquote>\n<p>            Baptiste, membre du Conseil citoyen du Port du Rhin<\/p>\n<p>    <img width=\"800\" height=\"600\" src=\"https:\/\/www.europesays.com\/fr\/wp-content\/uploads\/2025\/08\/img-0576-grande-800x600.jpeg\" class=\"attachment-image-size-L size-image-size-L\" alt=\"usine port du rhin\" decoding=\"async\" loading=\"lazy\"  \/>         \u00a9\u00a0Nicolas Kaspar \/ Pokaa <\/p>\n<p class=\"p1\">\u00ab\u00a0Des mesures concr\u00e8tes\u00a0\u00bb selon Edwige, <b>qui souhaite \u00e9galement la tenue d\u2019une r\u00e9union publique, en pr\u00e9sence d\u2019ATMO Grand Est, pour informer les habitant(e)s de l\u2019air qu\u2019ils et elles respirent<\/b>.<\/p>\n<p class=\"p1\">Car comme l\u2019explique Baptiste : \u00ab\u00a0Ce n\u2019est pas parce que \u00e7a se passe au Port du Rhin que \u00e7a ne concerne que le Port du Rhin. Et cette exposition chronique aux polluants, on ne sait pas \u00e0 long terme les cons\u00e9quences sur les habitants.\u00a0\u00bb <strong>D\u2019o\u00f9 ce signal d\u2019alerte, dans ce quartier \u00e0 haute ambition pour la Ville.<\/strong><\/p>\n<p>    <img width=\"800\" height=\"600\" src=\"https:\/\/www.europesays.com\/fr\/wp-content\/uploads\/2025\/08\/img-0569-grande-800x600.jpeg\" class=\"attachment-image-size-L size-image-size-L\" alt=\"usine port du rhin blue paper\" decoding=\"async\" loading=\"lazy\"  \/>         \u00a9\u00a0Nicolas Kaspar \/ Pokaa <\/p>\n","protected":false},"excerpt":{"rendered":"Au Port du Rhin, les habitant(e)s et membres du Conseil citoyen s\u2019inqui\u00e8tent de l\u2019\u00e9mission de plusieurs polluants toxiques&hellip;\n","protected":false},"author":2,"featured_media":303771,"comment_status":"","ping_status":"","sticky":false,"template":"","format":"standard","meta":{"footnotes":""},"categories":[2820],"tags":[1111,11,1777,674,1011,27,775,12,1800,28134,25,640],"class_list":{"0":"post-303770","1":"post","2":"type-post","3":"status-publish","4":"format-standard","5":"has-post-thumbnail","7":"category-strasbourg","8":"tag-actu","9":"tag-actualites","10":"tag-eu","11":"tag-europe","12":"tag-fr","13":"tag-france","14":"tag-grand-est","15":"tag-news","16":"tag-pollution","17":"tag-port-du-rhin","18":"tag-republique-francaise","19":"tag-strasbourg"},"share_on_mastodon":{"url":"https:\/\/pubeurope.com\/@fr\/114989932689885813","error":""},"_links":{"self":[{"href":"https:\/\/www.europesays.com\/fr\/wp-json\/wp\/v2\/posts\/303770","targetHints":{"allow":["GET"]}}],"collection":[{"href":"https:\/\/www.europesays.com\/fr\/wp-json\/wp\/v2\/posts"}],"about":[{"href":"https:\/\/www.europesays.com\/fr\/wp-json\/wp\/v2\/types\/post"}],"author":[{"embeddable":true,"href":"https:\/\/www.europesays.com\/fr\/wp-json\/wp\/v2\/users\/2"}],"replies":[{"embeddable":true,"href":"https:\/\/www.europesays.com\/fr\/wp-json\/wp\/v2\/comments?post=303770"}],"version-history":[{"count":0,"href":"https:\/\/www.europesays.com\/fr\/wp-json\/wp\/v2\/posts\/303770\/revisions"}],"wp:featuredmedia":[{"embeddable":true,"href":"https:\/\/www.europesays.com\/fr\/wp-json\/wp\/v2\/media\/303771"}],"wp:attachment":[{"href":"https:\/\/www.europesays.com\/fr\/wp-json\/wp\/v2\/media?parent=303770"}],"wp:term":[{"taxonomy":"category","embeddable":true,"href":"https:\/\/www.europesays.com\/fr\/wp-json\/wp\/v2\/categories?post=303770"},{"taxonomy":"post_tag","embeddable":true,"href":"https:\/\/www.europesays.com\/fr\/wp-json\/wp\/v2\/tags?post=303770"}],"curies":[{"name":"wp","href":"https:\/\/api.w.org\/{rel}","templated":true}]}}