{"id":303774,"date":"2025-08-07T22:52:11","date_gmt":"2025-08-07T22:52:11","guid":{"rendered":"https:\/\/www.europesays.com\/fr\/303774\/"},"modified":"2025-08-07T22:52:11","modified_gmt":"2025-08-07T22:52:11","slug":"vence-pleure-arlette-ciais-benevole-de-la-croix-rouge-et-figure-de-la-solidarite","status":"publish","type":"post","link":"https:\/\/www.europesays.com\/fr\/303774\/","title":{"rendered":"Vence pleure Arlette Ciais, b\u00e9n\u00e9vole de la Croix-Rouge et figure de la solidarit\u00e9"},"content":{"rendered":"<p>\u00ab\u00a0G\u00e9n\u00e9reuse, d\u00e9vou\u00e9e, altruiste.\u00a0\u00bb La Croix-Rouge de Vence a appris avec \u00e9motion la disparition d\u2019Arlette Ciais, figure du b\u00e9n\u00e9volat dans la commune, d\u00e9c\u00e9d\u00e9e jeudi 7 ao\u00fbt 2025.<\/p>\n<p>\u00c9motion d\u2019autant plus forte que celle qui d\u00e9dia trente ans de sa vie aux autres venait d\u2019\u00eatre distingu\u00e9e par l\u2019association.<\/p>\n<p>Sa toute premi\u00e8re mission ? La jeune Arlette avait 16 ans \u00e0 peine. Elle s\u2019\u00e9tait ensuite engag\u00e9e en 2006, g\u00e9rant m\u00e9ticuleusement budgets, factures et subventions de l\u2019antenne ven\u00e7oise.<\/p>\n<p>\u00ab\u00a0Arlette \u00e9tait aussi un pilier du jumelage, notamment avec les femmes de Ouahigouya [Burkina Faso], souligne le maire R\u00e9gis Lebigre, et va cruellement manquer \u00e0 la vie associative ven\u00e7oise.\u00a0\u00bb<\/p>\n<p>Mari\u00e9e \u00e0 l\u2019\u00e9lu d\u2019opposition Jean-Marie Ciais, elle laisse derri\u00e8re elle une fille, Laurence, et une petite-fille, Julie.<\/p>\n","protected":false},"excerpt":{"rendered":"\u00ab\u00a0G\u00e9n\u00e9reuse, d\u00e9vou\u00e9e, altruiste.\u00a0\u00bb La Croix-Rouge de Vence a appris avec \u00e9motion la disparition d\u2019Arlette Ciais, figure du b\u00e9n\u00e9volat&hellip;\n","protected":false},"author":2,"featured_media":303775,"comment_status":"","ping_status":"","sticky":false,"template":"","format":"standard","meta":{"footnotes":""},"categories":[2819],"tags":[1111,11,1777,674,1011,27,12,2401,882,25,3366],"class_list":{"0":"post-303774","1":"post","2":"type-post","3":"status-publish","4":"format-standard","5":"has-post-thumbnail","7":"category-nice","8":"tag-actu","9":"tag-actualites","10":"tag-eu","11":"tag-europe","12":"tag-fr","13":"tag-france","14":"tag-news","15":"tag-nice","16":"tag-provence-alpes-cote-dazur","17":"tag-republique-francaise","18":"tag-vie-locale"},"share_on_mastodon":{"url":"https:\/\/pubeurope.com\/@fr\/114989940302160194","error":""},"_links":{"self":[{"href":"https:\/\/www.europesays.com\/fr\/wp-json\/wp\/v2\/posts\/303774","targetHints":{"allow":["GET"]}}],"collection":[{"href":"https:\/\/www.europesays.com\/fr\/wp-json\/wp\/v2\/posts"}],"about":[{"href":"https:\/\/www.europesays.com\/fr\/wp-json\/wp\/v2\/types\/post"}],"author":[{"embeddable":true,"href":"https:\/\/www.europesays.com\/fr\/wp-json\/wp\/v2\/users\/2"}],"replies":[{"embeddable":true,"href":"https:\/\/www.europesays.com\/fr\/wp-json\/wp\/v2\/comments?post=303774"}],"version-history":[{"count":0,"href":"https:\/\/www.europesays.com\/fr\/wp-json\/wp\/v2\/posts\/303774\/revisions"}],"wp:featuredmedia":[{"embeddable":true,"href":"https:\/\/www.europesays.com\/fr\/wp-json\/wp\/v2\/media\/303775"}],"wp:attachment":[{"href":"https:\/\/www.europesays.com\/fr\/wp-json\/wp\/v2\/media?parent=303774"}],"wp:term":[{"taxonomy":"category","embeddable":true,"href":"https:\/\/www.europesays.com\/fr\/wp-json\/wp\/v2\/categories?post=303774"},{"taxonomy":"post_tag","embeddable":true,"href":"https:\/\/www.europesays.com\/fr\/wp-json\/wp\/v2\/tags?post=303774"}],"curies":[{"name":"wp","href":"https:\/\/api.w.org\/{rel}","templated":true}]}}