{"id":303779,"date":"2025-08-07T22:58:13","date_gmt":"2025-08-07T22:58:13","guid":{"rendered":"https:\/\/www.europesays.com\/fr\/303779\/"},"modified":"2025-08-07T22:58:13","modified_gmt":"2025-08-07T22:58:13","slug":"plus-de-40-c-attendus-a-bordeaux-une-nouvelle-vague-de-chaleur-frappe-le-sud-ouest-2","status":"publish","type":"post","link":"https:\/\/www.europesays.com\/fr\/303779\/","title":{"rendered":"Plus de 40\u00a0\u00b0C attendus \u00e0 Bordeaux, une nouvelle vague de chaleur frappe le Sud-Ouest"},"content":{"rendered":"<p>Le mercure a sacr\u00e9ment grimp\u00e9 ce jeudi dans le <a href=\"https:\/\/www.20minutes.fr\/dossier\/sud-ouest\" class=\"color-ultramarine c-link\" target=\"_blank\" rel=\"noopener\">sud-ouest<\/a> de la France. Et ce n\u2019est qu\u2019un avant-go\u00fbt de ce qui attend habitants et touristes. Pour la journ\u00e9e de vendredi, onze d\u00e9partements, dont six dans le Sud-Ouest (Hautes-Pyr\u00e9n\u00e9es, Haute-Garonne, Tarn, Tarn-et-Garonne, Lot et Aveyron), ont \u00e9t\u00e9 plac\u00e9s en <a href=\"https:\/\/www.20minutes.fr\/societe\/4167083-20250807-alerte-canicule-etend-six-departements-supplementaires-portant-onze-nombre-departements-touches\" class=\"color-ultramarine c-link\" target=\"_blank\" rel=\"noopener\">vigilance orange<\/a> pour canicule. Et quelque 24 autres de la moiti\u00e9 Sud, sont plac\u00e9s pour leur part en vigilance jaune.<\/p>\n<p>Vendredi, <a href=\"https:\/\/meteofrance.com\/actualites-et-dossiers\/actualites\/retour-du-soleil-et-de-la-chaleur-par-le-sud-cette-semaine\" target=\"_blank\" class=\"color-ultramarine c-link\" rel=\"noopener\">on devrait enregistrer des pointes \u00e0 39\u00a0\u00b0C<\/a> du Sud-Ouest au Centre-Est, tr\u00e8s localement un peu plus, selon <a href=\"https:\/\/www.20minutes.fr\/dossier\/meteo_france\" class=\"color-ultramarine c-link\" target=\"_blank\" rel=\"noopener\">M\u00e9t\u00e9o-France<\/a>. Samedi, \u00ab\u00a0apr\u00e8s une nuit assez chaude avec des valeurs minimales voisines de 20\u00a0\u00b0C sur une large moiti\u00e9 Sud, les temp\u00e9ratures maximales pourraient rester stationnaires, voire en l\u00e9g\u00e8re baisse sur la fa\u00e7ade Atlantique et dans le Sud-Ouest.\u00a0\u00bb Des valeurs souvent comprises entre 36 et 39\u00a0\u00b0C sont attendues \u00e0 l\u2019est de la <a href=\"https:\/\/www.20minutes.fr\/dossier\/nouvelle-aquitaine\" class=\"color-ultramarine c-link\" target=\"_blank\" rel=\"noopener\">Nouvelle-Aquitaine<\/a>.<\/p>\n<p>\u00ab\u00a0L\u2019\u00e9pisode caniculaire devrait se poursuivre dimanche et lundi sur une large moiti\u00e9 Sud, avec de possibles temp\u00e9ratures \u00e0 plus de 40\u00a0\u00b0C \u00e0 Bordeaux, avant une baisse des temp\u00e9ratures mardi\u00a0\u00bb, indique \u00e0 l\u2019AFP Laurent Perron, directeur interr\u00e9gional de l\u2019institut m\u00e9t\u00e9orologique pour le Sud-Ouest.<\/p>\n<p>Renforcement de la surveillance des personnes fragiles et du risque incendie<\/p>\n<p>Face \u00e0 cette situation, la ville de <a href=\"https:\/\/www.20minutes.fr\/bordeaux\/\" class=\"color-ultramarine c-link\" target=\"_blank\" rel=\"noopener\">Bordeaux<\/a> se mobilise \u00ab\u00a0pour accompagner au mieux les personnes fragiles et les plus vuln\u00e9rables, notamment les seniors et les personnes vivant \u00e0 la rue\u00a0\u00bb. Pour les personnes sans-abri, l\u2019acc\u00e8s aux douches et la distribution de gourdes et d\u2019eau sont renforc\u00e9s. Quatorze sites \u00e9quip\u00e9s de dispositifs de brumisation sont ouverts, de nombreux points d\u2019eau potable sont en acc\u00e8s libre dans toute la ville.<\/p>\n<p>En cas de passage au niveau vigilance orange, les horaires d\u2019ouverture des parcs et jardins seront \u00e9tendus jusqu\u2019\u00e0 23 heures, et ceux des piscines, jusqu\u2019\u00e0 20 heures.<\/p>\n<p>Cette nouvelle canicule, apr\u00e8s celle du d\u00e9but de l\u2019\u00e9t\u00e9, fait craindre le pire concernant le risque de feux de for\u00eats. Les pr\u00e9fectures de la Gironde et du Lot-et-Garonne ont ainsi d\u00e9cid\u00e9, \u00ab\u00a0au vu des conditions m\u00e9t\u00e9orologiques et de l\u2019analyse de l\u2019\u00e9tat de la v\u00e9g\u00e9tation\u00a0\u00bb de faire passer \u00e0 compter de vendredi \u00e0 minuit, \u00ab\u00a0la vigilance pour la pr\u00e9vention des incendies de for\u00eat au niveau \u00e9lev\u00e9 (orange\/niveau 3 sur une \u00e9chelle de 5)\u00a0\u00bb. Il est ainsi, notamment, interdit de br\u00fbler des d\u00e9chets verts, tirer des feux d\u2019artifice ou encore de pratiquer le camping isol\u00e9 et le bivouac.<\/p>\n","protected":false},"excerpt":{"rendered":"Le mercure a sacr\u00e9ment grimp\u00e9 ce jeudi dans le sud-ouest de la France. Et ce n\u2019est qu\u2019un avant-go\u00fbt&hellip;\n","protected":false},"author":2,"featured_media":303780,"comment_status":"","ping_status":"","sticky":false,"template":"","format":"standard","meta":{"footnotes":""},"categories":[2817],"tags":[1111,11,3177,1997,6698,13208,1129,1777,674,1011,27,5601,2905,2722,2487,2721,12,2219,2680,52,25,2224,2312],"class_list":{"0":"post-303779","1":"post","2":"type-post","3":"status-publish","4":"format-standard","5":"has-post-thumbnail","7":"category-bordeaux","8":"tag-actu","9":"tag-actualites","10":"tag-aquitaine","11":"tag-bordeaux","12":"tag-canicule","13":"tag-chaleur","14":"tag-climat","15":"tag-eu","16":"tag-europe","17":"tag-fr","18":"tag-france","19":"tag-garonne","20":"tag-gironde","21":"tag-haute-garonne","22":"tag-meteo","23":"tag-midi-pyrenees","24":"tag-news","25":"tag-nouvelle-aquitaine","26":"tag-occitanie","27":"tag-planete","28":"tag-republique-francaise","29":"tag-sud-ouest","30":"tag-toulouse"},"share_on_mastodon":{"url":"https:\/\/pubeurope.com\/@fr\/114989963965189676","error":""},"_links":{"self":[{"href":"https:\/\/www.europesays.com\/fr\/wp-json\/wp\/v2\/posts\/303779","targetHints":{"allow":["GET"]}}],"collection":[{"href":"https:\/\/www.europesays.com\/fr\/wp-json\/wp\/v2\/posts"}],"about":[{"href":"https:\/\/www.europesays.com\/fr\/wp-json\/wp\/v2\/types\/post"}],"author":[{"embeddable":true,"href":"https:\/\/www.europesays.com\/fr\/wp-json\/wp\/v2\/users\/2"}],"replies":[{"embeddable":true,"href":"https:\/\/www.europesays.com\/fr\/wp-json\/wp\/v2\/comments?post=303779"}],"version-history":[{"count":0,"href":"https:\/\/www.europesays.com\/fr\/wp-json\/wp\/v2\/posts\/303779\/revisions"}],"wp:featuredmedia":[{"embeddable":true,"href":"https:\/\/www.europesays.com\/fr\/wp-json\/wp\/v2\/media\/303780"}],"wp:attachment":[{"href":"https:\/\/www.europesays.com\/fr\/wp-json\/wp\/v2\/media?parent=303779"}],"wp:term":[{"taxonomy":"category","embeddable":true,"href":"https:\/\/www.europesays.com\/fr\/wp-json\/wp\/v2\/categories?post=303779"},{"taxonomy":"post_tag","embeddable":true,"href":"https:\/\/www.europesays.com\/fr\/wp-json\/wp\/v2\/tags?post=303779"}],"curies":[{"name":"wp","href":"https:\/\/api.w.org\/{rel}","templated":true}]}}