{"id":303781,"date":"2025-08-07T22:59:11","date_gmt":"2025-08-07T22:59:11","guid":{"rendered":"https:\/\/www.europesays.com\/fr\/303781\/"},"modified":"2025-08-07T22:59:11","modified_gmt":"2025-08-07T22:59:11","slug":"depuis-75-jours-les-gens-du-voyage-occupent-ces-terrains-pres-de-toulouse","status":"publish","type":"post","link":"https:\/\/www.europesays.com\/fr\/303781\/","title":{"rendered":"depuis 75 jours, les gens du voyage occupent ces terrains pr\u00e8s de Toulouse"},"content":{"rendered":"<p>            Par<br \/>\n        <strong><br \/>\n            <a href=\"https:\/\/actu.fr\/auteur\/mareva-laville-actu-fr\" title=\"Consulter tous les articles de Mar\u00e9va Laville\" rel=\"nofollow noopener\" target=\"_blank\">Mar\u00e9va Laville<\/a><br \/>\n        <\/strong><\/p>\n<p>        Publi\u00e9 le<\/p>\n<p>            7 ao\u00fbt 2025 \u00e0 18h46        <\/p>\n<p>Elles y sont depuis le 25 mai. Plus de deux mois. 75 jours, ont compt\u00e9 St\u00e9phanie et Pierre, deux habitants de Roques, au sud-ouest de <a href=\"http:\/\/www.actu.fr\/toulouse\" rel=\"nofollow noopener\" target=\"_blank\">Toulouse<\/a>. \u00c0 quelques m\u00e8tres de chez eux, c\u00f4t\u00e9 <strong>Villeneuve-Tolosane<\/strong>, une centaine de caravanes campent, vont et viennent, restent deux \u00e0 trois semaines et puis repartent, avant qu\u2019un autre flux n\u2019arrive. \u00ab\u2009On est \u00e0 proximit\u00e9, donc pr\u00e8s du bruit, des voitures qui passent toute la journ\u00e9e, des bagarres, des odeurs et tout ce qu\u2019on peut imaginer d\u2019un camp\u2009\u00bb, bl\u00e2me St\u00e9phanie.<br \/>Pourtant, une<strong> ordonnance d\u2019expulsion<\/strong> a \u00e9t\u00e9 prise par la Pr\u00e9fecture de Haute-Garonne, le 15\u00a0juillet 2025. Mais \u00e0 ce jour, les <strong>gens du voyage<\/strong> sont toujours l\u00e0 et risquent de rester encore un moment. Que se passe-t-il\u2009? Pourquoi est-il si compliqu\u00e9 de les faire partir\u2009?<\/p>\n<p>Pr\u00e8s de deux mois avant l\u2019ordonnance d\u2019expulsion<\/p>\n<p class=\" wall-content\">Le cas est d\u2019\u00e9cole. Non loin, <a href=\"https:\/\/actu.fr\/occitanie\/muret_31395\/gens-du-voyage-c-est-une-petite-ville-cet-enorme-camp-de-700-caravanes-va-etre-expulse-pres-de-toulouse_63004284.html\" rel=\"nofollow noopener\" target=\"_blank\">\u00e0 Muret, les 700 caravanes arriv\u00e9es dimanche 3\u00a0ao\u00fbt<\/a> sont d\u00e9j\u00e0 somm\u00e9es de partir, suite \u00e0 une ordonnance d\u2019expulsion prise par la Pr\u00e9fecture trois jours apr\u00e8s leur arriv\u00e9e.<\/p>\n<p class=\" wall-content\">Mais \u00e0 Villeneuve-Tolosane, il a fallu attendre pr\u00e8s de deux mois avant de l\u2019obtenir. Car contrairement \u00e0 leurs voisins, ici, ce n\u2019est pas sur des terrains appartenant \u00e0 la commune que <a href=\"https:\/\/actu.fr\/occitanie\/muret_31395\/600-caravanes-de-gens-du-voyage-s-installent-pres-de-toulouse-des-riverains-prives-d-eau-et-d-electricite_62995644.html\" rel=\"nofollow noopener\" target=\"_blank\">le campement a trouv\u00e9 place<\/a>, mais sur des<strong> parcelles agricoles priv\u00e9es<\/strong> d\u00e9tenues par diff\u00e9rents propri\u00e9taires, <strong>derri\u00e8re le coll\u00e8ge<\/strong> Jacqueline Auriol, entre la route de Portet et le chemin de Bourrouil.<\/p>\n<p>    <a href=\"https:\/\/www.google.com\/maps\/embed?pb=!1m18!1m12!1m3!1d1803.4846064061799!2d1.3568721492506515!3d43.521565458719714!2m3!1f0!2f0!3f0!3m2!1i1024!2i768!4f13.1!3m3!1m2!1s0x12aeb770187ae777%3A0x675e56f0f4e8fde!2sColl%C3%A8ge%20Jacqueline%20Auriol!5e0!3m2!1sfr!2sfr!4v1754576479003!5m2!1sfr!2sfr\" title=\"Ouvrie le lien\" rel=\"nofollow noopener\" target=\"_blank\">Cliquez ici pour visualiser le contenu<\/a><\/p>\n<p>Sans plainte sur des terrains priv\u00e9s, la proc\u00e9dure bloqu\u00e9e<\/p>\n<p class=\" wall-content\">\u00ab\u2009\u00c7a repr\u00e9sente entre 10 et 15 parcelles au total. C\u2019est relativement petit, il n\u2019y a pas beaucoup d\u2019hectares. Elles \u00e9taient en jach\u00e8re\u2009\u00bb, d\u00e9crit <strong>Romain Vaillant, le maire de Villeneuve-Tolosane.<\/strong> Mais suffisamment pour accueillir une centaine de caravanes et pour ne pas pouvoir les chasser.<\/p>\n<p class=\" wall-content\">Car <strong>seuls les propri\u00e9taires<\/strong> de ces terrains pouvaient <strong>saisir la justice.<\/strong> Aucune des parcelles occup\u00e9es n\u2019appartenait \u00e0 la Mairie. \u00c0 une toute petite exception\u2026<\/p>\n<p>Le mini terrain municipal sauve la mise<\/p>\n<p class=\" wall-content\">Il a toutefois fallu attendre le mois de juin pour que les gens du voyage investissent ce petit bout de champ. \u00ab\u2009C\u2019est lorsqu\u2019ils se sont mis sur notre petite parcelle qu\u2019on a pu<strong> saisir le tribunal judiciaire.<\/strong> Avant, on n\u2019\u00e9tait pas victime. Ils \u00e9taient sur des terrains priv\u00e9s, utilisaient l\u2019eau de Toulouse M\u00e9tropole et s\u2019\u00e9taient branch\u00e9s sur le compteur Enedis du coll\u00e8ge, mais \u00e7a ne concernait pas la commune\u2009\u00bb, explique Romain Vaillant.<\/p>\n<p>    <img   decoding=\"async\" loading=\"lazy\" src=\"https:\/\/www.europesays.com\/fr\/wp-content\/uploads\/2025\/08\/capture-decran-google-maps-960x640.jpg\" alt=\"Pour se fournir en \u00e9lectricit\u00e9, les gens du voyage se sont branch\u00e9s au compteur Enedis.\" width=\"960\" height=\"640\"\/><br \/>\n    Pour se fournir en \u00e9lectricit\u00e9, les gens du voyage se sont branch\u00e9s au compteur Enedis. (\u00a9Capture d\u2019\u00e9cran Maps)<\/p>\n<p class=\" wall-content\">Feu vert. La Mairie de Villeneuve-Tolosane obtient d\u00e8s lors, dans le cadre de sa proc\u00e9dure, un mandat pour r\u00e9clamer le <strong>d\u00e9part de l\u2019ensemble<\/strong> du campement avec <strong>l\u2019accord des autres propri\u00e9taires<\/strong>, qu\u2019elle a r\u00e9ussi \u00e0 convaincre. La d\u00e9cision du tribunal va dans le sens de la commune, \u00ab\u2009mais les gens du voyage ne sont pas partis\u2009\u00bb, d\u00e9plore l\u2019\u00e9dile villeneuvois. Une inex\u00e9cution qui aura valu \u00e0 la Pr\u00e9fecture de prendre la fameuse ordonnance d\u2019expulsion. Le 15\u00a0juillet.<\/p>\n<p>Un avis m\u00e9dical stoppe l\u2019expulsion des gens du voyage<\/p>\n<p class=\" wall-content\">\u00c0 compter de cette date, d\u00e9panneuses et gendarmes en nombre devaient \u00eatre mobilis\u00e9s. L\u2019op\u00e9ration \u00e9tait pr\u00e9vue pour la fin du mois de juillet.<\/p>\n<p class=\" wall-content\">\u00ab\u2009Mais entre-temps, il y a eu <strong>un avis m\u00e9dical<\/strong> s\u2019opposant au d\u00e9placement du <strong>patriarche qui est mourant.<\/strong> Or, le concours des forces publiques s\u2019applique soit pour tout le monde, soit pour personne\u2009\u00bb, regrette Romain Vaillant qui soutient bien comprendre l\u2019indignation et l\u2019exasp\u00e9ration des habitants de Villeneuve-Tolosane et de Roques. \u00ab\u2009On est coinc\u00e9 par cet avis m\u00e9dical\u2026\u2009\u00bb<\/p>\n<p>\u00ab\u2009On vit dans la crainte\u2009\u00bb<\/p>\n<p class=\" wall-content\">La nouvelle est tomb\u00e9e ce jeudi 7\u00a0ao\u00fbt midi pour St\u00e9phanie et Pierre.<\/p>\n<blockquote class=\"ac-article-quote wall-content\">\n<p>Humainement, je l&rsquo;entends [qu&rsquo;il soit malade]. Mais de l\u00e0 \u00e0 tout bloquer&#8230; On n&rsquo;a plus de perspectives et je me dis que \u00e7a ne s&rsquo;arr\u00eatera jamais en fait. Et puis, il y a le camp de Muret qui semble devoir partir. On vit dans la crainte qu&rsquo;ils arrivent ici.<\/p>\n<p>    <strong>St\u00e9phanie<\/strong><br \/>\n        habitante de Roques, juste \u00e0 c\u00f4t\u00e9 du campement    <\/p><\/blockquote>\n<p>Des arriv\u00e9es de gens du voyage de plus en plus importantes<\/p>\n<p class=\" wall-content\">Et pour cause. \u00c0 Villeneuve-Tolosane, ce n\u2019est pas la premi\u00e8re fois que les gens du voyage stationnent leurs r\u00e9sidences \u00e0 quatre roues. \u00ab\u2009L\u2019an dernier, c\u2019\u00e9tait sur <a href=\"https:\/\/actu.fr\/occitanie\/plaisance-du-touch_31424\/les-gens-du-voyage-entrent-par-effraction-sur-les-terrains-d-un-club-de-foot-pres-de-toulouse_61117792.html\" rel=\"nofollow noopener\" target=\"_blank\">le stade de foot.<\/a> Mais depuis ces deux derni\u00e8res ann\u00e9es, ce sont des groupes beaucoup plus importants. Pour nous, c\u2019est beaucoup\u2009! Et c\u2019est inqui\u00e9tant aussi\u2009\u00bb, l\u00e2che Romain Vaillant, le maire.<\/p>\n<p class=\" wall-content\">Pour \u00e9viter que cela ne se reproduise, il insiste sur la volont\u00e9 de la commune de racheter les terrains agricoles \u00ab\u2009laiss\u00e9s en jach\u00e8re, pour maintenir les vraies vocations agricoles et installer un mara\u00eecher.\u2009\u00bb<\/p>\n<p>Un compromis sur la propret\u00e9 et le bruit<\/p>\n<p class=\" wall-content\">En attendant cette solution, l\u2019\u00e9lu s\u2019est d\u00e9plac\u00e9 lundi 4\u00a0ao\u00fbt sur le campement d\u00e9sormais ill\u00e9gal, \u00e0 la rencontre de ses occupants.<\/p>\n<p class=\" wall-content\">\u00ab\u2009Il a \u00e9t\u00e9 convenu que si on ne peut pas ex\u00e9cuter le concours de la force publique, cela suppose qu\u2019ils <strong>nettoient leurs d\u00e9jections humaines<\/strong> et <strong>r\u00e9duisent le bruit<\/strong>, car le volume est trop fort, et il y a la question des chiens qui aboient toute la journ\u00e9e. Ils se sont engag\u00e9s \u00e0 faire des efforts et \u00e0 assurer la propret\u00e9 de la zone\u2009\u00bb, conclut Romain Vaillant.<\/p>\n<p class=\" wall-content\">Pour le reste, il va falloir se montrer patient visiblement\u2026<\/p>\n<p class=\" wall-content\">Suivez toute l\u2019actualit\u00e9 de vos villes et m\u00e9dias favoris en vous inscrivant \u00e0 <a href=\"https:\/\/moncompte.actu.fr\" title=\"D\u00e9couvez Mon Actu\" rel=\"nofollow noopener\" data-trk=\"{&quot;cta&quot;:{&quot;action&quot;:&quot;https:\\\/\\\/moncompte.actu.fr&quot;,&quot;category&quot;:&quot;mon compte&quot;,&quot;from&quot;:&quot;article footer&quot;,&quot;name&quot;:&quot;Mon actu&quot;,&quot;type&quot;:&quot;cta&quot;}}\" target=\"_blank\">Mon Actu<\/a>.<\/p>\n","protected":false},"excerpt":{"rendered":"Par Mar\u00e9va Laville Publi\u00e9 le 7 ao\u00fbt 2025 \u00e0 18h46 Elles y sont depuis le 25 mai. Plus&hellip;\n","protected":false},"author":2,"featured_media":303782,"comment_status":"","ping_status":"","sticky":false,"template":"","format":"standard","meta":{"footnotes":""},"categories":[2816],"tags":[1111,11,1777,674,1011,27,12,2680,1234,25,104,2312],"class_list":{"0":"post-303781","1":"post","2":"type-post","3":"status-publish","4":"format-standard","5":"has-post-thumbnail","7":"category-toulouse","8":"tag-actu","9":"tag-actualites","10":"tag-eu","11":"tag-europe","12":"tag-fr","13":"tag-france","14":"tag-news","15":"tag-occitanie","16":"tag-occupation","17":"tag-republique-francaise","18":"tag-societe","19":"tag-toulouse"},"share_on_mastodon":{"url":"https:\/\/pubeurope.com\/@fr\/114989967926768846","error":""},"_links":{"self":[{"href":"https:\/\/www.europesays.com\/fr\/wp-json\/wp\/v2\/posts\/303781","targetHints":{"allow":["GET"]}}],"collection":[{"href":"https:\/\/www.europesays.com\/fr\/wp-json\/wp\/v2\/posts"}],"about":[{"href":"https:\/\/www.europesays.com\/fr\/wp-json\/wp\/v2\/types\/post"}],"author":[{"embeddable":true,"href":"https:\/\/www.europesays.com\/fr\/wp-json\/wp\/v2\/users\/2"}],"replies":[{"embeddable":true,"href":"https:\/\/www.europesays.com\/fr\/wp-json\/wp\/v2\/comments?post=303781"}],"version-history":[{"count":0,"href":"https:\/\/www.europesays.com\/fr\/wp-json\/wp\/v2\/posts\/303781\/revisions"}],"wp:featuredmedia":[{"embeddable":true,"href":"https:\/\/www.europesays.com\/fr\/wp-json\/wp\/v2\/media\/303782"}],"wp:attachment":[{"href":"https:\/\/www.europesays.com\/fr\/wp-json\/wp\/v2\/media?parent=303781"}],"wp:term":[{"taxonomy":"category","embeddable":true,"href":"https:\/\/www.europesays.com\/fr\/wp-json\/wp\/v2\/categories?post=303781"},{"taxonomy":"post_tag","embeddable":true,"href":"https:\/\/www.europesays.com\/fr\/wp-json\/wp\/v2\/tags?post=303781"}],"curies":[{"name":"wp","href":"https:\/\/api.w.org\/{rel}","templated":true}]}}