{"id":303783,"date":"2025-08-07T23:00:12","date_gmt":"2025-08-07T23:00:12","guid":{"rendered":"https:\/\/www.europesays.com\/fr\/303783\/"},"modified":"2025-08-07T23:00:12","modified_gmt":"2025-08-07T23:00:12","slug":"ces-lieux-pour-se-rafraichir-vont-etre-ouverts-plus-longtemps","status":"publish","type":"post","link":"https:\/\/www.europesays.com\/fr\/303783\/","title":{"rendered":"ces lieux pour se rafra\u00eechir vont \u00eatre ouverts plus longtemps"},"content":{"rendered":"<p>            Par<br \/>\n        <strong><br \/>\n            <a href=\"https:\/\/actu.fr\/auteur\/marie-lamarque\" title=\"Consulter tous les articles de Marie Lamarque\" rel=\"nofollow noopener\" target=\"_blank\">Marie Lamarque<\/a><br \/>\n        <\/strong><\/p>\n<p>        Publi\u00e9 le<\/p>\n<p>            7 ao\u00fbt 2025 \u00e0 17h52        <\/p>\n<p>Attention aux fortes chaleurs <a href=\"https:\/\/actu.fr\/toulouse\/\" rel=\"nofollow noopener\" target=\"_blank\">\u00e0 Toulouse<\/a> ! Le d\u00e9partement de la Haute-Garonne basculera en<strong> vigilance orange<\/strong> pour la canicule <a href=\"https:\/\/actu.fr\/occitanie\/toulouse_31555\/un-fort-episode-de-canicule-annonce-a-toulouse-l-alerte-orange-declenchee-en-haute-garonne_63007660.html\" rel=\"nofollow noopener\" target=\"_blank\">d\u00e8s ce vendredi 8 ao\u00fbt 2025<\/a>, \u00e0 partir de midi, selon les derni\u00e8res alertes de M\u00e9t\u00e9o-France. Les maximales sont g\u00e9n\u00e9ralement comprises entre <strong>37\u00b0C et 39\u00b0C<\/strong>, et peuvent localement atteindre <strong>40\u00b0C<\/strong>. Il faudra s\u2019attendre \u00e0 des \u00ab\u00a0temp\u00e9ratures [qui] restent chaudes durant la nuit de vendredi \u00e0 samedi, avec des minimales fr\u00e9quemment sup\u00e9rieures \u00e0 19\u00b0C et d\u00e9passant localement les 22\u00b0C\u00a0\u00bb, informe M\u00e9t\u00e9o-France.<\/p>\n<p class=\" wall-content\">Conform\u00e9ment au plan canicule mis en place par la mairie de Toulouse, les habitants et les touristes pourront profiter plus longtemps, en soir\u00e9e, de diff\u00e9rents lieux de fra\u00eecheur d\u00e8s vendredi.<\/p>\n<p>Tarif \u00e0 1\u20ac pour aller \u00e0 la piscine<\/p>\n<p class=\" wall-content\">Plusieurs piscines \u00e9largissent leurs horaires d\u2019ouverture pour accueillir les nageurs plus longtemps et appliquent<strong> un tarif incitatif \u00e0 1 \u20ac<\/strong> (contre 3,40 \u20ac en temps normal).<\/p>\n<p class=\" wall-content\">Seront ouvertes<strong> jusqu\u2019\u00e0 21h<\/strong>\u2009:<strong> la piscine Bellevue, la piscine Yvonne-Godard (\u00e0 Pech-David), la piscine Alex Jany, la piscine Papus. Et jusqu\u2019\u00e0 20h, le lac de la Ram\u00e9e<\/strong>.<\/p>\n<p class=\" wall-content\">\u00c0 noter, \u00e9galement, que la surveillance des bases de loisirs est \u00e9tendue jusqu\u2019\u00e0 20h (contre 19h en temps normal).<\/p>\n<p>Vid\u00e9os : en ce moment sur ActuDes parcs et jardins ouverts jusqu\u2019\u00e0 23h<\/p>\n<p class=\" wall-content\">Si les parcs et jardins toulousains sont habituellement ouverts l\u2019\u00e9t\u00e9 jusqu\u2019\u00e0 21h (19h pour le parc de la Reynerie), certains le seront jusqu\u2019\u00e0 23h. Voici la liste des sites concern\u00e9s :<\/p>\n<ul class=\" wall-content\">\n<li><strong>Jardin japonais ;<\/strong><\/li>\n<li><strong>Jardin du Grand Rond ;<\/strong><\/li>\n<li><strong>Jardin Niel ;<\/strong><\/li>\n<li><strong>Jardin des Plantes ;<\/strong><\/li>\n<li><strong>Jardin Raymond VI ;<\/strong><\/li>\n<li><strong>Parc de la Poudrerie ;<\/strong><\/li>\n<li><strong>Espaces arbor\u00e9s de la basilique Saint-Sernin ;<\/strong><\/li>\n<li><strong>Nouveau jardin de la Grave ;<\/strong><\/li>\n<li><strong>Parc Ozenne ;<\/strong><\/li>\n<li><strong>Jardin de l\u2019Observatoire ;<\/strong><\/li>\n<li><strong>Jardin Rangueil ;<\/strong><\/li>\n<li><strong>Parc du Sacr\u00e9 c\u0153ur ;<\/strong><\/li>\n<li><strong>Jardin Marcel-Thourel ;<\/strong><\/li>\n<li><strong>Parc du ch\u00e2teau de la Reynerie.<\/strong><\/li>\n<\/ul>\n<p class=\" wall-content\">Le<strong> Jardin de la Chapelle des Carm\u00e9lites et le Castelet<\/strong> seront ouverts jusqu\u2019\u00e0 20h.<\/p>\n<p>Ces mus\u00e9es ouvrent plus tard<\/p>\n<p class=\" wall-content\">Les mus\u00e9es et autres lieux d\u2019exposition toulousains peuvent aussi offrir une parenth\u00e8se fra\u00eecheur. La mairie de Toulouse fait savoir que <strong>le Museum et le Quai des Savoirs<\/strong> seront ouverts jusqu\u2019\u00e0 20h.<\/p>\n<p>Plus de 380 points d\u2019eau pour s\u2019hydrater<\/p>\n<p class=\" wall-content\">Parmi les gestes essentiels pour ne pas subir la chaleur, il faut notamment penser \u00e0 bien s\u2019hydrater. Toulouse regorge de <strong>plus de 380 bornes fontaines<\/strong>\u00a0pour remplir sa gourde. Ces derni\u00e8res sont toutes r\u00e9pertori\u00e9es sur <a href=\"https:\/\/carto.toulouse-metropole.fr\/adws\/app\/ba464e70-df9d-11e9-a862-0bdd4d4f2b19\/index.html?dummy=1593526266731\" rel=\"nofollow noopener\" target=\"_blank\">cette carte interactive, disponible en ligne<\/a>.<\/p>\n<p>Pour prot\u00e9ger les plus sensibles<\/p>\n<p class=\" wall-content\">Les restaurants seniors, qui sont climatis\u00e9s, seront ouverts jusqu\u2019\u00e0 18h (au lieu de 15h) d\u00e8s ce vendredi.<\/p>\n<p class=\" wall-content\">Gr\u00e2ce <a href=\"https:\/\/metropole.toulouse.fr\/demarches\/se-faire-recenser-dans-le-cadre-du-plan-dalerte-et-durgence\" rel=\"nofollow noopener\" target=\"_blank\">au Plan d\u2019alerte et d\u2019urgence<\/a>, les personnes \u00e2g\u00e9es et les personnes en situation de handicap peuvent se faire recenser gratuitement. Elles seront contact\u00e9es pour s\u2019assurer de leur \u00e9tat de sant\u00e9 et organiser une \u00e9ventuelle aide (appel ou visite \u00e0 domicile, soutien m\u00e9dical ou social en urgence, livraison d\u2019eau, d\u2019aliments ou autres aides essentielles).<\/p>\n<p class=\" wall-content\">Suivez toute l\u2019actualit\u00e9 de vos villes et m\u00e9dias favoris en vous inscrivant \u00e0 <a href=\"https:\/\/moncompte.actu.fr\" title=\"D\u00e9couvez Mon Actu\" rel=\"nofollow noopener\" data-trk=\"{&quot;cta&quot;:{&quot;action&quot;:&quot;https:\\\/\\\/moncompte.actu.fr&quot;,&quot;category&quot;:&quot;mon compte&quot;,&quot;from&quot;:&quot;article footer&quot;,&quot;name&quot;:&quot;Mon actu&quot;,&quot;type&quot;:&quot;cta&quot;}}\" target=\"_blank\">Mon Actu<\/a>.<\/p>\n","protected":false},"excerpt":{"rendered":"Par Marie Lamarque Publi\u00e9 le 7 ao\u00fbt 2025 \u00e0 17h52 Attention aux fortes chaleurs \u00e0 Toulouse ! Le&hellip;\n","protected":false},"author":2,"featured_media":303784,"comment_status":"","ping_status":"","sticky":false,"template":"","format":"standard","meta":{"footnotes":""},"categories":[2816],"tags":[1111,11,6698,1777,674,1011,27,12,2680,25,104,2312],"class_list":{"0":"post-303783","1":"post","2":"type-post","3":"status-publish","4":"format-standard","5":"has-post-thumbnail","7":"category-toulouse","8":"tag-actu","9":"tag-actualites","10":"tag-canicule","11":"tag-eu","12":"tag-europe","13":"tag-fr","14":"tag-france","15":"tag-news","16":"tag-occitanie","17":"tag-republique-francaise","18":"tag-societe","19":"tag-toulouse"},"share_on_mastodon":{"url":"https:\/\/pubeurope.com\/@fr\/114989971853710556","error":""},"_links":{"self":[{"href":"https:\/\/www.europesays.com\/fr\/wp-json\/wp\/v2\/posts\/303783","targetHints":{"allow":["GET"]}}],"collection":[{"href":"https:\/\/www.europesays.com\/fr\/wp-json\/wp\/v2\/posts"}],"about":[{"href":"https:\/\/www.europesays.com\/fr\/wp-json\/wp\/v2\/types\/post"}],"author":[{"embeddable":true,"href":"https:\/\/www.europesays.com\/fr\/wp-json\/wp\/v2\/users\/2"}],"replies":[{"embeddable":true,"href":"https:\/\/www.europesays.com\/fr\/wp-json\/wp\/v2\/comments?post=303783"}],"version-history":[{"count":0,"href":"https:\/\/www.europesays.com\/fr\/wp-json\/wp\/v2\/posts\/303783\/revisions"}],"wp:featuredmedia":[{"embeddable":true,"href":"https:\/\/www.europesays.com\/fr\/wp-json\/wp\/v2\/media\/303784"}],"wp:attachment":[{"href":"https:\/\/www.europesays.com\/fr\/wp-json\/wp\/v2\/media?parent=303783"}],"wp:term":[{"taxonomy":"category","embeddable":true,"href":"https:\/\/www.europesays.com\/fr\/wp-json\/wp\/v2\/categories?post=303783"},{"taxonomy":"post_tag","embeddable":true,"href":"https:\/\/www.europesays.com\/fr\/wp-json\/wp\/v2\/tags?post=303783"}],"curies":[{"name":"wp","href":"https:\/\/api.w.org\/{rel}","templated":true}]}}