{"id":303787,"date":"2025-08-07T23:02:18","date_gmt":"2025-08-07T23:02:18","guid":{"rendered":"https:\/\/www.europesays.com\/fr\/303787\/"},"modified":"2025-08-07T23:02:18","modified_gmt":"2025-08-07T23:02:18","slug":"lille-a-trouve-le-remplacant-de-lucas-chevalier","status":"publish","type":"post","link":"https:\/\/www.europesays.com\/fr\/303787\/","title":{"rendered":"Lille a trouv\u00e9 le rempla\u00e7ant de Lucas Chevalier"},"content":{"rendered":"<p style=\"text-align: justify;\"><strong>TRANSFERTS LOSC \u2013 En qu\u00eate d\u2019un nouveau gardien num\u00e9ro 1 pour pallier le d\u00e9part \u00e0 venir de Lucas Chevalier, le LOSC va miser sur un international portugais.<\/strong><\/p>\n<p style=\"text-align: justify;\">Et si la situation de <strong>Lucas Chevalier<\/strong> allait enfin se d\u00e9canter dans les prochains jours ? Attendu au <strong>Paris Saint-Germain<\/strong> depuis de nombreuses semaines maintenant, le portier du <strong>LOSC<\/strong> est toujours dans l\u2019attente actuellement. D\u00e9j\u00e0 tomb\u00e9 d\u2019accord avec le club de la capitale, il ne manque plus que l\u2019accord entre les deux clubs. Un accord qui n\u2019avait pas encore \u00e9t\u00e9 trouv\u00e9 en raison d\u2019un l\u00e9ger d\u00e9saccord financier, mais aussi parce que Lille souhaitait trouver son futur num\u00e9ro 1 avant de laisser filer Chevalier.<\/p>\n<p><a href=\"https:\/\/dicodusport.fr\/blog\/transferts-psg-la-direction-pourrait-faire-capoter-les-signatures-de-zabarnyi-et-chevalier\/\" class=\"vlp-link\" title=\"Transferts PSG : La direction pourrait faire capoter les signatures de Zabarnyi et Chevalier\" target=\"_blank\" rel=\"noopener\"><img loading=\"lazy\" decoding=\"async\" style=\"max-width: 792px;\" width=\"792\" height=\"445\" class=\"attachment-800x445 size-800x445 perfmatters-lazy\" alt=\"Transferts PSG : La direction pourrait faire capoter les signatures de Zabarnyi et Chevalier\" src=\"https:\/\/www.europesays.com\/fr\/wp-content\/uploads\/2025\/08\/Transferts-PSG-La-direction-pourrait-faire-capoter-les-signatures-de-Zabarnyi-et-Chevalier.png\"  data-\/><\/p>\n<p>Transferts PSG : La direction pourrait faire capoter les signatures de Zabarnyi et Chevalier<\/p>\n<p>TRANSFERTS PSG &#8211; Annonc\u00e9s \u00e0 Paris depuis le d\u00e9but du mercato, Illia Zabarnyi et Lucas Chevalier ne se sont toujours pas engag\u00e9s avec le club de la capitale.<\/p>\n<p>Lire l&rsquo;article<\/p>\n<p>dicodusport.fr<\/p>\n<p>Ricardo Velho, le nouveau num\u00e9ro 1 du LOSC ?<\/p>\n<p style=\"text-align: justify;\">Le deuxi\u00e8me probl\u00e8me soulign\u00e9 pourrait bient\u00f4t ne plus en \u00eatre un. En effet, selon plusieurs m\u00e9dias fran\u00e7ais, la cellule de recrutement a arr\u00eat\u00e9 son choix sur le gardien portugais de 26 ans, <strong>Ricardo Velho<\/strong>. Inconnu dans l\u2019hexagone, le joueur form\u00e9 au Sporting Braga \u00e9volue depuis l\u2019\u00e9t\u00e9 2020 \u00e0 <strong>Farense<\/strong>. Au sein du club bas\u00e9 \u00e0 Faro, il s\u2019est d\u2019abord \u00e9tabli en deuxi\u00e8me division portugaise, avant de conna\u00eetre la promotion en 2023.<\/p>\n<p style=\"text-align: justify;\">Depuis, il s\u2019est \u00e9tabli comme l\u2019un des meilleurs gardiens lusitaniens en sortant deux saisons pleines, r\u00e9compens\u00e9es par une <strong>premi\u00e8re convocation avec la Selec\u00e7\u00e3o en 2024<\/strong>. Collectivement, malgr\u00e9 ses performances, son club a connu la rel\u00e9gation en fin de saison, et son d\u00e9part est donc in\u00e9vitable. Estim\u00e9 \u00e0 4M\u20ac par Transfermarket, il repr\u00e9sente une option int\u00e9ressante \u00e0 un prix abordable. \u00c0 moins qu\u2019une autre piste de derni\u00e8re minute ne soit privil\u00e9gi\u00e9e, \u00e0 l\u2019instar du Tch\u00e8que<strong> Anton\u00edn Kinsk\u00fd<\/strong>\u00a0(Tottenham) ? R\u00e9ponse dans les prochaines heures.<\/p>\n<blockquote class=\"twitter-tweet\">\n<p dir=\"ltr\" lang=\"fr\">\ud83d\udea8 Ricardo Velho est en P\u00d4LE au LOSC pour remplacer Lucas Chevalier ! \ud83c\uddf5\ud83c\uddf9\u2764\ufe0f\ud83e\udd0d<\/p>\n<p>(<a href=\"https:\/\/twitter.com\/LePetitLillois?ref_src=twsrc%5Etfw\" target=\"_blank\" rel=\"noopener\">@LePetitLillois<\/a>) <a href=\"https:\/\/t.co\/iOmrPgZE2r\">pic.twitter.com\/iOmrPgZE2r<\/a><\/p>\n<p>\u2014 Actu Ligue 1 (@ActuL1_) <a href=\"https:\/\/twitter.com\/ActuL1_\/status\/1953478329962500251?ref_src=twsrc%5Etfw\" target=\"_blank\" rel=\"noopener\">August 7, 2025<\/a><\/p>\n<\/blockquote>\n<p>\u00c0 ce sujet<br \/>\n<a href=\"https:\/\/dicodusport.fr\/blog\/mercato-losc-2025-2026-le-tableau-complet-des-transferts-arrivees-et-departs\/\" class=\"vlp-link\" title=\"Mercato LOSC 2025-2026 : Le tableau complet des transferts, arriv\u00e9es et d\u00e9parts\" target=\"_blank\" rel=\"noopener\"><img loading=\"lazy\" decoding=\"async\" style=\"max-width: 792px;\" width=\"792\" height=\"445\" class=\"attachment-800x445 size-800x445 perfmatters-lazy\" alt=\"Mercato LOSC 2025-2026 Le tableau complet des transferts, arriv\u00e9es et d\u00e9parts\" src=\"https:\/\/www.europesays.com\/fr\/wp-content\/uploads\/2025\/07\/Mercato-LOSC-2025-2026-Le-tableau-complet-des-transferts-arrivees-et-departs.png\"  data-\/><\/p>\n<p>Mercato LOSC 2025-2026 : Le tableau complet des transferts, arriv\u00e9es et d\u00e9parts<\/p>\n<p>TRANSFERTS LOSC &#8211; Retrouvez tous les mouvements du Lille Olympique Sporting Club pour l&rsquo;intersaison 2025 en Ligue 1. Arriv\u00e9es, d\u00e9part, pr\u00eats, transferts d\u00e9finitifs, ne ratez rien du mercato estival.\u00a0<\/p>\n<p>Lire l&rsquo;article<\/p>\n<p>dicodusport.fr<\/p>\n<p>\t\t\t\t\t\t\t\t\t\t\t\t\t<script async src=\"https:\/\/platform.twitter.com\/widgets.js\" charset=\"utf-8\"><\/script><\/p>\n","protected":false},"excerpt":{"rendered":"TRANSFERTS LOSC \u2013 En qu\u00eate d\u2019un nouveau gardien num\u00e9ro 1 pour pallier le d\u00e9part \u00e0 venir de Lucas&hellip;\n","protected":false},"author":2,"featured_media":303788,"comment_status":"","ping_status":"","sticky":false,"template":"","format":"standard","meta":{"footnotes":""},"categories":[2815],"tags":[1111,11,2113,1777,674,1011,27,811,66,1307,2267,12,25],"class_list":{"0":"post-303787","1":"post","2":"type-post","3":"status-publish","4":"format-standard","5":"has-post-thumbnail","7":"category-lille","8":"tag-actu","9":"tag-actualites","10":"tag-breve","11":"tag-eu","12":"tag-europe","13":"tag-fr","14":"tag-france","15":"tag-hauts-de-france","16":"tag-ligue-1","17":"tag-lille","18":"tag-losc","19":"tag-news","20":"tag-republique-francaise"},"share_on_mastodon":{"url":"https:\/\/pubeurope.com\/@fr\/114989979691686898","error":""},"_links":{"self":[{"href":"https:\/\/www.europesays.com\/fr\/wp-json\/wp\/v2\/posts\/303787","targetHints":{"allow":["GET"]}}],"collection":[{"href":"https:\/\/www.europesays.com\/fr\/wp-json\/wp\/v2\/posts"}],"about":[{"href":"https:\/\/www.europesays.com\/fr\/wp-json\/wp\/v2\/types\/post"}],"author":[{"embeddable":true,"href":"https:\/\/www.europesays.com\/fr\/wp-json\/wp\/v2\/users\/2"}],"replies":[{"embeddable":true,"href":"https:\/\/www.europesays.com\/fr\/wp-json\/wp\/v2\/comments?post=303787"}],"version-history":[{"count":0,"href":"https:\/\/www.europesays.com\/fr\/wp-json\/wp\/v2\/posts\/303787\/revisions"}],"wp:featuredmedia":[{"embeddable":true,"href":"https:\/\/www.europesays.com\/fr\/wp-json\/wp\/v2\/media\/303788"}],"wp:attachment":[{"href":"https:\/\/www.europesays.com\/fr\/wp-json\/wp\/v2\/media?parent=303787"}],"wp:term":[{"taxonomy":"category","embeddable":true,"href":"https:\/\/www.europesays.com\/fr\/wp-json\/wp\/v2\/categories?post=303787"},{"taxonomy":"post_tag","embeddable":true,"href":"https:\/\/www.europesays.com\/fr\/wp-json\/wp\/v2\/tags?post=303787"}],"curies":[{"name":"wp","href":"https:\/\/api.w.org\/{rel}","templated":true}]}}