{"id":303789,"date":"2025-08-07T23:03:10","date_gmt":"2025-08-07T23:03:10","guid":{"rendered":"https:\/\/www.europesays.com\/fr\/303789\/"},"modified":"2025-08-07T23:03:10","modified_gmt":"2025-08-07T23:03:10","slug":"des-paniers-marseillais-pour-une-alternative-bio-et-saine","status":"publish","type":"post","link":"https:\/\/www.europesays.com\/fr\/303789\/","title":{"rendered":"Des paniers marseillais pour une alternative bio et saine"},"content":{"rendered":"\n<p>\u00ab Pour consommer des l\u00e9gumes bios et entretenir la production locale en passant par la vente directe\u00a0\u00bb, r\u00e9pond Anne-Gabrielle Brunet, habitante de Saint-J\u00e9r\u00f4me (13e), lorsqu\u2019on la questionne sur les avantages de l\u2019adh\u00e9sion \u00e0 une association pour le maintien de l\u2019agriculture paysanne (Amap). Comme tous les mardis \u00e0 17h, elle est au rendez-vous fix\u00e9 par Thierry Gozzerino, mara\u00eecher et propri\u00e9taire d\u2019une exploitation, devant le centre d\u2019animation P\u00e9labon (13e). Cinqui\u00e8me g\u00e9n\u00e9ration d\u2019agriculteurs, Thierry distribue chaque semaine aux adh\u00e9rents de son Amap un panier de fruits et l\u00e9gumes de sa production. Sur des \u00e9tals, il installe rapidement les r\u00e9coltes de la semaine et laisse les adh\u00e9rents se servir, suivant les consignes affich\u00e9es. Ce jour-l\u00e0 : 2\u00a0courgettes, 2\u00a0concombres, 6\u00a0poivrons, 8\u00a0aubergines, 1,6\u00a0kg de tomates, 5\u00a0tomates anciennes, 4\u00a0c\u00e9bettes et 1 bouquet de basilic. \u00ab\u00a0Et tout \u00e7a pour 21\u00a0euros\u00a0!\u00a0\u00bb, s\u2019enthousiasme Sandra Spagnoli, inscrite \u00e0 l\u2019Amap depuis 2013. \u00ab\u00a0Depuis quelques ann\u00e9es je partage le panier, je suis seule avec mon fils, \u00e7a faisait trop\u00a0\u00bb, raconte-t-elle. Au total, Thierry distribue \u00e0 Marseille 200\u00a0paniers dans 6\u00a0lieux diff\u00e9rents et 200\u00a0autres en dehors de la cit\u00e9 phoc\u00e9enne. \u00ab\u00a0C\u2019est une solution b\u00e9n\u00e9fique pour la sant\u00e9, car vous avez acc\u00e8s \u00e0 des produits bio, mais aussi pour votre budget, notamment parce qu\u2019il s\u2019agit d\u2019une vente directe, sans intervention de distributeur\u00a0\u00bb, explique Thierry. Militant anti-pesticides depuis le d\u00e9c\u00e8s de son p\u00e8re, lui aussi agriculteur et mort d\u2019un lymphome reconnu comme maladie professionnelle, il est fermement oppos\u00e9 \u00e0 la loi Duplomb. \u00ab\u00a0C\u2019est une aberration. Il existe des moyens de produire et de consommer diff\u00e9remment. Les premi\u00e8res victimes de la r\u00e9habilitation de pesticides sont les agriculteurs\u00a0\u00bb, alerte-t-il, en r\u00e9f\u00e9rence \u00e0 la r\u00e9introduction de l\u2019ac\u00e9tamipride qu\u2019acte la Loi Duplomb, pesticide interdit en France depuis 2020. Dans une \u00e9tude publi\u00e9e en 2025, les paniers marseillais, association f\u00e9d\u00e9rant 28\u00a0Amap et pr\u00e9sid\u00e9e par Thierry, d\u00e9montre que, contrairement aux id\u00e9es re\u00e7ues, consommer en Amap co\u00fbte en moyenne 21% moins cher qu\u2019en supermarch\u00e9 et 66% moins cher qu\u2019en distributeur bio.<\/p>\n","protected":false},"excerpt":{"rendered":"\u00ab Pour consommer des l\u00e9gumes bios et entretenir la production locale en passant par la vente directe\u00a0\u00bb, r\u00e9pond&hellip;\n","protected":false},"author":2,"featured_media":303790,"comment_status":"","ping_status":"","sticky":false,"template":"","format":"standard","meta":{"footnotes":""},"categories":[2814],"tags":[1111,11,1777,674,1011,27,20042,884,12,882,25],"class_list":{"0":"post-303789","1":"post","2":"type-post","3":"status-publish","4":"format-standard","5":"has-post-thumbnail","7":"category-marseille","8":"tag-actu","9":"tag-actualites","10":"tag-eu","11":"tag-europe","12":"tag-fr","13":"tag-france","14":"tag-margot-milhaud","15":"tag-marseille","16":"tag-news","17":"tag-provence-alpes-cote-dazur","18":"tag-republique-francaise"},"share_on_mastodon":{"url":"https:\/\/pubeurope.com\/@fr\/114989983526259980","error":""},"_links":{"self":[{"href":"https:\/\/www.europesays.com\/fr\/wp-json\/wp\/v2\/posts\/303789","targetHints":{"allow":["GET"]}}],"collection":[{"href":"https:\/\/www.europesays.com\/fr\/wp-json\/wp\/v2\/posts"}],"about":[{"href":"https:\/\/www.europesays.com\/fr\/wp-json\/wp\/v2\/types\/post"}],"author":[{"embeddable":true,"href":"https:\/\/www.europesays.com\/fr\/wp-json\/wp\/v2\/users\/2"}],"replies":[{"embeddable":true,"href":"https:\/\/www.europesays.com\/fr\/wp-json\/wp\/v2\/comments?post=303789"}],"version-history":[{"count":0,"href":"https:\/\/www.europesays.com\/fr\/wp-json\/wp\/v2\/posts\/303789\/revisions"}],"wp:featuredmedia":[{"embeddable":true,"href":"https:\/\/www.europesays.com\/fr\/wp-json\/wp\/v2\/media\/303790"}],"wp:attachment":[{"href":"https:\/\/www.europesays.com\/fr\/wp-json\/wp\/v2\/media?parent=303789"}],"wp:term":[{"taxonomy":"category","embeddable":true,"href":"https:\/\/www.europesays.com\/fr\/wp-json\/wp\/v2\/categories?post=303789"},{"taxonomy":"post_tag","embeddable":true,"href":"https:\/\/www.europesays.com\/fr\/wp-json\/wp\/v2\/tags?post=303789"}],"curies":[{"name":"wp","href":"https:\/\/api.w.org\/{rel}","templated":true}]}}