{"id":303791,"date":"2025-08-07T23:04:09","date_gmt":"2025-08-07T23:04:09","guid":{"rendered":"https:\/\/www.europesays.com\/fr\/303791\/"},"modified":"2025-08-07T23:04:09","modified_gmt":"2025-08-07T23:04:09","slug":"timothy-weah-est-deja-comme-dans-sa-maison-a-marseille","status":"publish","type":"post","link":"https:\/\/www.europesays.com\/fr\/303791\/","title":{"rendered":"Timothy Weah est d\u00e9j\u00e0 comme dans sa maison \u00e0 Marseille"},"content":{"rendered":"\n<p>Dans la famille Weah, je demande \u00e0 avoir le fils, Timothy.<\/p>\n<p>Au d\u00e9but des ann\u00e9es 2000, \u00ab\u00a0Mister\u00a0\u00bb George Weah \u00e9tait venu faire une pige et aider l\u2019OM \u00e0 rester en Ligue\u00a01. De son court passage, la l\u00e9gende du football africain a gard\u00e9 des souvenirs inoubliables. \u00ab\u00a0Il m\u2019a parl\u00e9 de l\u2019ambiance, d\u2019une ville incroyable, d\u2019une ferveur unique. Je savais que je finirais par y venir\u00a0\u00bb, confie le d\u00e9sormais ancien joueur de la Juventus.<\/p>\n<p>Ainsi, d\u00e8s qu\u2019il a su par son agent que l\u2019OM avait un int\u00e9r\u00eat, pour lui, tout \u00e9tait r\u00e9gl\u00e9. \u00ab\u00a0J\u2019avais des contacts en Angleterre, mais avec Marseille, c\u2019\u00e9tait ce que je voulais. D\u00e8s les premiers instants, dans ma t\u00eate, c\u2019\u00e9tait d\u00e9j\u00e0 tranch\u00e9.\u00a0\u00bb<\/p>\n<p>Il reconna\u00eet que son passage \u00e0 la Juventus lui a permis de grandir. \u00ab\u00a0J\u2019y ai retrouv\u00e9 Adrien Rabiot, avec qui j\u2019avais d\u00e9but\u00e9 au PSG. Et ce que j\u2019ai v\u00e9cu en Italie, c\u2019est tout simplement incroyable. J\u2019\u00e9tais dans un tr\u00e8s grand club qui m\u2019a fait grandir tactiquement. Ce que j\u2019ai appris l\u00e0-bas, j\u2019esp\u00e8re maintenant en faire profiter l\u2019OM\u00a0\u00bb, pr\u00e9cise l\u2019international \u00e9tats-unien.<\/p>\n<p>En posant ses valises \u00e0 Marseille, il ne d\u00e9barque pas en terrain inconnu. \u00ab\u00a0Il y a mes fr\u00e8res. Et pour moi, c\u2019est comme \u00eatre \u00e0 la maison\u00a0\u00bb confesse-t-il. Ses fr\u00e8res, ce sont Adrien Rabiot, qu\u2019il a c\u00f4toy\u00e9 au PSG et \u00e0 Turin. Mais aussi Angel Gomes. \u00ab\u00a0Lui, c\u2019est mon meilleur ami. \u00c0 Lille, j\u2019ai pass\u00e9 de tr\u00e8s bons moments \u00e0 ses c\u00f4t\u00e9s et je suis heureux de le retrouver \u00e0 Marseille.\u00a0\u00bb<\/p>\n<p>D\u00e8s son arriv\u00e9e \u00e0 l\u2019aviation g\u00e9n\u00e9rale de Marseille &#8211; Provence, Timothy Weah a senti qu\u2019il \u00e9tait d\u00e9j\u00e0 dans les c\u0153urs des supporters marseillais. \u00ab\u00a0Je n\u2019ai jamais v\u00e9cu un tel accueil\u00a0\u00bb, souligne-t-il. Accompagn\u00e9 de son p\u00e8re, il a pu saisir la ferveur qui accompagne les sorties des Phoc\u00e9ens.<\/p>\n<p> En tribunes samedi\n              <\/p>\n<p>Apr\u00e8s cet aper\u00e7u, il va vivre une exp\u00e9rience OM au V\u00e9lodrome. Samedi, il sera en tribune. \u00ab\u00a0Je ne suis pas encore pr\u00eat, car ces derniers jours, je ne m\u2019entra\u00eenais plus avec la Juve\u00a0\u00bb, confesse-t-il. Mais il devrait pouvoir endosser la tunique marseillaise \u00e0 Rennes, et d\u00e9couvrir un V\u00e9lodrome plein \u00e0 l\u2019occasion de la venue du Paris\u00a0FC, le 23\u00a0ao\u00fbt. \u00ab\u00a0Avec Lille, j\u2019y ai jou\u00e9, mais c\u2019\u00e9tait sous le covid, et le stade \u00e9tait vide\u00a0\u00bb, se souvient-il.<\/p>\n<p>Outre son p\u00e8re, ses \u00ab\u00a0fr\u00e8res\u00a0\u00bb, c\u2019est aussi la pr\u00e9sence de Roberto De\u00a0Zerbi qui a pes\u00e9 dans la balance. \u00ab\u00a0J\u2019ai besoin de travailler avec un coach comme lui. J\u2019aime son niveau d\u2019exigence et apr\u00e8s \u00eatre pass\u00e9 par l\u2019Italie, c\u2019est logique d\u2019\u00eatre avec lui\u00a0\u00bb, commente-t-il.<\/p>\n<p>Quant \u00e0 savoir \u00e0 quel poste il se sent le mieux, \u00ab\u00a0je n\u2019ai pas de position pr\u00e9f\u00e9r\u00e9e. Je dois voir avec le coach. Je sais qu\u2019il me voit comme un piston. \u00c0 moi de r\u00e9pondre \u00e0 ses attentes. Ce que je veux, c\u2019est gagner.\u00a0\u00bb Et concernant la concurrence, \u00ab\u00a0je suis l\u00e0 pour montrer ce dont je suis capable. Soutenir l\u2019\u00e9quipe et faire de grandes choses avec elle.\u00a0\u00bb<\/p>\n<p>Avec comme motivation, la perspective d\u2019\u00eatre en Coupe du Monde. \u00ab\u00a0Je veux vivre ma deuxi\u00e8me, surtout que ce sera aux \u00c9tats-Unis\u00a0\u00bb, insiste-t-il.<\/p>\n<p>Maintenant qu\u2019il est Olympien, Timothy Weah va tenter de faire comme Angel Gomes avec lui. Persuader Edon Zhegrova, en instance de d\u00e9part \u00e0 Lille, de descendre \u00e0 Marseille. \u00ab\u00a0Angel n\u2019a pas eu besoin d\u2019\u00eatre tr\u00e8s persuasif, car je savais d\u00e9j\u00e0 que je viendrais. Et je pense que pour Egon, c\u2019est pareil. S\u2019il sait que l\u2019OM le veut, il viendra\u00a0\u00bb. Il compte sur la capacit\u00e9 de Pablo Longoria et Medhi Benatia pour arranger les choses. \u00ab\u00a0Ils savent trouver les bons mots, ceux qui montrent qu\u2019ils aiment l\u2019OM et permettent de transmettre cet amour\u00a0\u00bb.<\/p>\n<p>Les pompiers \u00e0 l\u2019honneur<\/p>\n<p>Comme face \u00e0 Seville, l\u2019OM va inviter des pompiers des Bouches-du-Rh\u00f4ne samedi. Au total, 1\u00a0000 auront \u00e9t\u00e9 invit\u00e9s.<\/p>\n","protected":false},"excerpt":{"rendered":"Dans la famille Weah, je demande \u00e0 avoir le fils, Timothy. Au d\u00e9but des ann\u00e9es 2000, \u00ab\u00a0Mister\u00a0\u00bb George&hellip;\n","protected":false},"author":2,"featured_media":303792,"comment_status":"","ping_status":"","sticky":false,"template":"","format":"standard","meta":{"footnotes":""},"categories":[2814],"tags":[1111,11,1777,674,1011,27,884,1434,12,882,25],"class_list":{"0":"post-303791","1":"post","2":"type-post","3":"status-publish","4":"format-standard","5":"has-post-thumbnail","7":"category-marseille","8":"tag-actu","9":"tag-actualites","10":"tag-eu","11":"tag-europe","12":"tag-fr","13":"tag-france","14":"tag-marseille","15":"tag-mercato","16":"tag-news","17":"tag-provence-alpes-cote-dazur","18":"tag-republique-francaise"},"share_on_mastodon":{"url":"https:\/\/pubeurope.com\/@fr\/114989987455387661","error":""},"_links":{"self":[{"href":"https:\/\/www.europesays.com\/fr\/wp-json\/wp\/v2\/posts\/303791","targetHints":{"allow":["GET"]}}],"collection":[{"href":"https:\/\/www.europesays.com\/fr\/wp-json\/wp\/v2\/posts"}],"about":[{"href":"https:\/\/www.europesays.com\/fr\/wp-json\/wp\/v2\/types\/post"}],"author":[{"embeddable":true,"href":"https:\/\/www.europesays.com\/fr\/wp-json\/wp\/v2\/users\/2"}],"replies":[{"embeddable":true,"href":"https:\/\/www.europesays.com\/fr\/wp-json\/wp\/v2\/comments?post=303791"}],"version-history":[{"count":0,"href":"https:\/\/www.europesays.com\/fr\/wp-json\/wp\/v2\/posts\/303791\/revisions"}],"wp:featuredmedia":[{"embeddable":true,"href":"https:\/\/www.europesays.com\/fr\/wp-json\/wp\/v2\/media\/303792"}],"wp:attachment":[{"href":"https:\/\/www.europesays.com\/fr\/wp-json\/wp\/v2\/media?parent=303791"}],"wp:term":[{"taxonomy":"category","embeddable":true,"href":"https:\/\/www.europesays.com\/fr\/wp-json\/wp\/v2\/categories?post=303791"},{"taxonomy":"post_tag","embeddable":true,"href":"https:\/\/www.europesays.com\/fr\/wp-json\/wp\/v2\/tags?post=303791"}],"curies":[{"name":"wp","href":"https:\/\/api.w.org\/{rel}","templated":true}]}}