{"id":303793,"date":"2025-08-07T23:05:10","date_gmt":"2025-08-07T23:05:10","guid":{"rendered":"https:\/\/www.europesays.com\/fr\/303793\/"},"modified":"2025-08-07T23:05:10","modified_gmt":"2025-08-07T23:05:10","slug":"previsions-du-vendredi-8-aout-2025","status":"publish","type":"post","link":"https:\/\/www.europesays.com\/fr\/303793\/","title":{"rendered":"pr\u00e9visions du vendredi 8 ao\u00fbt 2025"},"content":{"rendered":"<p>Un magnifique soleil brillera sur Lyon, o\u00f9 la journ\u00e9e sera des plus agr\u00e9ables. Les maximales iront jusqu&rsquo;\u00e0 37\u00b0C tandis que les minimales seront de 18\u00b0C. La matin\u00e9e va \u00eatre tr\u00e8s suffocante : jusqu&rsquo;\u00e0 34\u00b0C. Un vent de sud-est rafra\u00eechira l\u00e9g\u00e8rement l&rsquo;atmosph\u00e8re. Les temp\u00e9ratures vont monter pendant l&rsquo;apr\u00e8s-midi de plusieurs degr\u00e9s. De tr\u00e8s grosses chaleurs (entre 35\u00b0C et 37\u00b0C) sont annonc\u00e9es. La ville va conna\u00eetre, le soir, une vague d&rsquo;importantes chaleurs avec des temp\u00e9ratures qui atteindront parfois les 33\u00b0C. On pr\u00e9voit une nuit claire entre vendredi et samedi.<\/p>\n<p>Demain, les Lyonnais vont pouvoir b\u00e9n\u00e9ficier d&rsquo;un soleil radieux. Le temps va se r\u00e9chauffer avec une augmentation de quelques degr\u00e9s. La ville va p\u00e2tir des fortes chaleurs avec des valeurs qui devraient grimper \u00e0 38\u00b0C. Les temp\u00e9ratures s&rsquo;\u00e9chelonneront entre 20 et 38\u00b0C. La p\u00e9riode de grosses chaleurs est bien l\u00e0, avec des valeurs qui pourront aller jusqu&rsquo;\u00e0 34\u00b0C le matin. Un vent de sud-est soufflera un peu, avec 7 km\/h. Demain apr\u00e8s-midi, c&rsquo;est une hausse de plusieurs degr\u00e9s que vont conna\u00eetre les temp\u00e9ratures. Ces valeurs maximales pr\u00e9vues sont \u00e9lev\u00e9es, avec 38\u00b0C. D\u00e8s demain soir, les valeurs \u00e9volueront entre 29 et 34\u2009\u00b0C. Un l\u00e9ger vent d&rsquo;est soufflera.<\/p>\n<p>La m\u00e9t\u00e9o restera inchang\u00e9e les jours \u00e0 venir. Des temp\u00e9ratures dans les 37\u00b0C iront de pair avec un ciel ensoleill\u00e9.<\/p>\n<p>N&rsquo;oubliez pas de bien vous hydrater, m\u00eame si vous n&rsquo;avez pas soif, durant ces jours de fortes chaleurs. Evitez de vous exposer entre 12h et 16h et faites particuli\u00e8rement attention aux personnes les plus vuln\u00e9rables comme les personnes \u00e2g\u00e9es ou les nouveau-n\u00e9s.<\/p>\n","protected":false},"excerpt":{"rendered":"Un magnifique soleil brillera sur Lyon, o\u00f9 la journ\u00e9e sera des plus agr\u00e9ables. Les maximales iront jusqu&rsquo;\u00e0 37\u00b0C&hellip;\n","protected":false},"author":2,"featured_media":303794,"comment_status":"","ping_status":"","sticky":false,"template":"","format":"standard","meta":{"footnotes":""},"categories":[1889],"tags":[1111,11,2430,1777,674,1011,27,2428,12,2119,25,2429,2431],"class_list":{"0":"post-303793","1":"post","2":"type-post","3":"status-publish","4":"format-standard","5":"has-post-thumbnail","7":"category-lyon","8":"tag-actu","9":"tag-actualites","10":"tag-auvergne-rhone-alpes","11":"tag-eu","12":"tag-europe","13":"tag-fr","14":"tag-france","15":"tag-lyon","16":"tag-news","17":"tag-previsions-meteo","18":"tag-republique-francaise","19":"tag-rhone","20":"tag-rhone-alpes"},"share_on_mastodon":{"url":"https:\/\/pubeurope.com\/@fr\/114989991431043965","error":""},"_links":{"self":[{"href":"https:\/\/www.europesays.com\/fr\/wp-json\/wp\/v2\/posts\/303793","targetHints":{"allow":["GET"]}}],"collection":[{"href":"https:\/\/www.europesays.com\/fr\/wp-json\/wp\/v2\/posts"}],"about":[{"href":"https:\/\/www.europesays.com\/fr\/wp-json\/wp\/v2\/types\/post"}],"author":[{"embeddable":true,"href":"https:\/\/www.europesays.com\/fr\/wp-json\/wp\/v2\/users\/2"}],"replies":[{"embeddable":true,"href":"https:\/\/www.europesays.com\/fr\/wp-json\/wp\/v2\/comments?post=303793"}],"version-history":[{"count":0,"href":"https:\/\/www.europesays.com\/fr\/wp-json\/wp\/v2\/posts\/303793\/revisions"}],"wp:featuredmedia":[{"embeddable":true,"href":"https:\/\/www.europesays.com\/fr\/wp-json\/wp\/v2\/media\/303794"}],"wp:attachment":[{"href":"https:\/\/www.europesays.com\/fr\/wp-json\/wp\/v2\/media?parent=303793"}],"wp:term":[{"taxonomy":"category","embeddable":true,"href":"https:\/\/www.europesays.com\/fr\/wp-json\/wp\/v2\/categories?post=303793"},{"taxonomy":"post_tag","embeddable":true,"href":"https:\/\/www.europesays.com\/fr\/wp-json\/wp\/v2\/tags?post=303793"}],"curies":[{"name":"wp","href":"https:\/\/api.w.org\/{rel}","templated":true}]}}