{"id":303799,"date":"2025-08-07T23:09:17","date_gmt":"2025-08-07T23:09:17","guid":{"rendered":"https:\/\/www.europesays.com\/fr\/303799\/"},"modified":"2025-08-07T23:09:17","modified_gmt":"2025-08-07T23:09:17","slug":"cest-une-decision-politique-lamertume-de-la-fnsea-apres-la-decision-du-conseil-constitutionnel-sur-la-loi-duplomb","status":"publish","type":"post","link":"https:\/\/www.europesays.com\/fr\/303799\/","title":{"rendered":"\u00ab\u00a0C\u2019est une d\u00e9cision politique\u00a0\u00bb : l\u2019amertume de la FNSEA apr\u00e8s la d\u00e9cision du Conseil constitutionnel sur la loi Duplomb"},"content":{"rendered":"<p class=\"paragraph text_align_left lp-f-body-02\">Le vice-pr\u00e9sident de la FNSEA, Luc Smessaert ne cache pas sa d\u00e9ception, ce jeudi soir, apr\u00e8s <a href=\"https:\/\/www.leparisien.fr\/politique\/loi-duplomb-le-conseil-constitutionnel-censure-la-reintroduction-de-lacetamipride-un-pesticide-jusque-la-interdit-07-08-2025-GKM37MMEDBDXDIDTQEAMOO7TLQ.php\" target=\"_blank\" rel=\"noreferrer nofollow noopener\">la censure du Conseil constitutionnel<\/a>, de l\u2019article qui devait permettre le retour de l\u2019ac\u00e9tamipride, un pesticide utilis\u00e9 principalement pour les cultures de betteraves et de noisettes. Il estime que le succ\u00e8s de la p\u00e9tition lanc\u00e9e contre cette loi a pes\u00e9 dans la d\u00e9cision des Sages.<\/p>\n","protected":false},"excerpt":{"rendered":"Le vice-pr\u00e9sident de la FNSEA, Luc Smessaert ne cache pas sa d\u00e9ception, ce jeudi soir, apr\u00e8s la censure&hellip;\n","protected":false},"author":2,"featured_media":303800,"comment_status":"","ping_status":"","sticky":false,"template":"","format":"standard","meta":{"footnotes":""},"categories":[1888],"tags":[1111,1928,11,1927,33,1777,674,1011,27,12,1926,626,1925,316,25],"class_list":{"0":"post-303799","1":"post","2":"type-post","3":"status-publish","4":"format-standard","5":"has-post-thumbnail","7":"category-paris","8":"tag-actu","9":"tag-actu-paris","10":"tag-actualites","11":"tag-actualites-paris","12":"tag-economie","13":"tag-eu","14":"tag-europe","15":"tag-fr","16":"tag-france","17":"tag-news","18":"tag-news-paris","19":"tag-paris","20":"tag-paris-news","21":"tag-politique","22":"tag-republique-francaise"},"share_on_mastodon":{"url":"https:\/\/pubeurope.com\/@fr\/114990007146528687","error":""},"_links":{"self":[{"href":"https:\/\/www.europesays.com\/fr\/wp-json\/wp\/v2\/posts\/303799","targetHints":{"allow":["GET"]}}],"collection":[{"href":"https:\/\/www.europesays.com\/fr\/wp-json\/wp\/v2\/posts"}],"about":[{"href":"https:\/\/www.europesays.com\/fr\/wp-json\/wp\/v2\/types\/post"}],"author":[{"embeddable":true,"href":"https:\/\/www.europesays.com\/fr\/wp-json\/wp\/v2\/users\/2"}],"replies":[{"embeddable":true,"href":"https:\/\/www.europesays.com\/fr\/wp-json\/wp\/v2\/comments?post=303799"}],"version-history":[{"count":0,"href":"https:\/\/www.europesays.com\/fr\/wp-json\/wp\/v2\/posts\/303799\/revisions"}],"wp:featuredmedia":[{"embeddable":true,"href":"https:\/\/www.europesays.com\/fr\/wp-json\/wp\/v2\/media\/303800"}],"wp:attachment":[{"href":"https:\/\/www.europesays.com\/fr\/wp-json\/wp\/v2\/media?parent=303799"}],"wp:term":[{"taxonomy":"category","embeddable":true,"href":"https:\/\/www.europesays.com\/fr\/wp-json\/wp\/v2\/categories?post=303799"},{"taxonomy":"post_tag","embeddable":true,"href":"https:\/\/www.europesays.com\/fr\/wp-json\/wp\/v2\/tags?post=303799"}],"curies":[{"name":"wp","href":"https:\/\/api.w.org\/{rel}","templated":true}]}}