{"id":303811,"date":"2025-08-07T23:15:15","date_gmt":"2025-08-07T23:15:15","guid":{"rendered":"https:\/\/www.europesays.com\/fr\/303811\/"},"modified":"2025-08-07T23:15:15","modified_gmt":"2025-08-07T23:15:15","slug":"virer-tous-les-etudiants-etrangers-des-usa-va-couter-bonbon-a-donald-trump","status":"publish","type":"post","link":"https:\/\/www.europesays.com\/fr\/303811\/","title":{"rendered":"Virer tous les \u00e9tudiants \u00e9trangers des USA va co\u00fbter bonbon \u00e0 Donald Trump"},"content":{"rendered":"<p>En appelant \u00e0 l\u2019expulsion massive des \u00e9tudiants \u00e9trangers, Steve Bannon relance un discours nationaliste radical qui inqui\u00e8te le monde acad\u00e9mique. Derri\u00e8re cette provocation, se dessine une menace bien r\u00e9elle pour l\u2019\u00e9conomie, la recherche et l\u2019influence des \u00c9tats-Unis. MCE vous dit tout de A \u00e0 Z !<\/p>\n<p><strong data-start=\"152\" data-end=\"219\">Steve Bannon appelle \u00e0 une purge totale des \u00e9tudiants \u00e9trangers<\/strong><\/p>\n<p data-start=\"221\" data-end=\"932\">Vendredi dernier, Steve Bannon, <a href=\"https:\/\/mcetv.ouest-france.fr\/mon-mag-buzz\/societe\/politique\/donald-trump-quest-ce-que-linsuffisance-veineuse-la-maladie-qui-le-ronge-18072025\/\" target=\"_blank\" rel=\"noopener nofollow\">ex-conseiller de Donald Trump<\/a>, a une nouvelle fois d\u00e9clench\u00e9 la controverse en appelant \u00e0 une <strong data-start=\"347\" data-end=\"392\">expulsion massive des \u00e9tudiants \u00e9trangers<\/strong> des \u00c9tats-Unis. Dans une intervention remarqu\u00e9e, il a d\u00e9clar\u00e9 : \u00ab\u00a0Vous avez 30 jours pour passer du temps avec vos camarades, participer \u00e0 des activit\u00e9s d\u2019anciens \u00e9l\u00e8ves. Ensuite, partez.\u00a0\u00bb<\/p>\n<p data-start=\"221\" data-end=\"932\">Cette d\u00e9claration fait suite \u00e0 sa proposition radicale qu\u2019il n\u2019y ait plus \u00ab\u00a0un seul \u00e9tudiant \u00e9tranger dans le pays en ce moment\u00a0\u00bb. Bien que souvent provocatrices, les sorties de Bannon ne sont pas anodines : <strong>elles servent r\u00e9guli\u00e8rement de ballon d\u2019essai id\u00e9ologique pour les r\u00e9publicains<\/strong> et sont donc surveill\u00e9es de pr\u00e8s, selon The Times of India.<\/p>\n<p data-start=\"934\" data-end=\"1481\">Bannon va jusqu\u2019\u00e0 \u00e9voquer une \u00ab\u00a0<strong data-start=\"964\" data-end=\"984\">purge totale\u00a0\u00bb<\/strong>\u00a0<strong>des quelque 1,12 million d\u2019\u00e9tudiants \u00e9trangers<\/strong> pr\u00e9sents dans les universit\u00e9s am\u00e9ricaines. Il consid\u00e8re que leur d\u00e9part pourrait renforcer les nations d\u2019origine tout en recentrant les b\u00e9n\u00e9fices de l\u2019\u00e9ducation am\u00e9ricaine sur ses citoyens.<\/p>\n<p data-start=\"934\" data-end=\"1481\">Ce discours protectionniste et nationaliste, bien que marginal dans son extr\u00eame, trouve un \u00e9cho croissant dans les cercles conservateurs. Il s\u2019inscrit dans une dynamique o\u00f9 <strong>l\u2019\u00e9tranger est vu comme une menace \u00e0 la souverainet\u00e9<\/strong> \u00e9conomique et culturelle du pays.<\/p>\n<p>Mais au-del\u00e0 des propos provocateurs de Steve Bannon, c\u2019est surtout l\u2019impact concret d\u2019une telle politique sur les \u00c9tats-Unis qui suscite de vives inqui\u00e9tudes. MCE vous raconte !<\/p>\n<p><a href=\"https:\/\/mcetv.ouest-france.fr\/a-decouvrir\/il-est-passe-detudiant-a-un-salarie-reconnu-depuis-sa-cellule-de-prison-01082025\/\" target=\"_blank\" rel=\"noopener nofollow\"><img loading=\"lazy\" decoding=\"async\" class=\"size-full wp-image-2243930\" src=\"https:\/\/www.europesays.com\/fr\/wp-content\/uploads\/2025\/08\/Virer-tous-les-etudiants-etrangers-des-Etats-Unis-va-couter-bonbon-a-Donald-Trump-BRUTE-07082025.jpg\" alt=\"Virer tous les \u00e9tudiants \u00e9trangers des Etats-Unis va co\u00fbter bonbon \u00e0 Donald Trump\" width=\"640\" height=\"360\"  \/><\/a>Cr\u00e9dits : Unseen Studio \/ Unsplash<br \/>\n<strong data-start=\"1810\" data-end=\"1866\">Un exode qui co\u00fbterait cher \u00e0 l\u2019Am\u00e9rique<\/strong><\/p>\n<p data-start=\"1868\" data-end=\"2592\">Si les id\u00e9es de Bannon se concr\u00e9tisaient, les cons\u00e9quences pour les \u00c9tats-Unis seraient lourdes, notamment sur le plan \u00e9conomique. Les \u00e9tudiants \u00e9trangers repr\u00e9sentent \u00e0 peine 6 % de la population \u00e9tudiante, mais leur poids financier est colossal. En 2023-2024, ils ont inject\u00e9 <strong data-start=\"2150\" data-end=\"2179\">43,8 milliards de dollars<\/strong> dans l\u2019\u00e9conomie am\u00e9ricaine.<\/p>\n<p data-start=\"1868\" data-end=\"2592\">Leurs frais de scolarit\u00e9, souvent deux fois plus \u00e9lev\u00e9s que ceux des \u00e9tudiants locaux, constituent une ressource majeure pour de nombreuses universit\u00e9s. Certains \u00e9tablissements, dont <strong>le mod\u00e8le \u00e9conomique repose sur ces revenus, pourraient se retrouver en difficult\u00e9<\/strong>, tout comme les secteurs de l\u2019h\u00e9bergement, de la restauration ou encore des transports dans les villes universitaires.<\/p>\n<p data-start=\"2594\" data-end=\"3164\">Au-del\u00e0 de l\u2019aspect financier, leur d\u00e9part entra\u00eenerait une <strong data-start=\"2654\" data-end=\"2683\">fuite massive de cerveaux<\/strong>. Les \u00e9tudiants \u00e9trangers forment une main-d\u2019\u0153uvre hautement qualifi\u00e9e, essentielle pour la recherche, l\u2019innovation et l\u2019entrepreneuriat.<\/p>\n<p data-start=\"2594\" data-end=\"3164\">Un quart des start-ups am\u00e9ricaines valoris\u00e9es \u00e0 plus d\u2019<strong>un milliard de dollars ont \u00e9t\u00e9 fond\u00e9es par d\u2019anciens \u00e9tudiants \u00e9trangers<\/strong>. En 2020, plus de la moiti\u00e9 des brevets d\u00e9pos\u00e9s aux \u00c9tats-Unis l\u2019ont \u00e9t\u00e9 par <a href=\"https:\/\/mcetv.ouest-france.fr\/mon-mag-campus\/ces-cinq-inventions-etudiantes-sur-le-toit-du-monde-aux-etats-unis-03012025\/\" target=\"_blank\" rel=\"noopener nofollow\">des inventeurs non-am\u00e9ricains<\/a>. Les exclure nuirait \u00e0 l\u2019innovation nationale et pousserait les entreprises \u00e0 externaliser leur recrutement.<\/p>\n<p data-start=\"3166\" data-end=\"3638\" data-is-last-node=\"\" data-is-only-node=\"\">Enfin, cette politique <strong>minerait le<\/strong> <strong data-start=\"3201\" data-end=\"3225\">soft power am\u00e9ricain<\/strong>. L\u2019image des \u00c9tats-Unis comme terre d\u2019accueil intellectuelle est d\u00e9j\u00e0 ternie par des d\u00e9cisions restrictives. Harvard elle-m\u00eame a d\u00fb saisir la justice pour prot\u00e9ger ses \u00e9tudiants.<\/p>\n<p data-start=\"3166\" data-end=\"3638\" data-is-last-node=\"\" data-is-only-node=\"\">La m\u00e9fiance \u00e0 l\u2019\u00e9gard des \u00e9trangers pourrait entra\u00eener <strong>une chute des inscriptions et affaiblir durablement l\u2019influence am\u00e9ricaine \u00e0 l\u2019\u00e9chelle mondiale<\/strong>. Ce repli id\u00e9ologique risque donc de nuire \u00e0 la puissance qu\u2019il pr\u00e9tend pr\u00e9server.<\/p>\n","protected":false},"excerpt":{"rendered":"En appelant \u00e0 l\u2019expulsion massive des \u00e9tudiants \u00e9trangers, Steve Bannon relance un discours nationaliste radical qui inqui\u00e8te le&hellip;\n","protected":false},"author":2,"featured_media":303812,"comment_status":"","ping_status":"","sticky":false,"template":"","format":"standard","meta":{"footnotes":""},"categories":[1589],"tags":[11,73,1866,12,1864,1865,1863,308],"class_list":{"0":"post-303811","1":"post","2":"type-post","3":"status-publish","4":"format-standard","5":"has-post-thumbnail","7":"category-etats-unis","8":"tag-actualites","9":"tag-etats-unis","10":"tag-etats-unis-damerique","11":"tag-news","12":"tag-united-states","13":"tag-united-states-of-america","14":"tag-us","15":"tag-usa"},"share_on_mastodon":{"url":"https:\/\/pubeurope.com\/@fr\/114990030804835585","error":""},"_links":{"self":[{"href":"https:\/\/www.europesays.com\/fr\/wp-json\/wp\/v2\/posts\/303811","targetHints":{"allow":["GET"]}}],"collection":[{"href":"https:\/\/www.europesays.com\/fr\/wp-json\/wp\/v2\/posts"}],"about":[{"href":"https:\/\/www.europesays.com\/fr\/wp-json\/wp\/v2\/types\/post"}],"author":[{"embeddable":true,"href":"https:\/\/www.europesays.com\/fr\/wp-json\/wp\/v2\/users\/2"}],"replies":[{"embeddable":true,"href":"https:\/\/www.europesays.com\/fr\/wp-json\/wp\/v2\/comments?post=303811"}],"version-history":[{"count":0,"href":"https:\/\/www.europesays.com\/fr\/wp-json\/wp\/v2\/posts\/303811\/revisions"}],"wp:featuredmedia":[{"embeddable":true,"href":"https:\/\/www.europesays.com\/fr\/wp-json\/wp\/v2\/media\/303812"}],"wp:attachment":[{"href":"https:\/\/www.europesays.com\/fr\/wp-json\/wp\/v2\/media?parent=303811"}],"wp:term":[{"taxonomy":"category","embeddable":true,"href":"https:\/\/www.europesays.com\/fr\/wp-json\/wp\/v2\/categories?post=303811"},{"taxonomy":"post_tag","embeddable":true,"href":"https:\/\/www.europesays.com\/fr\/wp-json\/wp\/v2\/tags?post=303811"}],"curies":[{"name":"wp","href":"https:\/\/api.w.org\/{rel}","templated":true}]}}