{"id":303814,"date":"2025-08-07T23:17:11","date_gmt":"2025-08-07T23:17:11","guid":{"rendered":"https:\/\/www.europesays.com\/fr\/303814\/"},"modified":"2025-08-07T23:17:11","modified_gmt":"2025-08-07T23:17:11","slug":"bruxelles-tance-un-ministre-allemand-apres-une-charge-contre-lue","status":"publish","type":"post","link":"https:\/\/www.europesays.com\/fr\/303814\/","title":{"rendered":"Bruxelles tance un ministre allemand apr\u00e8s une charge contre l\u2019UE"},"content":{"rendered":"<p>\n    En visite \u00e0 Washington, le vice-chancelier et ministre des finances allemand Lars Klingbeil a vertement critiqu\u00e9 l\u2019Union europ\u00e9enne, qu\u2019il juge trop faible face aux \u00c9tats-Unis. Des propos mal accueillis \u00e0 Bruxelles\u2026\n<\/p>\n<p class=\"article-text article-body__item\">\n    Bruxelles n\u2019a pas appr\u00e9ci\u00e9. Lars Klingbeil, vice-chancelier et ministre des Finances allemand s\u2019est rendu aux \u00c9tats-Unis ce 4 ao\u00fbt pour rencontrer le secr\u00e9taire am\u00e9ricain au Tr\u00e9sor, Scott Bessent. \u00c0 cette occasion, il a d\u00e9nonc\u00e9 le comportement de l\u2019UE, d\u00e9clarant qu\u2019elle avait \u00e9t\u00e9 trop faible et devait \u00ab devenir plus forte \u00bb. \u00ab Nous pourrons alors aussi tenir t\u00eate aux \u00c9tats-Unis avec davantage de confiance en nous \u00bb, a-t-il ajout\u00e9.\n<\/p>\n<p class=\"article-text article-body__item\">\n    Il n\u2019en fallait pas plus pour vexer Bruxelles, qui n\u2019a pas l\u2019habitude de critiquer ouvertement un ministre d\u2019un \u00c9tat-membre. Mais cette fois, le porte-parole de la Commission europ\u00e9enne sur les questions commerciales Olof Gill a r\u00e9agi : \u00ab Nous sommes tr\u00e8s surpris d\u2019entendre un ministre d\u2019un \u00c9tat membre exprimer ce point de vue, alors que rien n\u2019a \u00e9t\u00e9 fait ici [\u2026] sans le signal clair re\u00e7u de nos \u00c9tats membres \u00bb. Cet uppercut contre l\u2019UE fait \u00e9cho \u00e0 celui d\u2019Emmanuel Macron qui, la semaine derni\u00e8re, avait regrett\u00e9 que l\u2019UE n\u2019ait pas \u00e9t\u00e9 assez \u00ab crainte \u00bb par les \u00c9tats-Unis durant les n\u00e9gociations sur les droits de douane.\n<\/p>\n<p class=\"article-text article-body__item\">\n    <strong>\u00c0 LIRE AUSSI : <a href=\"https:\/\/www.marianne.net\/economie\/economie-europeenne\/donald-trump-et-ursula-von-der-leyen-annoncent-un-accord-sur-des-droits-de-douane-a-15-sur-les-produits-europeens\" rel=\"nofollow noopener\" target=\"_blank\">Donald Trump et Ursula von der Leyen annoncent un accord sur des droits de douane \u00e0 15 % sur les produits europ\u00e9ens<\/a><\/strong>\n<\/p>\n<p class=\"article-text article-body__item\">\n    Le 5 ao\u00fbt, Bruxelles annon\u00e7ait suspendre ses repr\u00e9sailles aux droits de douane de Donald Trump, en raison de l&rsquo;accord commercial nou\u00e9 entre les \u00c9tats-Unis et l&rsquo;UE. Au cours des derniers mois, la Commission avait pr\u00e9par\u00e9 une liste de 93 milliards d&rsquo;euros de marchandises am\u00e9ricains qui seraient tax\u00e9s si les \u00c9tats-Unis et l&rsquo;UE ne parvenaient pas \u00e0 un accord. Apr\u00e8s des mois complexes de n\u00e9gociations, Bruxelles et Washington ont scell\u00e9 fin juillet un accord commercial bas\u00e9 sur des droits de douane de 15 % sur les produits europ\u00e9ens qui arrivent aux \u00c9tats-Unis.\n<\/p>\n<p class=\"article-text article-body__item\">\n    <strong>\u00c0 LIRE AUSSI : <a href=\"https:\/\/www.marianne.net\/economie\/economie-internationale\/accord-sur-les-droits-de-douane-avec-les-etats-unis-ursula-von-der-leyen-vous-avez-dit-trahison\" rel=\"nofollow noopener\" target=\"_blank\">Accord sur les droits de douane avec les \u00c9tats-Unis : Ursula von\u00a0der\u00a0Leyen, vous avez dit \u00ab\u00a0trahison\u00a0\u00bb ?<\/a><\/strong>\n<\/p>\n<p class=\"article-text article-body__item\">\n    Pour l\u2019heure, Bruxelles esp\u00e8re que Washington tiendra sa promesse de r\u00e9duire la taxe sp\u00e9ciale sur les voitures europ\u00e9ennes, qui affaiblit encore le secteur automobile europ\u00e9en \u00e0 la peine. Un haut responsable de l\u2019UE s\u2019est f\u00e9licit\u00e9, mardi 5 ao\u00fbt, du r\u00e9sultat des n\u00e9gociations entre Bruxelles et Washington, rappelant que l\u2019accord obtenu par l\u2019UE \u00e9tait plus int\u00e9ressant que celui d\u2019autres partenaires commerciaux des \u00c9tats-Unis, dont le Royaume-Uni.<\/p>\n","protected":false},"excerpt":{"rendered":"En visite \u00e0 Washington, le vice-chancelier et ministre des finances allemand Lars Klingbeil a vertement critiqu\u00e9 l\u2019Union europ\u00e9enne,&hellip;\n","protected":false},"author":2,"featured_media":303815,"comment_status":"","ping_status":"","sticky":false,"template":"","format":"standard","meta":{"footnotes":""},"categories":[1587],"tags":[11,672,1804,1805,1803,1777,674,1801,12,1802],"class_list":{"0":"post-303814","1":"post","2":"type-post","3":"status-publish","4":"format-standard","5":"has-post-thumbnail","7":"category-allemagne","8":"tag-actualites","9":"tag-allemagne","10":"tag-bundesrepublik-deutschland","11":"tag-de","12":"tag-deutschland","13":"tag-eu","14":"tag-europe","15":"tag-germany","16":"tag-news","17":"tag-republique-federale-dallemagne"},"share_on_mastodon":{"url":"https:\/\/pubeurope.com\/@fr\/114990038704931070","error":""},"_links":{"self":[{"href":"https:\/\/www.europesays.com\/fr\/wp-json\/wp\/v2\/posts\/303814","targetHints":{"allow":["GET"]}}],"collection":[{"href":"https:\/\/www.europesays.com\/fr\/wp-json\/wp\/v2\/posts"}],"about":[{"href":"https:\/\/www.europesays.com\/fr\/wp-json\/wp\/v2\/types\/post"}],"author":[{"embeddable":true,"href":"https:\/\/www.europesays.com\/fr\/wp-json\/wp\/v2\/users\/2"}],"replies":[{"embeddable":true,"href":"https:\/\/www.europesays.com\/fr\/wp-json\/wp\/v2\/comments?post=303814"}],"version-history":[{"count":0,"href":"https:\/\/www.europesays.com\/fr\/wp-json\/wp\/v2\/posts\/303814\/revisions"}],"wp:featuredmedia":[{"embeddable":true,"href":"https:\/\/www.europesays.com\/fr\/wp-json\/wp\/v2\/media\/303815"}],"wp:attachment":[{"href":"https:\/\/www.europesays.com\/fr\/wp-json\/wp\/v2\/media?parent=303814"}],"wp:term":[{"taxonomy":"category","embeddable":true,"href":"https:\/\/www.europesays.com\/fr\/wp-json\/wp\/v2\/categories?post=303814"},{"taxonomy":"post_tag","embeddable":true,"href":"https:\/\/www.europesays.com\/fr\/wp-json\/wp\/v2\/tags?post=303814"}],"curies":[{"name":"wp","href":"https:\/\/api.w.org\/{rel}","templated":true}]}}