{"id":303826,"date":"2025-08-07T23:27:09","date_gmt":"2025-08-07T23:27:09","guid":{"rendered":"https:\/\/www.europesays.com\/fr\/303826\/"},"modified":"2025-08-07T23:27:09","modified_gmt":"2025-08-07T23:27:09","slug":"rugby-premier-test-grandeur-nature-pour-un-sa-xv-rajeuni-face-a-nice","status":"publish","type":"post","link":"https:\/\/www.europesays.com\/fr\/303826\/","title":{"rendered":"Rugby\u00a0: premier test grandeur nature pour un SA XV rajeuni face \u00e0 Nice"},"content":{"rendered":"<p>Vendredi, 17h. Rendez-vous est pris bien loin de Chanzy. Apr\u00e8s un mois de pr\u00e9paration, un premier test au go\u00fbt de Pro D2 attend le SA XV sur la pelouse du stade Pierre-Bacqu\u00e9 de Saint-Lary-Soulan. <\/p>\n<p>Pour finir leur stage estival en beaut\u00e9 et profiter encore un peu de l\u2019air pyr\u00e9n\u00e9en, les rugbymen charentais d\u00e9fient Nice avec les montagnes comme d\u00e9cor. Une sorte de chass\u00e9-crois\u00e9 estival puisque les Azur\u00e9ens, au tout nouveau visage, prendront la place des Charentais qui rentrent au pays apr&amp;egrave&#8230;<\/p>\n<p>Vendredi, 17h. Rendez-vous est pris bien loin de Chanzy. Apr\u00e8s un mois de pr\u00e9paration, un premier test au go\u00fbt de Pro D2 attend le SA XV sur la pelouse du stade Pierre-Bacqu\u00e9 de Saint-Lary-Soulan. <\/p>\n<p>Pour finir leur stage estival en beaut\u00e9 et profiter encore un peu de l\u2019air pyr\u00e9n\u00e9en, les rugbymen charentais d\u00e9fient Nice avec les montagnes comme d\u00e9cor. Une sorte de chass\u00e9-crois\u00e9 estival puisque les Azur\u00e9ens, au tout nouveau visage, prendront la place des Charentais qui rentrent au pays apr\u00e8s la rencontre.<\/p>\n<p>Un \u00e9t\u00e9 et Nice a chang\u00e9<\/p>\n<p>Malgr\u00e9 une descente un an apr\u00e8s avoir acc\u00e9d\u00e9 \u00e0 la Pro D2, le Stade Ni\u00e7ois, devenu Nissa Rugby le 1er\u00a0juillet, compte bien retrouver l\u2019\u00e9lite et ne s\u2019en cache pas. Et ne vient donc pas d\u00e9fier le SAXV les mains dans les poches. Compar\u00e9 \u00e0 l\u2019\u00e9quipe que le SA XV a battue deux fois en championnat la saison derni\u00e8re (le 13\u00a0septembre 2024\u00a0: Nice 24 &#8211; 39 SA XV et le 4\u00a0avril dernier\u00a0: SA XV 45 &#8211; 14 Nice), le grand bal des joueurs a anim\u00e9 l\u2019\u00e9t\u00e9 sur la C\u00f4te d\u2019Azur.<\/p>\n<p>Le d\u00e9but d\u2019un nouveau cycle, donc, pour le club dor\u00e9navant dirig\u00e9 par Jean-Baptiste Aldig\u00e9, ancien patron du Biarritz Olympique.<\/p>\n<blockquote><p>\u201cIls ont la possibilit\u00e9 vendredi d\u2019avoir 40 minutes dans les jambes pour s\u2019exprimer.\u201d<\/p><\/blockquote>\n<p>Dans cette grande chor\u00e9graphie, 39 joueurs sont partis et 23 sont arriv\u00e9s dont deux anciens Violets\u00a0: le talonneur Rayne Barka et le demi d\u2019ouverture Massimo Ortolan (joker m\u00e9dical la saison derni\u00e8re au SA XV). Les Sudistes se sont aussi renforc\u00e9s en accueillant, entre autres, Thompson-Stringer (pilier, Aix), Lafea (talonneur, Vannes), Tyrell (2e ligne, Aix), Motoc (2e ligne, Biarritz), Van der Merwe (2e ligne, Vannes), Rouet (demi de m\u00eal\u00e9e, Bayonne) ou Septar (centre, Aix).<\/p>\n<p>\u00ab\u00a0C\u2019est une \u00e9quipe compl\u00e8tement diff\u00e9rente par rapport \u00e0 celle qu\u2019on a jou\u00e9e l\u2019an dernier. Le staff a chang\u00e9 aussi. Pour eux, c\u2019est une nouvelle aventure, \u00e7a va \u00eatre aussi la premi\u00e8re fois qu\u2019ils vont se retrouver ensemble en match\u00a0\u00bb, posait Alexandre Ruiz, le manager charentais, joint jeudi en d\u00e9but de matin\u00e9e.<\/p>\n<p>Quatorze espoirs sur le pont<\/p>\n<p>Avant la r\u00e9ception de l\u2019UBB le 22 ao\u00fbt, cette rencontre est l\u2019occasion parfaite de donner du temps de jeu \u00e0 un maximum de joueurs du SA XV, dont 14 espoirs. Jeunes et anciens seront m\u00e9lang\u00e9s en deux \u00e9quipes, une par mi-temps. \u00ab\u00a0On veut valider le travail de cette semaine de boulot du point de vue de la d\u00e9fense, la conqu\u00eate, le jeu au pied. Et ensuite, \u00eatre pr\u00e9cis sur les lancements qu\u2019on a commenc\u00e9 \u00e0 avoir il y a une dizaine de jours. L\u2019id\u00e9e est d\u2019asseoir le socle du projet sur l\u2019\u00e9tat d\u2019esprit, la r\u00e9silience\u00a0\u00bb, annon\u00e7ait l\u2019entra\u00eeneur. \u00ab\u00a0Je vais m\u2019attacher au contenu. J\u2019ai 14 jeunes sur un terrain. Dans notre projet, on veut voir des mecs avec un \u00e9tat d\u2019esprit de conqu\u00e9rants, c\u2019est ce qui me pr\u00e9occupe le plus.\u00a0\u00bb<\/p>\n<p>Les 14 \u00e9lus de la \u00ab\u00a0blast academy\u00a0\u00bb seront particuli\u00e8rement scrut\u00e9s. \u00ab\u00a0S\u2019ils veulent esp\u00e9rer entrer dans une rotation, ils ont la possibilit\u00e9 vendredi d\u2019avoir 40 minutes dans les jambes pour s\u2019exprimer. Et c\u2019est le plus int\u00e9ressant pour moi. J\u2019annoncerai apr\u00e8s le match le groupe qui reviendra lundi.\u00a0\u00bb Les autres reprendront la direction du centre de formation.<\/p>\n<p>Rando de 16 km, muscu et coh\u00e9sion<\/p>\n<p>Exit Bugeat en 2024, cette ann\u00e9e les Violets ont pos\u00e9 leurs valises \u00e0 Saint-Lary depuis le d\u00e9but de la semaine. L\u2019occasion de poursuivre la pr\u00e9paration sportive estivale tout en travaillant la coh\u00e9sion d\u2019\u00e9quipe. \u00c0 base de sentiers p\u00e9destres, de terrains de rugby, de muscu, de parties de p\u00e9tanque ou de carte.<\/p>\n<p>Mardi, une dr\u00f4le de procession de sportifs a \u00e9t\u00e9 aper\u00e7ue entre Piau Engaly et le Pic des Aguilous. Les marmottes du coin ont d\u00fb se frotter les yeux plusieurs fois avant de se rendre compte qu\u2019il s\u2019agissait des joueurs et du staff du SA XV.<\/p>\n<blockquote><p>\u201cOn veut valider le travail de cette semaine de boulot du point de vue de la d\u00e9fense, la conqu\u00eate, le jeu au pied.\u201d<\/p><\/blockquote>\n<p>\u00ab\u00a0Il fait chaud\u00a0! Mais tout se passe tr\u00e8s bien, l\u2019\u00e9tat d\u2019esprit est top. Tout le monde bosse dur. Mardi, on a fait cette randonn\u00e9e de 16\u00a0km avec 1\u00a0300\u00a0m de d\u00e9nivel\u00e9 et le lendemain, certains avaient encore des s\u00e9quelles dans les jambes. On a commenc\u00e9 \u00e0 8h30 et le dernier groupe est arriv\u00e9 \u00e0 15h\u00a0\u00bb, d\u00e9briefait Alexandre Ruiz qui, en fin de parcours, n\u2019avait \u00ab\u00a0plus rien dans le gilet\u00a0\u00bb.<\/p>\n<p>\u00ab\u00a0Les mecs passent du temps ensemble, c\u2019est aussi le but de ce stage\u00a0\u00bb, poursuivait le technicien dont certains \u00e9l\u00e9ments n\u2019\u00e9taient pas du voyage comme Peter Lydon, Richie Arnold, Jonny May, Motu Matu\u2019u\u2026 \u00ab\u00a0Il n\u2019y a pas forc\u00e9ment tous les outils pour bien r\u00e9cup\u00e9rer donc les joueurs qui ne pouvaient pas courir ne sont pas venus\u00a0\u00bb, continuait celui dont les joueurs se sont m\u00e9lang\u00e9s, mercredi, \u00e0 ceux du Stado Tarbes (Nationale) pour un entra\u00eenement commun.<\/p>\n<p>Une op\u00e9ration qui sera r\u00e9\u00e9dit\u00e9e mercredi. Mais cette fois-ci \u00e0 la maison, contre les voisins niortais (Nationale).<\/p>\n<p>SA XV &#8211; Nice<\/p>\n<p>SA XV. 1re mi-temps : Dubecq ; Tumba, Farissier, Tilsley, Nuisalelekitoga ; (o) Botica, (m) Escoffre ; Burgaud, Nollet, Decubber ; E. Morand-Bruyat, Erenavula ; Balakarev, Bidart, Dahir.<\/p>\n<p>2e mi-temps : Darrelatour ; Gratien, Barrett, Bainibure, Lafon ou Proult ; (o) Berg\u00e8s ou Bernadet, (m) Levron ; Mitu, Kurucake, Texier ; Nabou, Tainmont ; Tailhades, Augry, Diakit\u00e9. <\/p>\n<p>SAINT-LARY (stade Pierre-Bacqu\u00e9). Ce vendredi, 17h.<\/p>\n<p>    Deux pointures en visite<br \/>\nLe stage \u00e0 Saint-Lary a aussi \u00e9t\u00e9 l\u2019occasion pour les joueurs et le staff du SA XV d\u2019avoir de la visite. Jeudi, dans la journ\u00e9e, ils ont \u00e9t\u00e9 rejoints par Romain Poite, ancien arbitre international fran\u00e7ais et d\u00e9sormais \u00e0 la t\u00eate de la cellule technique de l\u2019arbitrage professionnel FFR. \u00ab\u00a0Il a pass\u00e9 la journ\u00e9e avec nous. Il a rencontr\u00e9 le staff puis les leaders pour \u00e9changer autour des nouvelles directives. Les joueurs ont des questions \u00e0 lui poser \u00e0 ce sujet\u00a0\u00bb, annon\u00e7ait Alexandre Ruiz.<br \/>\u00ab\u00a0Avec le club, on a aussi r\u00e9ussi \u00e0 entamer une collaboration avec Christian Ramos, un pr\u00e9parateur mental reconnu dans le rugby fran\u00e7ais. Il fait partie de la commission de pr\u00e9pa mentale \u00e0 la FFR. Il va collaborer avec nous, en pr\u00e9sentiel, deux jours par mois pour suivre tous les joueurs et le staff\u00a0\u00bb, poursuivait le manager charentais.<\/p>\n","protected":false},"excerpt":{"rendered":"Vendredi, 17h. Rendez-vous est pris bien loin de Chanzy. Apr\u00e8s un mois de pr\u00e9paration, un premier test au&hellip;\n","protected":false},"author":2,"featured_media":303827,"comment_status":"","ping_status":"","sticky":false,"template":"","format":"standard","meta":{"footnotes":""},"categories":[1416],"tags":[1011,27,479,1468,60],"class_list":{"0":"post-303826","1":"post","2":"type-post","3":"status-publish","4":"format-standard","5":"has-post-thumbnail","7":"category-rugby","8":"tag-fr","9":"tag-france","10":"tag-rugby","11":"tag-rugby-football","12":"tag-sports"},"share_on_mastodon":{"url":"https:\/\/pubeurope.com\/@fr\/114990077918170904","error":""},"_links":{"self":[{"href":"https:\/\/www.europesays.com\/fr\/wp-json\/wp\/v2\/posts\/303826","targetHints":{"allow":["GET"]}}],"collection":[{"href":"https:\/\/www.europesays.com\/fr\/wp-json\/wp\/v2\/posts"}],"about":[{"href":"https:\/\/www.europesays.com\/fr\/wp-json\/wp\/v2\/types\/post"}],"author":[{"embeddable":true,"href":"https:\/\/www.europesays.com\/fr\/wp-json\/wp\/v2\/users\/2"}],"replies":[{"embeddable":true,"href":"https:\/\/www.europesays.com\/fr\/wp-json\/wp\/v2\/comments?post=303826"}],"version-history":[{"count":0,"href":"https:\/\/www.europesays.com\/fr\/wp-json\/wp\/v2\/posts\/303826\/revisions"}],"wp:featuredmedia":[{"embeddable":true,"href":"https:\/\/www.europesays.com\/fr\/wp-json\/wp\/v2\/media\/303827"}],"wp:attachment":[{"href":"https:\/\/www.europesays.com\/fr\/wp-json\/wp\/v2\/media?parent=303826"}],"wp:term":[{"taxonomy":"category","embeddable":true,"href":"https:\/\/www.europesays.com\/fr\/wp-json\/wp\/v2\/categories?post=303826"},{"taxonomy":"post_tag","embeddable":true,"href":"https:\/\/www.europesays.com\/fr\/wp-json\/wp\/v2\/tags?post=303826"}],"curies":[{"name":"wp","href":"https:\/\/api.w.org\/{rel}","templated":true}]}}