{"id":303830,"date":"2025-08-07T23:29:34","date_gmt":"2025-08-07T23:29:34","guid":{"rendered":"https:\/\/www.europesays.com\/fr\/303830\/"},"modified":"2025-08-07T23:29:34","modified_gmt":"2025-08-07T23:29:34","slug":"un-clash-avec-le-president-de-la-ffbb-aurait-sauve-les-bleus","status":"publish","type":"post","link":"https:\/\/www.europesays.com\/fr\/303830\/","title":{"rendered":"Un clash avec le pr\u00e9sident de la FFBB aurait sauv\u00e9 les Bleus"},"content":{"rendered":"<p>M\u00e9tamorphos\u00e9 entre la phase de poules et la phase \u00e9liminatoire, l\u2019Equipe de France devrait en partie ce changement \u00e0 un clash avec le pr\u00e9sident de la FFBB, Jean-Pierre Siutat.<\/p>\n<p>D\u2019apr\u00e8s <a href=\"https:\/\/rmcsport.bfmtv.com\/jeux-olympiques\/jo-2024-basket-moi-j-ai-honte-de-toi-ce-clash-entre-un-joueur-et-le-president-de-la-federation-qui-a-fait-basculer-le-tournoi-des-bleus_AV-202408110349.html\" target=\"_blank\" rel=\"noopener nofollow\" title=\"\">RMC Sport<\/a>, <strong>Jean-Pierre Siutat<\/strong> aurait rendu visite aux Bleus le lendemain de leur d\u00e9faite face \u00e0 l\u2019Allemagne apr\u00e8s avoir vu son \u00e9quipe se faire siffler \u00e0 la mi-temps de ce fameux match qui a marqu\u00e9 les esprits. <\/p>\n<p>\u201cIl (le pr\u00e9sident de la FFBB) est arriv\u00e9 avec des mots un peu durs, du style \u201cj\u2019ai eu honte\u201d. Et l\u00e0, il y a un gar\u00e7on \u2013 je ne vais pas dire son nom \u2013 qui lui a r\u00e9pondu \u201cah ouais, t\u2019as eu honte? Moi j\u2019ai honte de toi, de t\u2019avoir comme pr\u00e9sident\u201d. Et l\u00e0 o\u00f9 il y a eu un d\u00e9clic, c\u2019est que ce gar\u00e7on s\u2019est lev\u00e9, a quitt\u00e9 la pi\u00e8ce, et les onze autres joueurs se sont lev\u00e9s et ont quitt\u00e9 la pi\u00e8ce avec lui\u201c, raconte Stephen Brun.<\/p>\n<p><strong>Cr\u00e9dit photo : Lenoir\/The Agency\/FFBB<\/strong><\/p>\n","protected":false},"excerpt":{"rendered":"M\u00e9tamorphos\u00e9 entre la phase de poules et la phase \u00e9liminatoire, l\u2019Equipe de France devrait en partie ce changement&hellip;\n","protected":false},"author":2,"featured_media":303831,"comment_status":"","ping_status":"","sticky":false,"template":"","format":"standard","meta":{"footnotes":""},"categories":[1414],"tags":[1465,1464,1011,27,60],"class_list":{"0":"post-303830","1":"post","2":"type-post","3":"status-publish","4":"format-standard","5":"has-post-thumbnail","7":"category-basket","8":"tag-basket","9":"tag-basketball","10":"tag-fr","11":"tag-france","12":"tag-sports"},"share_on_mastodon":{"url":"https:\/\/pubeurope.com\/@fr\/114990085939292131","error":""},"_links":{"self":[{"href":"https:\/\/www.europesays.com\/fr\/wp-json\/wp\/v2\/posts\/303830","targetHints":{"allow":["GET"]}}],"collection":[{"href":"https:\/\/www.europesays.com\/fr\/wp-json\/wp\/v2\/posts"}],"about":[{"href":"https:\/\/www.europesays.com\/fr\/wp-json\/wp\/v2\/types\/post"}],"author":[{"embeddable":true,"href":"https:\/\/www.europesays.com\/fr\/wp-json\/wp\/v2\/users\/2"}],"replies":[{"embeddable":true,"href":"https:\/\/www.europesays.com\/fr\/wp-json\/wp\/v2\/comments?post=303830"}],"version-history":[{"count":0,"href":"https:\/\/www.europesays.com\/fr\/wp-json\/wp\/v2\/posts\/303830\/revisions"}],"wp:featuredmedia":[{"embeddable":true,"href":"https:\/\/www.europesays.com\/fr\/wp-json\/wp\/v2\/media\/303831"}],"wp:attachment":[{"href":"https:\/\/www.europesays.com\/fr\/wp-json\/wp\/v2\/media?parent=303830"}],"wp:term":[{"taxonomy":"category","embeddable":true,"href":"https:\/\/www.europesays.com\/fr\/wp-json\/wp\/v2\/categories?post=303830"},{"taxonomy":"post_tag","embeddable":true,"href":"https:\/\/www.europesays.com\/fr\/wp-json\/wp\/v2\/tags?post=303830"}],"curies":[{"name":"wp","href":"https:\/\/api.w.org\/{rel}","templated":true}]}}