{"id":303834,"date":"2025-08-07T23:31:13","date_gmt":"2025-08-07T23:31:13","guid":{"rendered":"https:\/\/www.europesays.com\/fr\/303834\/"},"modified":"2025-08-07T23:31:13","modified_gmt":"2025-08-07T23:31:13","slug":"le-film-f1-dapple-booste-les-revenus-de-la-formule-1","status":"publish","type":"post","link":"https:\/\/www.europesays.com\/fr\/303834\/","title":{"rendered":"Le film F1 d&rsquo;Apple booste les revenus de la Formule 1"},"content":{"rendered":"<p><img class=\"lazy\" decoding=\"async\" src=\"https:\/\/www.europesays.com\/fr\/wp-content\/uploads\/2025\/08\/film-apple-booste-revenus-formule.jpg\" style=\"max-width:100%;\" title=\"Le film F1 dApple booste les revenus de la Formule 1\" alt=\"film apple booste revenus formule Le film F1 dApple booste les revenus de la Formule 1\"\/><\/p>\n<p>Le film F1 d\u2019Apple ne fait pas qu\u2019\u00e9blouir les spectateurs ; il contribue \u00e9galement de mani\u00e8re significative \u00e0 la hausse des revenus du groupe Formula One. Selon <a href=\"https:\/\/www.hollywoodreporter.com\/business\/business-news\/formula-one-group-revenue-boost-f1-movie-1236339485\/\" rel=\"nofollow noopener\" target=\"_blank\">The Hollywood Reporter<\/a>, Liberty Media, propri\u00e9taire du groupe, a pu observer une augmentation ponctuelle de ses revenus suite \u00e0 la sortie du film fin juin. Ce succ\u00e8s a contribu\u00e9 \u00e0 une hausse de 40 % des revenus annuels, atteignant ainsi 1 milliard de dollars.<\/p>\n<p>Les dirigeants ont estim\u00e9 que l\u2019impact du film repr\u00e9sentait \u00ab un chiffre \u00e0 deux chiffres moyen pour le trimestre \u00bb, avec d\u2019autres facteurs tels que la croissance continue des abonnements \u00e0 la F1 TV et un calendrier favorisant la reconnaissance de revenus saisonniers sur le deuxi\u00e8me trimestre.<\/p>\n<p>Ayant g\u00e9n\u00e9r\u00e9 plus de 500 millions de dollars dans le monde <a href=\"https:\/\/9to5mac.com\/2025\/07\/27\/apple-f1-movie-global-box-office-five-hundred-million\/\" rel=\"nofollow noopener\" target=\"_blank\">jusqu\u2019\u00e0 pr\u00e9sent<\/a>, le film F1 d\u2019Apple a \u00e9t\u00e9 \u00e9voqu\u00e9 lors du dernier appel de r\u00e9sultats de Liberty Media. Stefano Domenicali a d\u00e9clar\u00e9 : \u00ab L\u2019effet du film ne s\u2019arr\u00eate pas seulement aux dollars et aux contributions \u00e9conomiques, mais le sport devrait conna\u00eetre une opportunit\u00e9 incroyable de d\u00e9velopper sa visibilit\u00e9. \u00bb<\/p>\n<p>Avant l\u2019existence de ce film, le documentaire \u00ab\u00a0Drive to Survive\u00a0\u00bb sur Netflix avait d\u00e9j\u00e0 raviv\u00e9 l\u2019int\u00e9r\u00eat pour ce sport. Apple pourrait \u00e9galement multiplier l\u2019int\u00e9r\u00eat en discutant pour l\u2019acquisition des droits de diffusion en streaming aux \u00c9tats-Unis <a href=\"https:\/\/9to5mac.com\/2025\/07\/11\/report-apple-set-to-land-us-f1-streaming-rights-in-150-million-deal\/\" rel=\"nofollow noopener\" target=\"_blank\">pour la Formule 1<\/a>.<\/p>\n<p>On ne sait pas encore quand le film F1 arrivera sur Apple TV+, mais il est en cours de rediffusion dans les salles IMAX, les billets \u00e9tant d\u00e9j\u00e0 en vente <a href=\"https:\/\/9to5mac.com\/2025\/08\/06\/apples-f1-movie-gets-imax-re-release-with-tickets-now-on-sale\/?extended-comments=1\" rel=\"nofollow noopener\" target=\"_blank\">ici<\/a>.<\/p>\n","protected":false},"excerpt":{"rendered":"Le film F1 d\u2019Apple ne fait pas qu\u2019\u00e9blouir les spectateurs ; il contribue \u00e9galement de mani\u00e8re significative \u00e0&hellip;\n","protected":false},"author":2,"featured_media":303835,"comment_status":"","ping_status":"","sticky":false,"template":"","format":"standard","meta":{"footnotes":""},"categories":[1412],"tags":[1451,1452,1453,1454,1455,1011,27,60],"class_list":{"0":"post-303834","1":"post","2":"type-post","3":"status-publish","4":"format-standard","5":"has-post-thumbnail","7":"category-f1","8":"tag-f1","9":"tag-formula-1","10":"tag-formula1","11":"tag-formule-1","12":"tag-formule1","13":"tag-fr","14":"tag-france","15":"tag-sports"},"share_on_mastodon":{"url":"https:\/\/pubeurope.com\/@fr\/114990093734105401","error":""},"_links":{"self":[{"href":"https:\/\/www.europesays.com\/fr\/wp-json\/wp\/v2\/posts\/303834","targetHints":{"allow":["GET"]}}],"collection":[{"href":"https:\/\/www.europesays.com\/fr\/wp-json\/wp\/v2\/posts"}],"about":[{"href":"https:\/\/www.europesays.com\/fr\/wp-json\/wp\/v2\/types\/post"}],"author":[{"embeddable":true,"href":"https:\/\/www.europesays.com\/fr\/wp-json\/wp\/v2\/users\/2"}],"replies":[{"embeddable":true,"href":"https:\/\/www.europesays.com\/fr\/wp-json\/wp\/v2\/comments?post=303834"}],"version-history":[{"count":0,"href":"https:\/\/www.europesays.com\/fr\/wp-json\/wp\/v2\/posts\/303834\/revisions"}],"wp:featuredmedia":[{"embeddable":true,"href":"https:\/\/www.europesays.com\/fr\/wp-json\/wp\/v2\/media\/303835"}],"wp:attachment":[{"href":"https:\/\/www.europesays.com\/fr\/wp-json\/wp\/v2\/media?parent=303834"}],"wp:term":[{"taxonomy":"category","embeddable":true,"href":"https:\/\/www.europesays.com\/fr\/wp-json\/wp\/v2\/categories?post=303834"},{"taxonomy":"post_tag","embeddable":true,"href":"https:\/\/www.europesays.com\/fr\/wp-json\/wp\/v2\/tags?post=303834"}],"curies":[{"name":"wp","href":"https:\/\/api.w.org\/{rel}","templated":true}]}}