{"id":30384,"date":"2025-04-17T00:47:45","date_gmt":"2025-04-17T00:47:45","guid":{"rendered":"https:\/\/www.europesays.com\/fr\/30384\/"},"modified":"2025-04-17T00:47:45","modified_gmt":"2025-04-17T00:47:45","slug":"au-coeur-de-la-krutenau-voyage-dans-une-galerie-dart-coloree-aux-1000-talents","status":"publish","type":"post","link":"https:\/\/www.europesays.com\/fr\/30384\/","title":{"rendered":"au coeur de la Krutenau, voyage dans une galerie d\u2019art color\u00e9e aux 1000 talents"},"content":{"rendered":"<p><strong>Peut-\u00eatre \u00eates-vous d\u00e9j\u00e0 pass\u00e9(e)s devant, en vous baladant entre la place d\u2019Austerlitz et la place de Zurich, \u00e0 Strasbourg. Wyrd, c\u2019est un rep\u00e8re d\u2019artistes mais aussi un lieu de partage et de convivialit\u00e9. Expositions, ateliers, cr\u00e9ations : on vous dit tout sur ce lieu qui vibre.<\/strong><\/p>\n<p>Si cette p\u00e9pite existe, c\u2019est gr\u00e2ce \u00e0 <strong>Lidwine Lavergne et Claudia Dapino<\/strong>, qui r\u00eavaient toutes deux <strong>d\u2019un espace-boutique dans lequel elles puissent travailler, mais aussi vendre et vivre de leur art. <\/strong><\/p>\n<p>Un pari culott\u00e9 mais qui porte ses fruits : aujourd\u2019hui, c\u2019est Lidwine seule qui tient les murs, malgr\u00e9 des d\u00e9buts un peu chaotiques et covid\u00e9s. \u00ab\u00a0On a ouvert en mars 2021\u2026 Pile-poil pendant le Covid. <strong>On a d\u00e9marr\u00e9 avec une expo virtuelle, avant de pouvoir inaugurer le lieu comme il se doit !<\/strong>\u00a0\u00bb<\/p>\n<p>                <img width=\"875\" height=\"500\" src=\"https:\/\/www.europesays.com\/fr\/wp-content\/uploads\/2025\/04\/1a-875x500.png\" class=\"attachment-gallery size-gallery\" alt=\"wyrd\" data-full-url=\"https:\/\/pokaa.fr\/wp-content\/uploads\/2025\/04\/15\/1a-1500x857.png\" decoding=\"async\" loading=\"lazy\"  \/>            <\/p>\n<p>                <img width=\"750\" height=\"500\" src=\"https:\/\/www.europesays.com\/fr\/wp-content\/uploads\/2025\/04\/galerie-wyrd-63-750x500.jpg\" class=\"attachment-gallery size-gallery\" alt=\"Galerie Wyrd (63)\" data-full-url=\"https:\/\/pokaa.fr\/wp-content\/uploads\/2025\/04\/01\/galerie-wyrd-63.jpg\" decoding=\"async\" loading=\"lazy\"  \/>            <\/p>\n<p>                    1. \u00a9 Google maps \/ Capture d&rsquo;\u00e9cran ; 2. Lidwine. \u00a9 Marie Goehner-David \/ Pokaa<\/p>\n<p>                <img width=\"750\" height=\"500\" src=\"https:\/\/www.europesays.com\/fr\/wp-content\/uploads\/2025\/04\/galerie-wyrd-52-750x500.jpg\" class=\"attachment-gallery size-gallery\" alt=\"Galerie Wyrd (52)\" data-full-url=\"https:\/\/pokaa.fr\/wp-content\/uploads\/2025\/04\/01\/galerie-wyrd-52.jpg\" decoding=\"async\" loading=\"lazy\"  \/>            <\/p>\n<p>                <img width=\"750\" height=\"500\" src=\"https:\/\/www.europesays.com\/fr\/wp-content\/uploads\/2025\/04\/galerie-wyrd-9-750x500.jpg\" class=\"attachment-gallery size-gallery\" alt=\"Galerie Wyrd (9)\" data-full-url=\"https:\/\/pokaa.fr\/wp-content\/uploads\/2025\/04\/01\/galerie-wyrd-9.jpg\" decoding=\"async\" loading=\"lazy\"  \/>            <\/p>\n<p>                <img width=\"749\" height=\"500\" src=\"https:\/\/www.europesays.com\/fr\/wp-content\/uploads\/2025\/04\/galerie-wyrd-59-749x500.jpg\" class=\"attachment-gallery size-gallery\" alt=\"Galerie Wyrd (59)\" data-full-url=\"https:\/\/pokaa.fr\/wp-content\/uploads\/2025\/04\/01\/galerie-wyrd-59.jpg\" decoding=\"async\" loading=\"lazy\"  \/>            <\/p>\n<p>                    \u00a9 Marie Goehner-David \/ Pokaa<\/p>\n<p>Lieu de cr\u00e9ation, lieu de rencontre <\/p>\n<p>Le principe de Wyrd ? Plusieurs fois par an, <strong>des expositions sont organis\u00e9es autour de th\u00e8mes diff\u00e9rents.<\/strong> Et l\u2019objectif n\u2019est pas juste de mettre des jolies choses sur les murs, mais aussi de proposer <strong>des ateliers ou animations, pour favoriser l\u2019\u00e9change et les rencontres. <\/strong><\/p>\n<p>\u00ab\u00a0Pour l\u2019exposition sur le th\u00e8me \u00e9sot\u00e9rique, une cartomancienne est venue. D\u2019autres fois, on a organis\u00e9 des performances de drag queens ou de body painting. <strong>On essaie de faire dialoguer la sph\u00e8re cr\u00e9ative locale<\/strong> (et pas que\u00a0!) en \u00e9tant une galerie \u00e0 la fois ouverte et accessible.\u00a0\u00bb Accessible, car on y trouve des cr\u00e9ations pour tous les go\u00fbts.<\/p>\n<p>    <img width=\"800\" height=\"533\" src=\"https:\/\/www.europesays.com\/fr\/wp-content\/uploads\/2025\/04\/galerie-wyrd-lidwine-lavergne-29-800x533.jpg\" class=\"attachment-image-size-L size-image-size-L\" alt=\"Galerie Wyrd Lidwine Lavergne (29)\" decoding=\"async\" loading=\"lazy\"  \/>         Lidwine. \u00a9 Marie Goehner-David \/ Pokaa <\/p>\n<p><strong>Des \u0153uvres uniques, mais aussi des objets artisanaux faits avec amour pour les plus petits budgets.<\/strong> Tableaux, originaux sign\u00e9s, prints, porte-cl\u00e9s, cartes postales, pin\u2019s : il y en a pour chaque envie. <strong>Et le tout par des artistes accompli(e)s, ou d\u2019autres qui sortent tout juste de leurs \u00e9tudes. <\/strong><a href=\"https:\/\/www.instagram.com\/lidwinelavergne\/?hl=fr\" target=\"_blank\" rel=\"noopener\">Lidwine<\/a> nous explique\u00a0:<\/p>\n<p>\u00ab\u00a0\u00c0 la base, je viens du milieu associatif punk-rock. On retrouve les m\u00eames valeurs \u00e0 la Galerie Wyrd\u00a0: il y a de la place pour toutes et tous. <strong>On n\u2019est pas une galerie d\u2019art comme les autres, mais une galerie-boutique o\u00f9 tous les profils se rencontrent : un lieu hybride.<\/strong>\u00a0\u00bb Comme le titre de leur nouvelle exposition.<\/p>\n<p>                <img width=\"750\" height=\"500\" src=\"https:\/\/www.europesays.com\/fr\/wp-content\/uploads\/2025\/04\/galerie-wyrd-38-750x500.jpg\" class=\"attachment-gallery size-gallery\" alt=\"Galerie Wyrd (38)\" data-full-url=\"https:\/\/pokaa.fr\/wp-content\/uploads\/2025\/04\/01\/galerie-wyrd-38.jpg\" decoding=\"async\" loading=\"lazy\"  \/>            <\/p>\n<p>                <img width=\"750\" height=\"500\" src=\"https:\/\/www.europesays.com\/fr\/wp-content\/uploads\/2025\/04\/galerie-wyrd-1-750x500.jpg\" class=\"attachment-gallery size-gallery\" alt=\"Galerie Wyrd (1) Sosho studio\" data-full-url=\"https:\/\/pokaa.fr\/wp-content\/uploads\/2025\/04\/01\/galerie-wyrd-1.jpg\" decoding=\"async\" loading=\"lazy\"  \/>            <\/p>\n<p>                <img width=\"750\" height=\"500\" src=\"https:\/\/www.europesays.com\/fr\/wp-content\/uploads\/2025\/04\/galerie-wyrd-60-750x500.jpg\" class=\"attachment-gallery size-gallery\" alt=\"Galerie Wyrd (60)\" data-full-url=\"https:\/\/pokaa.fr\/wp-content\/uploads\/2025\/04\/01\/galerie-wyrd-60.jpg\" decoding=\"async\" loading=\"lazy\"  \/>            <\/p>\n<p>                <img width=\"750\" height=\"500\" src=\"https:\/\/www.europesays.com\/fr\/wp-content\/uploads\/2025\/04\/galerie-wyrd-57-750x500.jpg\" class=\"attachment-gallery size-gallery\" alt=\"Galerie Wyrd (57) Zalmo x Ninja Paillettes\" data-full-url=\"https:\/\/pokaa.fr\/wp-content\/uploads\/2025\/04\/01\/galerie-wyrd-57.jpg\" decoding=\"async\" loading=\"lazy\"  \/>            <\/p>\n<p>                    1. Evan Sky arts, 2. Sosho Studio, 3. L\u00e9a Coiffey, 4. Zalmo x Ninja Paillettes. \u00a9 Marie Goehner-David \/ Pokaa<\/p>\n<p>Wyrd, mode d\u2019emploi <\/p>\n<p>Le lieu accueille des <strong>artistes r\u00e9sident(e)s<\/strong>, qui cr\u00e9ent dans les locaux \u00e0 l\u2019ann\u00e9e. D\u2019autres sont <strong>gardien(ne)s<\/strong>, c\u2019est-\u00e0-dire qu\u2019ils\/elles exposent avec une commission r\u00e9duite en \u00e9change de quelques heures de travail pour accueillir les client(e)s, et enfin, les <strong>invit\u00e9(e)s<\/strong> exposent tandis que l\u2019\u00e9quipe organise l\u2019int\u00e9gralit\u00e9 de l\u2019accrochage, du vernissage, des ventes.<\/p>\n<p>Toutes les cr\u00e9ations sont \u00e9galement mises en <strong>vente en ligne<\/strong>, tandis que des <strong>ateliers<\/strong> prennent place presque chaque soir de la semaine\u00a0<strong>: couture, feutrine, illustration\/histoire de l\u2019art, c\u00e9ramique, gravure\u2026<\/strong> Dans des cours hebdomadaires ou ponctuels, c\u2019est l\u2019occasion de faire un tour en boutique, mais aussi <strong>de passer de l\u2019autre c\u00f4t\u00e9 de la barri\u00e8re.<\/strong> Cerise sur le g\u00e2teau, Wyrd reverse une partie des b\u00e9n\u00e9fices \u00e0 des associations. Lieu de cr\u00e9ation, d\u2019exposition, mais aussi lieu solidaire\u00a0!<\/p>\n<p>                <img width=\"750\" height=\"500\" src=\"https:\/\/www.europesays.com\/fr\/wp-content\/uploads\/2025\/04\/galerie-wyrd-14-750x500.jpg\" class=\"attachment-gallery size-gallery\" alt=\"Galerie Wyrd (14)\" data-full-url=\"https:\/\/pokaa.fr\/wp-content\/uploads\/2025\/04\/01\/galerie-wyrd-14.jpg\" decoding=\"async\" loading=\"lazy\"  \/>            <\/p>\n<p>                <img width=\"750\" height=\"500\" src=\"https:\/\/www.europesays.com\/fr\/wp-content\/uploads\/2025\/04\/galerie-wyrd-13-750x500.jpg\" class=\"attachment-gallery size-gallery\" alt=\"Galerie Wyrd (13)\" data-full-url=\"https:\/\/pokaa.fr\/wp-content\/uploads\/2025\/04\/01\/galerie-wyrd-13.jpg\" decoding=\"async\" loading=\"lazy\"  \/>            <\/p>\n<p>                <img width=\"750\" height=\"500\" src=\"https:\/\/www.europesays.com\/fr\/wp-content\/uploads\/2025\/04\/galerie-wyrd-5-750x500.jpg\" class=\"attachment-gallery size-gallery\" alt=\"Galerie Wyrd (5)\" data-full-url=\"https:\/\/pokaa.fr\/wp-content\/uploads\/2025\/04\/01\/galerie-wyrd-5.jpg\" decoding=\"async\" loading=\"lazy\"  \/>            <\/p>\n<p>                <img width=\"750\" height=\"500\" src=\"https:\/\/www.europesays.com\/fr\/wp-content\/uploads\/2025\/04\/galerie-wyrd-2-750x500.jpg\" class=\"attachment-gallery size-gallery\" alt=\"Galerie Wyrd (2)\" data-full-url=\"https:\/\/pokaa.fr\/wp-content\/uploads\/2025\/04\/01\/galerie-wyrd-2.jpg\" decoding=\"async\" loading=\"lazy\"  \/>            <\/p>\n<p>                <img width=\"750\" height=\"500\" src=\"https:\/\/www.europesays.com\/fr\/wp-content\/uploads\/2025\/04\/galerie-wyrd-lidwine-lavergne4-750x500.jpg\" class=\"attachment-gallery size-gallery\" alt=\"Galerie Wyrd Lidwine Lavergne(4)\" data-full-url=\"https:\/\/pokaa.fr\/wp-content\/uploads\/2025\/04\/01\/galerie-wyrd-lidwine-lavergne4.jpg\" decoding=\"async\" loading=\"lazy\"  \/>            <\/p>\n<p>                    \u00a9 Marie Goehner-David \/ Pokaa<\/p>\n<p><a href=\"https:\/\/www.instagram.com\/zalmopage\/\" target=\"_blank\" rel=\"noopener\"><strong>ZalmO<\/strong><\/a>, illustratrice et artiste r\u00e9sidente depuis 2021, nous raconte son aventure aux c\u00f4t\u00e9s de Lidwine : \u00ab Je me suis lanc\u00e9e il y a trois ans pour vivre de ma passion. Je pratique \u00e0 la fois l\u2019illustration et le texte, et travailler ici m\u2019apporte beaucoup. <strong>Entre artistes r\u00e9sident(e)s, il y a un grand respect du travail, mais aussi beaucoup d\u2019\u00e9mulation ou de moments rigolos, qui se m\u00ealent \u00e0 la vie du quartier.<\/strong>\u00a0\u00bb<\/p>\n<p>    <img width=\"800\" height=\"533\" src=\"https:\/\/www.europesays.com\/fr\/wp-content\/uploads\/2025\/04\/galerie-wyrd-zalmo-31-800x533.jpg\" class=\"attachment-image-size-L size-image-size-L\" alt=\"Galerie Wyrd Zalmo (31)\" decoding=\"async\" loading=\"lazy\"  \/>         ZalmO. \u00a9 Marie Goehner-David <\/p>\n<p>Jusqu\u2019au 31 mai : \u00e0 la d\u00e9couverte de l\u2019exposition \u00ab Hybrides \u00bb<\/p>\n<p>On a d\u2019ailleurs mis les pieds chez Wyrd en d\u00e9couvrant <strong>l\u2019exposition p\u00e9pite en cours, Hybrides.<\/strong> Lidwine nous en dit un peu plus sur le cheminement de l\u2019\u00e9v\u00e9nement : \u00ab\u00a0L\u2019hybridit\u00e9, c\u2019est dans l\u2019usage de diff\u00e9rentes techniques, mais aussi autour de la fusion de diff\u00e9rents domaines, les \u0153uvres \u00e0 deux mains, les chim\u00e8res, les mutant(e)s\u2026\u00a0\u00bb<\/p>\n<p>                <img width=\"750\" height=\"500\" src=\"https:\/\/www.europesays.com\/fr\/wp-content\/uploads\/2025\/04\/galerie-wyrd-48-750x500.jpg\" class=\"attachment-gallery size-gallery\" alt=\"Galerie Wyrd (48) Collectif Etincelle \u2013 Maison soliflore \u2013 Elouan Guillou &amp; Adelle Zanotti\" data-full-url=\"https:\/\/pokaa.fr\/wp-content\/uploads\/2025\/04\/01\/galerie-wyrd-48.jpg\" decoding=\"async\" loading=\"lazy\"  \/>            <\/p>\n<p>                <img width=\"750\" height=\"500\" src=\"https:\/\/www.europesays.com\/fr\/wp-content\/uploads\/2025\/04\/galerie-wyrd-49-750x500.jpg\" class=\"attachment-gallery size-gallery\" alt=\"Galerie Wyrd (49) Zalmo et Theof le Chien\" data-full-url=\"https:\/\/pokaa.fr\/wp-content\/uploads\/2025\/04\/01\/galerie-wyrd-49.jpg\" decoding=\"async\" loading=\"lazy\"  \/>            <\/p>\n<p>                <img width=\"750\" height=\"500\" src=\"https:\/\/www.europesays.com\/fr\/wp-content\/uploads\/2025\/04\/galerie-wyrd-43-750x500.jpg\" class=\"attachment-gallery size-gallery\" alt=\"Galerie Wyrd (43) Atelier Tara C.\" data-full-url=\"https:\/\/pokaa.fr\/wp-content\/uploads\/2025\/04\/01\/galerie-wyrd-43.jpg\" decoding=\"async\" loading=\"lazy\"  \/>            <\/p>\n<p>                <img width=\"750\" height=\"500\" src=\"https:\/\/www.europesays.com\/fr\/wp-content\/uploads\/2025\/04\/galerie-wyrd-44-750x500.jpg\" class=\"attachment-gallery size-gallery\" alt=\"Galerie Wyrd (44) Collectif \u00e9tincelle\" data-full-url=\"https:\/\/pokaa.fr\/wp-content\/uploads\/2025\/04\/01\/galerie-wyrd-44.jpg\" decoding=\"async\" loading=\"lazy\"  \/>            <\/p>\n<p>                <img width=\"750\" height=\"500\" src=\"https:\/\/www.europesays.com\/fr\/wp-content\/uploads\/2025\/04\/galerie-wyrd-67-750x500.jpg\" class=\"attachment-gallery size-gallery\" alt=\"Galerie Wyrd (67)\" data-full-url=\"https:\/\/pokaa.fr\/wp-content\/uploads\/2025\/04\/01\/galerie-wyrd-67.jpg\" decoding=\"async\" loading=\"lazy\"  \/>            <\/p>\n<p>                    1. Collectif Etincelle \u2013 Elouan Guillou X Adelle Zanotti, 2. ZalmO X Th\u00e9of le Chien, 3. Atelier Tara C, 4. Collectif \u00e9tincelle, 5. Carmel Keane. \u00a9 Marie Goehner-David \/ Pokaa<\/p>\n<p>    <img width=\"800\" height=\"533\" src=\"https:\/\/www.europesays.com\/fr\/wp-content\/uploads\/2025\/04\/galerie-wyrd-51-800x533.jpg\" class=\"attachment-image-size-L size-image-size-L\" alt=\"Galerie Wyrd (51) Ninja Paillettes\" decoding=\"async\" loading=\"lazy\"  \/>         Ninja Paillettes. \u00a9 Marie Goehner-David \/ Pokaa <\/p>\n<p>Th\u00e8me vaste qui n\u2019a pas manqu\u00e9 d\u2019inspirer <a href=\"https:\/\/carmelskeane.wixsite.com\/monsite\" target=\"_blank\" rel=\"noopener\"><strong>Carmel<\/strong><\/a>, venue tout droit d\u2019Irlande pour poursuivre ses \u00e9tudes \u00e0 Strasbourg. <strong>\u00ab\u00a0<\/strong>J\u2019expose ma s\u00e9rie \u00ab\u00a0Moonchild\u00a0\u00bb, qui m\u00eale photos et radiographies. J\u2019ai aussi des prints en vente : ce que j\u2019aime dans le fonctionnement de la galerie, c\u2019est <strong>qu\u2019en tant qu\u2019artiste \u00e9mergente, j\u2019ai pu cr\u00e9er un projet et le soumettre. Cela me permet aussi d\u2019avoir une premi\u00e8re exp\u00e9rience en galerie, qui m\u2019ouvrira d\u2019autres portes !<\/strong><strong>\u00a0<\/strong>\u00bb<\/p>\n<p>Pour d\u00e9couvrir les travaux de ZalmO, Carmel et bien d\u2019autres, vous avez jusqu\u2019au 31 mai. <strong>Et si vous voulez participer \u00e0 l\u2019aventure, toutes les infos sont <a href=\"https:\/\/galerie-wyrd.com\/\" target=\"_blank\" rel=\"noopener\">par ici<\/a>. <\/strong>Alors, vous venez passer une t\u00eate\u00a0?<\/p>\n<p>    <img width=\"800\" height=\"533\" src=\"https:\/\/www.europesays.com\/fr\/wp-content\/uploads\/2025\/04\/galerie-wyrd-carmel-keane-36-800x533.jpg\" class=\"attachment-image-size-L size-image-size-L\" alt=\"Galerie Wyrd Carmel Keane (36)\" decoding=\"async\" loading=\"lazy\"  \/>         \u00a9 Marie Goehner-David \/ Pokaa <\/p>\n<p>            Gallerie Wyrd<\/p>\n<p>            Quoi ?<br \/>\n            Galerie-boutique        <\/p>\n<p>            o\u00f9 ?<br \/>\n            22 rue des Orphelins, \u00e0 Strasbourg        <\/p>\n<p>                Plus d&rsquo;infos ?<\/p>\n<p><a href=\"https:\/\/galerie-wyrd.com\/\" target=\"_blank\" rel=\"noopener\">Le site web<\/a><\/p>\n<p><a href=\"https:\/\/www.instagram.com\/wyrd.strasbourg\/\" target=\"_blank\" rel=\"noopener\">La page Instagram de Wyrd<\/a><\/p>\n<p><a href=\"https:\/\/www.instagram.com\/lidwinelavergne\/\" target=\"_blank\" rel=\"noopener\">La page Instagram de Lidwine<\/a><\/p>\n<p>                <img width=\"750\" height=\"500\" src=\"https:\/\/www.europesays.com\/fr\/wp-content\/uploads\/2025\/04\/galerie-wyrd-25-750x500.jpg\" class=\"attachment-gallery size-gallery\" alt=\"Galerie Wyrd (25)\" data-full-url=\"https:\/\/pokaa.fr\/wp-content\/uploads\/2025\/04\/01\/galerie-wyrd-25.jpg\" decoding=\"async\" loading=\"lazy\"  \/>            <\/p>\n<p>                <img width=\"750\" height=\"500\" src=\"https:\/\/www.europesays.com\/fr\/wp-content\/uploads\/2025\/04\/galerie-wyrd-17-750x500.jpg\" class=\"attachment-gallery size-gallery\" alt=\"Galerie Wyrd (17)\" data-full-url=\"https:\/\/pokaa.fr\/wp-content\/uploads\/2025\/04\/01\/galerie-wyrd-17.jpg\" decoding=\"async\" loading=\"lazy\"  \/>            <\/p>\n<p>                <img width=\"750\" height=\"500\" src=\"https:\/\/www.europesays.com\/fr\/wp-content\/uploads\/2025\/04\/galerie-wyrd-16-750x500.jpg\" class=\"attachment-gallery size-gallery\" alt=\"Galerie Wyrd (16)\" data-full-url=\"https:\/\/pokaa.fr\/wp-content\/uploads\/2025\/04\/01\/galerie-wyrd-16.jpg\" decoding=\"async\" loading=\"lazy\"  \/>            <\/p>\n<p>                <img width=\"750\" height=\"500\" src=\"https:\/\/www.europesays.com\/fr\/wp-content\/uploads\/2025\/04\/galerie-wyrd-66-750x500.jpg\" class=\"attachment-gallery size-gallery\" alt=\"Galerie Wyrd (66)\" data-full-url=\"https:\/\/pokaa.fr\/wp-content\/uploads\/2025\/04\/01\/galerie-wyrd-66.jpg\" decoding=\"async\" loading=\"lazy\"  \/>            <\/p>\n<p>                <img width=\"750\" height=\"500\" src=\"https:\/\/www.europesays.com\/fr\/wp-content\/uploads\/2025\/04\/galerie-wyrd-56-750x500.jpg\" class=\"attachment-gallery size-gallery\" alt=\"Galerie Wyrd (56) Alexane Magnin\" data-full-url=\"https:\/\/pokaa.fr\/wp-content\/uploads\/2025\/04\/01\/galerie-wyrd-56.jpg\" decoding=\"async\" loading=\"lazy\"  \/>            <\/p>\n<p>                <img width=\"750\" height=\"500\" src=\"https:\/\/www.europesays.com\/fr\/wp-content\/uploads\/2025\/04\/galerie-wyrd-55-750x500.jpg\" class=\"attachment-gallery size-gallery\" alt=\"Galerie Wyrd (55)\" data-full-url=\"https:\/\/pokaa.fr\/wp-content\/uploads\/2025\/04\/01\/galerie-wyrd-55.jpg\" decoding=\"async\" loading=\"lazy\"  \/>            <\/p>\n<p>                <img width=\"750\" height=\"500\" src=\"https:\/\/www.europesays.com\/fr\/wp-content\/uploads\/2025\/04\/galerie-wyrd-54-750x500.jpg\" class=\"attachment-gallery size-gallery\" alt=\"Galerie Wyrd (54)\" data-full-url=\"https:\/\/pokaa.fr\/wp-content\/uploads\/2025\/04\/01\/galerie-wyrd-54.jpg\" decoding=\"async\" loading=\"lazy\"  \/>            <\/p>\n<p>                <img width=\"750\" height=\"500\" src=\"https:\/\/www.europesays.com\/fr\/wp-content\/uploads\/2025\/04\/galerie-wyrd-53-750x500.jpg\" class=\"attachment-gallery size-gallery\" alt=\"Galerie Wyrd (53)\" data-full-url=\"https:\/\/pokaa.fr\/wp-content\/uploads\/2025\/04\/01\/galerie-wyrd-53.jpg\" decoding=\"async\" loading=\"lazy\"  \/>            <\/p>\n<p>                <img width=\"750\" height=\"500\" src=\"https:\/\/www.europesays.com\/fr\/wp-content\/uploads\/2025\/04\/galerie-wyrd-58-750x500.jpg\" class=\"attachment-gallery size-gallery\" alt=\"Galerie Wyrd (58)\" data-full-url=\"https:\/\/pokaa.fr\/wp-content\/uploads\/2025\/04\/01\/galerie-wyrd-58.jpg\" decoding=\"async\" loading=\"lazy\"  \/>            <\/p>\n<p>                    2. et 3. Julia Le Corre, 3. Lidwine Lavergne, 6. et 7. Alexiane Magnin, 8. Emma Moris on, 9. Amande bleue, Ninaoy, Lea Coiffey. \u00a9 Marie Goehner-David \/ Pokaa<\/p>\n<p><script async src=\"\/\/www.instagram.com\/embed.js\"><\/script><\/p>\n","protected":false},"excerpt":{"rendered":"Peut-\u00eatre \u00eates-vous d\u00e9j\u00e0 pass\u00e9(e)s devant, en vous baladant entre la place d\u2019Austerlitz et la place de Zurich, \u00e0&hellip;\n","protected":false},"author":2,"featured_media":30385,"comment_status":"","ping_status":"","sticky":false,"template":"","format":"standard","meta":{"footnotes":""},"categories":[2820],"tags":[1111,11,3734,1477,1777,674,3293,1011,27,10486,775,12,25,640,10487],"class_list":{"0":"post-30384","1":"post","2":"type-post","3":"status-publish","4":"format-standard","5":"has-post-thumbnail","7":"category-strasbourg","8":"tag-actu","9":"tag-actualites","10":"tag-art","11":"tag-artisanat","12":"tag-eu","13":"tag-europe","14":"tag-exposition","15":"tag-fr","16":"tag-france","17":"tag-galerie","18":"tag-grand-est","19":"tag-news","20":"tag-republique-francaise","21":"tag-strasbourg","22":"tag-wyrd"},"share_on_mastodon":{"url":"https:\/\/pubeurope.com\/@fr\/114350551584557210","error":""},"_links":{"self":[{"href":"https:\/\/www.europesays.com\/fr\/wp-json\/wp\/v2\/posts\/30384","targetHints":{"allow":["GET"]}}],"collection":[{"href":"https:\/\/www.europesays.com\/fr\/wp-json\/wp\/v2\/posts"}],"about":[{"href":"https:\/\/www.europesays.com\/fr\/wp-json\/wp\/v2\/types\/post"}],"author":[{"embeddable":true,"href":"https:\/\/www.europesays.com\/fr\/wp-json\/wp\/v2\/users\/2"}],"replies":[{"embeddable":true,"href":"https:\/\/www.europesays.com\/fr\/wp-json\/wp\/v2\/comments?post=30384"}],"version-history":[{"count":0,"href":"https:\/\/www.europesays.com\/fr\/wp-json\/wp\/v2\/posts\/30384\/revisions"}],"wp:featuredmedia":[{"embeddable":true,"href":"https:\/\/www.europesays.com\/fr\/wp-json\/wp\/v2\/media\/30385"}],"wp:attachment":[{"href":"https:\/\/www.europesays.com\/fr\/wp-json\/wp\/v2\/media?parent=30384"}],"wp:term":[{"taxonomy":"category","embeddable":true,"href":"https:\/\/www.europesays.com\/fr\/wp-json\/wp\/v2\/categories?post=30384"},{"taxonomy":"post_tag","embeddable":true,"href":"https:\/\/www.europesays.com\/fr\/wp-json\/wp\/v2\/tags?post=30384"}],"curies":[{"name":"wp","href":"https:\/\/api.w.org\/{rel}","templated":true}]}}