{"id":303840,"date":"2025-08-07T23:35:17","date_gmt":"2025-08-07T23:35:17","guid":{"rendered":"https:\/\/www.europesays.com\/fr\/303840\/"},"modified":"2025-08-07T23:35:17","modified_gmt":"2025-08-07T23:35:17","slug":"guer-concours-photos-de-lutl-deux-nouvelles-photos-selectionnees","status":"publish","type":"post","link":"https:\/\/www.europesays.com\/fr\/303840\/","title":{"rendered":"Guer. Concours photos de l&rsquo;UTL : deux nouvelles photos s\u00e9lectionn\u00e9es"},"content":{"rendered":"<p class=\"main-default-container__main-cat\"><a href=\"https:\/\/www.lesinfosdupaysgallo.com\/category\/oust-a-broceliande\/\" rel=\"nofollow noopener\" target=\"_blank\">Oust \u00e0 Broc\u00e9liande<\/a><\/p>\n<p class=\"main-default-container__date\">Publi\u00e9 le 6 ao\u00fbt 2025<\/p>\n<p><img loading=\"lazy\" decoding=\"async\" width=\"820\" height=\"615\" src=\"https:\/\/www.europesays.com\/fr\/wp-content\/uploads\/2025\/08\/IMG_6655-820x615.jpeg\" alt=\"\" class=\"wp-image-237062\"  \/><\/p>\n<p>Apr\u00e8s la d\u00e9couverte de l\u2019ind\u00e9licatesse commise par Michel blanchard, le laur\u00e9at du concours photo de l\u2019UTL qui a pr\u00e9sent\u00e9 une photo dont il n\u2019\u00e9tait pas l\u2019auteur (<a href=\"https:\/\/www.lesinfosdupaysgallo.com\/2025\/07\/31\/guer-lincroyable-bourde-du-laureat-du-concours-photo-de-lutl\/\" rel=\"nofollow noopener\" target=\"_blank\"><strong>voir notre article en cliquant ici<\/strong>)<\/a>, les deux clich\u00e9s pr\u00e9sent\u00e9s par ce dernier ont \u00e9t\u00e9 retir\u00e9s du concours. Les diff\u00e9rentes parties prenantes de ce concours se sont r\u00e9unies ce mercredi matin pour faire le point sur cette situation. A la suite de cette r\u00e9union, Ren\u00e9 Carletto, le pr\u00e9sident de l\u2019UTL nous adresse le communiqu\u00e9 suivant :<\/p>\n<p>\u00ab\u00a0Le bureau de l\u2019UTL du Pays de Guer remercie la personne qui a soulev\u00e9 l\u2019interrogation sur la photo\u00a01 du concours \u201cadulte\u201d. Cela a permis de rectifier une erreur grave sur cette exposition qui restera \u00e0 la vue de tous pendant une ann\u00e9e sur la \u201cvoie verte\u201d.<\/p>\n<p>Un second jury s\u2019est r\u00e9uni le 6\u00a0ao\u00fbt et a s\u00e9lectionn\u00e9 deux nouvelles photographies qui viendront prendre place sur la nouvelle s\u00e9rie \u201cadulte\u201d. Celle-ci sera affich\u00e9e d\u00e8s que le travail technique des photographes et imprimeurs sera termin\u00e9 apr\u00e8s le 19\u00a0ao\u00fbt 2025.<\/p>\n<p>Les deux laur\u00e9ats retenus sont Mme Bochet-Jallet Nicole, de Paimpont, avec \u201cl\u2019abbaye de Paimpont\u201d et M. Philippe Bardy, de Beignon, avec \u201cLe four \u00e0 pain\u201d.<\/p>\n<p>Merci \u00e0 celles et ceux qui se sont vraiment engag\u00e9s avec enthousiasme et gentillesse dans cette aventure aux c\u00f4t\u00e9s des organisateurs.\u2009\u00a0\u00bb<\/p>\n<p>Voici ces deux photos :<\/p>\n<p><img loading=\"lazy\" decoding=\"async\" width=\"820\" height=\"574\" src=\"https:\/\/www.europesays.com\/fr\/wp-content\/uploads\/2025\/08\/Capture-decran-2025-08-06-a-17.00.54-820x574.png\" alt=\"\" class=\"wp-image-237049\"  \/><\/p>\n<p><img loading=\"lazy\" decoding=\"async\" width=\"820\" height=\"361\" src=\"https:\/\/www.europesays.com\/fr\/wp-content\/uploads\/2025\/08\/Capture-decran-2025-08-06-a-16.59.53-820x361.png\" alt=\"\" class=\"wp-image-237050\"  \/><\/p>\n<p>Le nouveau palmar\u00e8s de la cat\u00e9gorie adultes est donc le suivant :<br \/>1 \u2013 G\u00e9rard Sommier \u2013 Pierres droites<br \/>2 \u2013 Jacques Isnard \u2013 Corps<br \/>3 \u2013 G\u00e9rard Sommier \u2013 Ch\u00e2teau du bois du Loup<br \/>4 \u2013 Bochet-Jallet Nicole, \u2013 L\u2019abbaye de Paimpont<\/p>\n<p>5-Philippe Bardy \u2013 \u201cLe four \u00e0 pain\u201d.<\/p>\n","protected":false},"excerpt":{"rendered":"Oust \u00e0 Broc\u00e9liande Publi\u00e9 le 6 ao\u00fbt 2025 Apr\u00e8s la d\u00e9couverte de l\u2019ind\u00e9licatesse commise par Michel blanchard, le&hellip;\n","protected":false},"author":2,"featured_media":303841,"comment_status":"","ping_status":"","sticky":false,"template":"","format":"standard","meta":{"footnotes":""},"categories":[1358],"tags":[1348,1384,1385,1386,58,59,1011,27],"class_list":{"0":"post-303840","1":"post","2":"type-post","3":"status-publish","4":"format-standard","5":"has-post-thumbnail","7":"category-arts-et-design","8":"tag-arts","9":"tag-arts-and-design","10":"tag-arts-et-design","11":"tag-design","12":"tag-divertissement","13":"tag-entertainment","14":"tag-fr","15":"tag-france"},"share_on_mastodon":{"url":"https:\/\/pubeurope.com\/@fr\/114990109672222879","error":""},"_links":{"self":[{"href":"https:\/\/www.europesays.com\/fr\/wp-json\/wp\/v2\/posts\/303840","targetHints":{"allow":["GET"]}}],"collection":[{"href":"https:\/\/www.europesays.com\/fr\/wp-json\/wp\/v2\/posts"}],"about":[{"href":"https:\/\/www.europesays.com\/fr\/wp-json\/wp\/v2\/types\/post"}],"author":[{"embeddable":true,"href":"https:\/\/www.europesays.com\/fr\/wp-json\/wp\/v2\/users\/2"}],"replies":[{"embeddable":true,"href":"https:\/\/www.europesays.com\/fr\/wp-json\/wp\/v2\/comments?post=303840"}],"version-history":[{"count":0,"href":"https:\/\/www.europesays.com\/fr\/wp-json\/wp\/v2\/posts\/303840\/revisions"}],"wp:featuredmedia":[{"embeddable":true,"href":"https:\/\/www.europesays.com\/fr\/wp-json\/wp\/v2\/media\/303841"}],"wp:attachment":[{"href":"https:\/\/www.europesays.com\/fr\/wp-json\/wp\/v2\/media?parent=303840"}],"wp:term":[{"taxonomy":"category","embeddable":true,"href":"https:\/\/www.europesays.com\/fr\/wp-json\/wp\/v2\/categories?post=303840"},{"taxonomy":"post_tag","embeddable":true,"href":"https:\/\/www.europesays.com\/fr\/wp-json\/wp\/v2\/tags?post=303840"}],"curies":[{"name":"wp","href":"https:\/\/api.w.org\/{rel}","templated":true}]}}