{"id":303842,"date":"2025-08-07T23:36:09","date_gmt":"2025-08-07T23:36:09","guid":{"rendered":"https:\/\/www.europesays.com\/fr\/303842\/"},"modified":"2025-08-07T23:36:09","modified_gmt":"2025-08-07T23:36:09","slug":"le-roman-deric-chacour-prime-par-le-tout-jeune-prix-de-la-genette-cree-a-la-romieu-par-un-club-de-lecture","status":"publish","type":"post","link":"https:\/\/www.europesays.com\/fr\/303842\/","title":{"rendered":"Le roman d\u2019Eric Chacour prim\u00e9 par le tout jeune Prix de la Genette cr\u00e9\u00e9 \u00e0 La Romieu par un club de lecture"},"content":{"rendered":"<p>\u00ab\u00a0Ce que je sais de toi\u00a0\u00bb, d\u2019Eric Chacour, a remport\u00e9 le Prix de la Genette. C\u2019est l\u2019histoire, situ\u00e9e au Caire des ann\u00e9es 60, d\u2019un jeune gar\u00e7on dont l\u2019avenir semble tout trac\u00e9, jusqu\u2019au jour o\u00f9 une passion interdite bouleverse ses certitudes. \u00ab\u00a0Avec subtilit\u00e9 et \u00e9motion, l\u2019auteur explore les limites impos\u00e9es par la soci\u00e9t\u00e9, les secrets familiaux, les non-dits. Un roman tendre, tragique et singulier. Bouleversant !\u00a0\u00bb, commente Dominique Jacques, membre assidue du club de lecture du village.<\/p>\n<p>Le club est n\u00e9 au printemps, port\u00e9 par Anne-Marie Pardiac et soutenu par Ingrid Rivet, patronne du caf\u00e9 librairie On va vers le beau. Une douzaine de lecteurs se sont r\u00e9unis r\u00e9guli\u00e8rement et ont cr\u00e9\u00e9 le Prix de la Genette, un nom choisi en r\u00e9f\u00e9rence \u00e0 un petit carnivore du Sud-Ouest : un clin d\u2019\u0153il au Prix de l\u2019Hermine, organis\u00e9 depuis plusieurs ann\u00e9es \u00e0 Nasbinals, autre village sur le chemin de Saint-Jacques-de-Compostelle.<\/p>\n<p>Apr\u00e8s avoir lu, d\u00e9battu et s\u00e9lectionn\u00e9 6 titres parmi une douzaine de livres r\u00e9cemment parus en poche, les membres du club ont propos\u00e9 leurs coups de c\u0153ur aux lecteurs du village ou de passage. Chacun pouvait lire, voter et \u00e9changer jusqu\u2019\u00e0 ce soir de juillet o\u00f9, autour d\u2019un verre et sous le soleil, les votes ont \u00e9t\u00e9 d\u00e9pouill\u00e9s. C\u2019est par un pl\u00e9biscite qu\u2019a ainsi \u00e9t\u00e9 \u00e9lu le laur\u00e9at du tout nouveau Prix de La Genette.<\/p>\n<p>Rendez-vous est d\u00e9j\u00e0 pris pour une nouvelle saison de lectures partag\u00e9es jeudi 25 septembre.<\/p>\n","protected":false},"excerpt":{"rendered":"\u00ab\u00a0Ce que je sais de toi\u00a0\u00bb, d\u2019Eric Chacour, a remport\u00e9 le Prix de la Genette. C\u2019est l\u2019histoire, situ\u00e9e&hellip;\n","protected":false},"author":2,"featured_media":303843,"comment_status":"","ping_status":"","sticky":false,"template":"","format":"standard","meta":{"footnotes":""},"categories":[1357],"tags":[1379,58,59,1011,27,1380],"class_list":{"0":"post-303842","1":"post","2":"type-post","3":"status-publish","4":"format-standard","5":"has-post-thumbnail","7":"category-livres","8":"tag-books","9":"tag-divertissement","10":"tag-entertainment","11":"tag-fr","12":"tag-france","13":"tag-livres"},"share_on_mastodon":{"url":"https:\/\/pubeurope.com\/@fr\/114990113284334431","error":""},"_links":{"self":[{"href":"https:\/\/www.europesays.com\/fr\/wp-json\/wp\/v2\/posts\/303842","targetHints":{"allow":["GET"]}}],"collection":[{"href":"https:\/\/www.europesays.com\/fr\/wp-json\/wp\/v2\/posts"}],"about":[{"href":"https:\/\/www.europesays.com\/fr\/wp-json\/wp\/v2\/types\/post"}],"author":[{"embeddable":true,"href":"https:\/\/www.europesays.com\/fr\/wp-json\/wp\/v2\/users\/2"}],"replies":[{"embeddable":true,"href":"https:\/\/www.europesays.com\/fr\/wp-json\/wp\/v2\/comments?post=303842"}],"version-history":[{"count":0,"href":"https:\/\/www.europesays.com\/fr\/wp-json\/wp\/v2\/posts\/303842\/revisions"}],"wp:featuredmedia":[{"embeddable":true,"href":"https:\/\/www.europesays.com\/fr\/wp-json\/wp\/v2\/media\/303843"}],"wp:attachment":[{"href":"https:\/\/www.europesays.com\/fr\/wp-json\/wp\/v2\/media?parent=303842"}],"wp:term":[{"taxonomy":"category","embeddable":true,"href":"https:\/\/www.europesays.com\/fr\/wp-json\/wp\/v2\/categories?post=303842"},{"taxonomy":"post_tag","embeddable":true,"href":"https:\/\/www.europesays.com\/fr\/wp-json\/wp\/v2\/tags?post=303842"}],"curies":[{"name":"wp","href":"https:\/\/api.w.org\/{rel}","templated":true}]}}