{"id":303844,"date":"2025-08-07T23:37:11","date_gmt":"2025-08-07T23:37:11","guid":{"rendered":"https:\/\/www.europesays.com\/fr\/303844\/"},"modified":"2025-08-07T23:37:11","modified_gmt":"2025-08-07T23:37:11","slug":"ethan-hazard-battu-en-finale-de-secret-story-belgique","status":"publish","type":"post","link":"https:\/\/www.europesays.com\/fr\/303844\/","title":{"rendered":"Ethan Hazard battu en finale de Secret Story &#8211; Belgique"},"content":{"rendered":"<p>Presque champion mon fr\u00e8re.<\/p>\n<p>Le nom Hazard ne sera pas inscrit au palmar\u00e8s de Secret Story. Entr\u00e9 dans la maison avec<strong> le secret \u00ab\u00a0Mon fr\u00e8re est une l\u00e9gende vivante du football\u00a0\u00bb<\/strong>, Ethan Hazard a vite \u00e9t\u00e9 d\u00e9masqu\u00e9. Cela ne l\u2019a pas emp\u00each\u00e9 d\u2019\u00eatre<strong> sauv\u00e9 maintes et maintes fois par le public<\/strong>. Calme, pas vraiment du genre \u00e0 gueuler pour rien, <strong>il a fait l\u2019unanimit\u00e9, chez les autres candidats comme chez les t\u00e9l\u00e9spectateurs<\/strong>. Apr\u00e8s deux mois d\u2019aventure, il a termin\u00e9 deuxi\u00e8me de cette <strong>13e saison de l\u2019\u00e9mission<\/strong>. Le titre est revenu \u00e0 Romy, candidate qui d\u00e9fendait le secret \u00ab\u202fJe suis un ph\u00e9nom\u00e8ne viral\u202f\u00bb en r\u00e9f\u00e9rence \u00e0 une vid\u00e9o qui avait fait le buzz il y a quelques ann\u00e9es.<\/p>\n<p>Il n\u2019y a pas eu photo puisqu\u2019il a obtenu<strong> 16% des voix<\/strong>, contre 72% pour la gagnante.\u00a0<strong>Les fr\u00e8res Hazard ont donc perdu deux finales cette ann\u00e9e<\/strong>, puisque Thorgan avait laiss\u00e9 filer celle de la Coupe de Belgique au printemps. Au moins, Ethan s\u2019\u00e9vitera un casse-t\u00eate : interrog\u00e9 par Christophe Beaugrand sur ce qu\u2019il comptait faire de son ch\u00e8que de 100 000 euros en cas de victoire, il a r\u00e9pondu qu\u2019il ne saurait pas vraiment comment utiliser cet argent, \u00e0 part pour \u00ab\u202fkiffer un peu\u202f\u00bb et g\u00e2ter sa famille.<\/p>\n<p>Un probl\u00e8me de moins \u00e0 g\u00e9rer.<\/p>\n<p>\t\t\t\t\t\t\t\t\t\t<a class=\"lien-connexe\" href=\"https:\/\/www.sofoot.com\/breves\/eden-hazard-present-au-tour-de-france-pour-soutenir-remco-evenepoel\" rel=\"nofollow noopener\" target=\"_blank\">Eden Hazard se pointe au Tour de France pour soutenir un compatriote<\/a>\t\t\t\t\t<\/p>\n","protected":false},"excerpt":{"rendered":"Presque champion mon fr\u00e8re. Le nom Hazard ne sera pas inscrit au palmar\u00e8s de Secret Story. Entr\u00e9 dans&hellip;\n","protected":false},"author":2,"featured_media":303845,"comment_status":"","ping_status":"","sticky":false,"template":"","format":"standard","meta":{"footnotes":""},"categories":[1356],"tags":[47,61,69,65,58,59,64,63,1011,27,68,66,62,70,67,252,1364],"class_list":{"0":"post-303844","1":"post","2":"type-post","3":"status-publish","4":"format-standard","5":"has-post-thumbnail","7":"category-television","8":"tag-actualite","9":"tag-actus-football","10":"tag-bundesliga","11":"tag-championnats-europeens","12":"tag-divertissement","13":"tag-entertainment","14":"tag-equipe-de-france","15":"tag-football","16":"tag-fr","17":"tag-france","18":"tag-ligua","19":"tag-ligue-1","20":"tag-news-foot","21":"tag-premier-league","22":"tag-serie-a","23":"tag-television","24":"tag-tv"},"share_on_mastodon":{"url":"https:\/\/pubeurope.com\/@fr\/114990117251517219","error":""},"_links":{"self":[{"href":"https:\/\/www.europesays.com\/fr\/wp-json\/wp\/v2\/posts\/303844","targetHints":{"allow":["GET"]}}],"collection":[{"href":"https:\/\/www.europesays.com\/fr\/wp-json\/wp\/v2\/posts"}],"about":[{"href":"https:\/\/www.europesays.com\/fr\/wp-json\/wp\/v2\/types\/post"}],"author":[{"embeddable":true,"href":"https:\/\/www.europesays.com\/fr\/wp-json\/wp\/v2\/users\/2"}],"replies":[{"embeddable":true,"href":"https:\/\/www.europesays.com\/fr\/wp-json\/wp\/v2\/comments?post=303844"}],"version-history":[{"count":0,"href":"https:\/\/www.europesays.com\/fr\/wp-json\/wp\/v2\/posts\/303844\/revisions"}],"wp:featuredmedia":[{"embeddable":true,"href":"https:\/\/www.europesays.com\/fr\/wp-json\/wp\/v2\/media\/303845"}],"wp:attachment":[{"href":"https:\/\/www.europesays.com\/fr\/wp-json\/wp\/v2\/media?parent=303844"}],"wp:term":[{"taxonomy":"category","embeddable":true,"href":"https:\/\/www.europesays.com\/fr\/wp-json\/wp\/v2\/categories?post=303844"},{"taxonomy":"post_tag","embeddable":true,"href":"https:\/\/www.europesays.com\/fr\/wp-json\/wp\/v2\/tags?post=303844"}],"curies":[{"name":"wp","href":"https:\/\/api.w.org\/{rel}","templated":true}]}}